{"id":584288,"date":"2026-06-02T14:02:21","date_gmt":"2026-06-02T14:02:21","guid":{"rendered":"https:\/\/www.europesays.com\/es\/584288\/"},"modified":"2026-06-02T14:02:21","modified_gmt":"2026-06-02T14:02:21","slug":"la-feria-de-alcala-comienza-manana-con-el-encendido-del-alumbrado","status":"publish","type":"post","link":"https:\/\/www.europesays.com\/es\/584288\/","title":{"rendered":"La Feria de Alcal\u00e1 comienza ma\u00f1ana con el encendido del alumbrado"},"content":{"rendered":"<p> Alcal\u00e1 de Guada\u00edra abre la portada de su Feria rodeada de los Pinares de Oromana, entre la fuente de Santa Luc\u00eda y el r\u00edo Guada\u00edra, del 4 al 7 de junio.\n <\/p>\n<p><b>Encendido de la Feria 2026<\/b>\n <\/p>\n<p> Como manda la tradici\u00f3n, el encendido de la Feria en el recinto de San Juan vendr\u00e1 precedido de un pasacalles infantil a partir de las 20:00h y gran desfile musical. La Corporaci\u00f3n Municipal con al alcaldesa Ana Isabel Jim\u00e9nez al frente, acompa\u00f1ada del presidente de la Asociaci\u00f3n de Caseteros, el pregonero y el cartelista, aguardar\u00e1n en junto a la Portada para la prueba del encendido, a las 00:00 horas.\n <\/p>\n<p> La alcaldesa accionar\u00e1 el mecanismo del encendido desde una pieza t\u00edpica de pan de Alcal\u00e1 y m\u00e1s de 200.000 luminarias (100% de tecnolog\u00eda led) dar\u00e1n luz a la Feria 2026. Seguir\u00e1n la interpretaci\u00f3n de himnos, traca de fuegos y brindis inaugural en la Caseta Municipal para una posterior visita de las autoridades a las casetas de servicios de las fuerzas y cuerpos de prevenci\u00f3n y seguridad.\n <\/p>\n<p> <b>La Feria 2026<\/b>\n <\/p>\n<p> Habr\u00e1 89 casetas, y se supera la treintena de atracciones mec\u00e1nicas. En total, entre atracciones mec\u00e1nicas y los puestos en la calle Seguidilla, Portada y Tren de los Panaderos ser\u00e1n un total de 126.\u00a0\n <\/p>\n<p> La Feria volver\u00e1 a contar\u00e1 este a\u00f1o con dos tardes sin sonido en la calle del infierno haci\u00e9ndose eco de esta sensibilidad para que las personas con trastorno del espectro autista puedan disfrutar de las atracciones, concretamente el jueves 4 de junio y viernes 5 de junio de 17.00 a 21.00 horas. Igualmente, se mantiene el \u2018D\u00eda del Ni\u00f1o\u2019 el mi\u00e9rcoles 3 de junio con precios m\u00e1s econ\u00f3micos para los cacharritos. El concurso de casetas se celebrar\u00e1 el jueves a mediod\u00eda entregando los premios a las casetas ganadoras a primera hora de la tarde de ese d\u00eda en la Caseta Municipal.\u00a0\n <\/p>\n<p> En cuanto al operativo de tr\u00e1fico, se mantienen las v\u00edas de evacuaci\u00f3n por el inicio de Tren de los Panaderos y San Juan, y la organizaci\u00f3n de los 3 aparcamientos para turismos y el cuarto para motocicletas. En relaci\u00f3n a los transportes p\u00fablicos, se sigue en la misma l\u00ednea de las paradas de taxis y de servicios de autob\u00fas urbano, adem\u00e1s de la lanzadera desde el P2 hasta la rotonda junto al colegio Reina Fabiola. Este a\u00f1o, tambi\u00e9n como novedad, se habilitan autobuses desde el distrito Centro \u2013 Oeste y desde los distritos Norte y Sur hacia la Feria gratuitos con frecuencia de paso cada 15 minutos y con paradas exclusivas para ello.\u00a0\n <\/p>\n<p> Para mayor seguridad de caseteros y feriantes en el per\u00edmetro del recinto se repite el vallado y el servicio de vigilancia por el real. A todos los caseteros y feriantes se les entrega y recuerda la ordenanza municipal de Feria, para una mejor convivencia y mayor lucimiento de la fiesta, que recoge desde la hora de cierre de la m\u00fasica en las casetas (5 horas de la ma\u00f1ana), al mantenimiento expedito de las v\u00edas de emergencias del propio recinto, la prohibici\u00f3n de verter agua a acercados, calzada, etc\u00e9tera, junto a las generales de prohibici\u00f3n de venta ambulante por el recinto o de macetas de combinados de alcohol, entre otras cuestiones que ser\u00e1n vigilados por las fuerzas de seguridad. El recinto ferial contar\u00e1 con m\u00e1s c\u00e1maras de seguridad y m\u00e1s puntos de luz en la zona de los cacharritos y aparcamientos.\u00a0\u00a0\n <\/p>\n<p> Igualmente, se dispondr\u00e1 en la zona de la Harinera, junto al punto sanitario, un espacio habilitado como cambiador para las personas con necesidades especiales. Asimismo, se volver\u00e1 a disponer de un Punto Violeta, situado junto a la Polic\u00eda Local para asesorar y atender sobre la violencia de g\u00e9nero.\u00a0\n <\/p>\n<p> La Feria de 2026 culminar\u00e1 el domingo d\u00eda 7 de junio con un espect\u00e1culo piro- musical donde se mezclar\u00e1n los fuegos tradicionales y la m\u00fasica m\u00e1s actual, que tendr\u00e1 lugar a las 23:00 h.\u00a0\n <\/p>\n<p> M\u00e1s informaci\u00f3n de accesos, aparcamientos, transportes p\u00fablicos, operativo de seguridad, dispositivo de limpieza, servicios sanitarios, Ni\u00f1o Perdido, Punto Violeta, Informaci\u00f3n Tur\u00edstica.. <a href=\"https:\/\/correo.alcalaguadaira.org\/fmlurlsvc\/?fewReq=:B:JVMxOjw6MS19NjklOy1ibzY7OjE7Oi14Ymxlan9+eW42aj07bzk9PD9qPD8+Pjk8PThvPjwyOj0\/PT8\/OjhoPDltbT8ybjs7PC1\/Njo8Mzs4Mjw5MzItemJvNj0+OUpmM0ZDOzo8OT48Jj0+OUpmM0ZBOzo8OT48LXloe382bGppYmVuf25vbmhkZn5lYmhqaGJkZUtqZ2hqZ2psfmpvamJ5aiVkeWwtaDY+Oi1jb2c2Ow==&amp;url=http%3A%2F%2Fwww.alcaladeguadaira.es\" class=\"western\" target=\"_blank\" rel=\"nofollow noopener\">www.alcaladeguadaira.es<\/a>\n <\/p>\n","protected":false},"excerpt":{"rendered":"Alcal\u00e1 de Guada\u00edra abre la portada de su Feria rodeada de los Pinares de Oromana, entre la fuente&hellip;\n","protected":false},"author":2,"featured_media":584289,"comment_status":"","ping_status":"","sticky":false,"template":"","format":"standard","meta":{"footnotes":""},"categories":[5],"tags":[24471,24470,24478,24469,1250,17,18,777,209,24474,168,24489,2026,24491,24480,25,24,13,14,24488,24487,24490,24492,24473,11,2178,3624,15235,891,6850,19,20,6688,24483,24054,24497,4044,24493,9,10,15,16,24477,24482,24415,24472,12365,24496,1922,24485,24481,24479,24475,24484,19497,24486,1171,23,24494,12,24476,4664,21,22,24495],"class_list":["post-584288","post","type-post","status-publish","format-standard","has-post-thumbnail","category-titulares","tag-accesibilidad","tag-administracion-electronica","tag-agenda-de-actividades","tag-alcala-de-guadaira","tag-ayuntamiento","tag-breaking-news","tag-breakingnews","tag-ciudad","tag-cultura","tag-datos-abiertos","tag-deportes","tag-desarrollo-economico","tag-educacion","tag-edusi","tag-equipamientos","tag-es","tag-espana","tag-featured-news","tag-featurednews","tag-feria-de-alcala","tag-fiestas-mayores","tag-formacion-y-empleo","tag-gestion-tributaria","tag-gobierno-abierto","tag-headlines","tag-igualdad","tag-infancia","tag-infraestructura","tag-inmigrantes","tag-juventud","tag-latest-news","tag-latestnews","tag-medio-ambiente","tag-molinos","tag-movilidad-urbana","tag-movilidad-y-transporte","tag-mujeres","tag-museo-de-alcala","tag-news","tag-noticias","tag-noticias-destacadas","tag-noticiasdestacadas","tag-oferta-de-empleo","tag-oromana","tag-participacion-ciudadana","tag-personas-con-discapacidad","tag-personas-mayores","tag-punto-limpio","tag-redes-sociales","tag-secretaria","tag-sede-electronica","tag-servicio-de-quejas-y-sugerencias","tag-servicios-destacados","tag-servicios-municipales","tag-servicios-sociales","tag-servicios-urbanos","tag-sevilla","tag-spain","tag-teatro-auditorio-riberas-del-guadaira","tag-titulares","tag-tramites-y-servicios","tag-turismo","tag-ultimas-noticias","tag-ultimasnoticias","tag-universidad-popular"],"share_on_mastodon":{"url":"","error":"Validation failed: Text character limit of 500 exceeded"},"_links":{"self":[{"href":"https:\/\/www.europesays.com\/es\/wp-json\/wp\/v2\/posts\/584288","targetHints":{"allow":["GET"]}}],"collection":[{"href":"https:\/\/www.europesays.com\/es\/wp-json\/wp\/v2\/posts"}],"about":[{"href":"https:\/\/www.europesays.com\/es\/wp-json\/wp\/v2\/types\/post"}],"author":[{"embeddable":true,"href":"https:\/\/www.europesays.com\/es\/wp-json\/wp\/v2\/users\/2"}],"replies":[{"embeddable":true,"href":"https:\/\/www.europesays.com\/es\/wp-json\/wp\/v2\/comments?post=584288"}],"version-history":[{"count":0,"href":"https:\/\/www.europesays.com\/es\/wp-json\/wp\/v2\/posts\/584288\/revisions"}],"wp:featuredmedia":[{"embeddable":true,"href":"https:\/\/www.europesays.com\/es\/wp-json\/wp\/v2\/media\/584289"}],"wp:attachment":[{"href":"https:\/\/www.europesays.com\/es\/wp-json\/wp\/v2\/media?parent=584288"}],"wp:term":[{"taxonomy":"category","embeddable":true,"href":"https:\/\/www.europesays.com\/es\/wp-json\/wp\/v2\/categories?post=584288"},{"taxonomy":"post_tag","embeddable":true,"href":"https:\/\/www.europesays.com\/es\/wp-json\/wp\/v2\/tags?post=584288"}],"curies":[{"name":"wp","href":"https:\/\/api.w.org\/{rel}","templated":true}]}}