{"id":584329,"date":"2026-06-02T14:34:12","date_gmt":"2026-06-02T14:34:12","guid":{"rendered":"https:\/\/www.europesays.com\/es\/584329\/"},"modified":"2026-06-02T14:34:12","modified_gmt":"2026-06-02T14:34:12","slug":"comunicado-oficial-raul-turino-turi","status":"publish","type":"post","link":"https:\/\/www.europesays.com\/es\/584329\/","title":{"rendered":"COMUNICADO OFICIAL | Ra\u00fal Turi\u00f1o &#8216;Turi&#8217;"},"content":{"rendered":"<p style=\"text-align: justify;\"><strong>Unionistas de Salamanca CF<\/strong> y Ra\u00fal Turi\u00f1o<strong> \u2018Turi<\/strong>\u2018 <strong>separan<\/strong> <strong>sus caminos<\/strong> despu\u00e9s de <strong>diez temporadas<\/strong> de trabajo, dedicaci\u00f3n y compromiso con nuestro club.<\/p>\n<p style=\"text-align: justify;\">\u2018Turi\u2019 deja su puesto en la entidad por <strong>motivos<\/strong> <strong>personales<\/strong>, poniendo as\u00ed punto final a una etapa que comenz\u00f3 pr\u00e1cticamente en los primeros a\u00f1os de vida de Unionistas y en la que ha desempe\u00f1ado un <strong>papel fundamental <\/strong>dentro del \u00e1rea deportiva.<\/p>\n<p style=\"text-align: justify;\">Durante esta d\u00e9cada, ha ejercido como <strong>entrenador<\/strong> <strong>de porteros<\/strong>, contribuyendo al crecimiento y desarrollo de numerosos futbolistas que han defendido nuestra camiseta. Adem\u00e1s, en varias temporadas compagin\u00f3 esa labor con responsabilidades como la preparaci\u00f3n del <strong>bal\u00f3n<\/strong> <strong>parado<\/strong> y el <strong>an\u00e1lisis de los rivales<\/strong>, convirti\u00e9ndose en una pieza importante dentro de los diferentes cuerpos t\u00e9cnicos del club.<\/p>\n<p style=\"text-align: justify;\">Adem\u00e1s de su trabajo, \u2018Turi\u2019 ha sido una <strong>persona<\/strong> <strong>muy querida<\/strong> dentro de Unionistas por su implicaci\u00f3n, profesionalidad y compromiso con el proyecto.<\/p>\n<p style=\"text-align: justify;\">Desde Unionistas de Salamanca CF queremos <strong>agradecerle<\/strong> estos diez a\u00f1os de dedicaci\u00f3n al club y <strong>desearle la mayor de las suertes<\/strong> en esta nueva etapa personal y profesional.<\/p>\n","protected":false},"excerpt":{"rendered":"Unionistas de Salamanca CF y Ra\u00fal Turi\u00f1o \u2018Turi\u2018 separan sus caminos despu\u00e9s de diez temporadas de trabajo, dedicaci\u00f3n&hellip;\n","protected":false},"author":2,"featured_media":584330,"comment_status":"","ping_status":"","sticky":false,"template":"","format":"standard","meta":{"footnotes":""},"categories":[268],"tags":[168,25,24,280,282,111063,281,23,167,111064],"class_list":["post-584329","post","type-post","status-publish","format-standard","has-post-thumbnail","category-futbol","tag-deportes","tag-es","tag-espana","tag-football","tag-futbol","tag-raul-turino","tag-soccer","tag-spain","tag-sports","tag-turi"],"share_on_mastodon":{"url":"https:\/\/pubeurope.com\/@es\/116681013469793574","error":""},"_links":{"self":[{"href":"https:\/\/www.europesays.com\/es\/wp-json\/wp\/v2\/posts\/584329","targetHints":{"allow":["GET"]}}],"collection":[{"href":"https:\/\/www.europesays.com\/es\/wp-json\/wp\/v2\/posts"}],"about":[{"href":"https:\/\/www.europesays.com\/es\/wp-json\/wp\/v2\/types\/post"}],"author":[{"embeddable":true,"href":"https:\/\/www.europesays.com\/es\/wp-json\/wp\/v2\/users\/2"}],"replies":[{"embeddable":true,"href":"https:\/\/www.europesays.com\/es\/wp-json\/wp\/v2\/comments?post=584329"}],"version-history":[{"count":0,"href":"https:\/\/www.europesays.com\/es\/wp-json\/wp\/v2\/posts\/584329\/revisions"}],"wp:featuredmedia":[{"embeddable":true,"href":"https:\/\/www.europesays.com\/es\/wp-json\/wp\/v2\/media\/584330"}],"wp:attachment":[{"href":"https:\/\/www.europesays.com\/es\/wp-json\/wp\/v2\/media?parent=584329"}],"wp:term":[{"taxonomy":"category","embeddable":true,"href":"https:\/\/www.europesays.com\/es\/wp-json\/wp\/v2\/categories?post=584329"},{"taxonomy":"post_tag","embeddable":true,"href":"https:\/\/www.europesays.com\/es\/wp-json\/wp\/v2\/tags?post=584329"}],"curies":[{"name":"wp","href":"https:\/\/api.w.org\/{rel}","templated":true}]}}