{"id":584353,"date":"2026-06-02T14:48:17","date_gmt":"2026-06-02T14:48:17","guid":{"rendered":"https:\/\/www.europesays.com\/es\/584353\/"},"modified":"2026-06-02T14:48:17","modified_gmt":"2026-06-02T14:48:17","slug":"el-gobierno-impulsa-el-estatuto-marco-en-pleno-conflicto-entre-sanidad-y-los-medicos","status":"publish","type":"post","link":"https:\/\/www.europesays.com\/es\/584353\/","title":{"rendered":"El Gobierno impulsa el Estatuto Marco en pleno conflicto entre Sanidad y los m\u00e9dicos"},"content":{"rendered":"<p class=\"article-text\">\n        El Consejo de Ministros ha aprobado este martes el anteproyecto de Ley de Estatuto Marco del personal estatuario de los servicios de salud. Una norma que establece un \u201cmarco com\u00fan\u201d para todo el territorio y que ha <a href=\"https:\/\/www.eldiario.es\/sociedad\/sindicatos-medicos-mantienen-pulso-sanidad-huelga-decenas-protestas-pais_1_13182772.html\" target=\"_blank\" data-mrf-recirculation=\"links-noticia\" class=\"link\" rel=\"nofollow noopener\">soliviantado a los sindicatos m\u00e9dicos<\/a>, en pleno conflicto con la ministra de Sanidad, <a href=\"https:\/\/www.eldiario.es\/sociedad\/monica-garcia-acusa-sindicatos-medicos-deslealtad-negocia-cosa-rompe-salir-puerta_1_13167421.html\" target=\"_blank\" data-mrf-recirculation=\"links-noticia\" class=\"link\" rel=\"nofollow noopener\">M\u00f3nica Garc\u00eda<\/a>.\n    <\/p>\n<p>    <a href=\"https:\/\/www.eldiario.es\/sociedad\/monica-garcia-acusa-sindicatos-medicos-deslealtad-negocia-cosa-rompe-salir-puerta_1_13167421.html\" data-mrf-recirculation=\"saber-mas\" data-dl-event=\"saber-mas\" rel=\"nofollow noopener\" target=\"_blank\"><\/p>\n<p class=\"know-more__title\">M\u00f3nica Garcia acusa a los sindicatos m\u00e9dicos de deslealtad: \u201cSe negocia una cosa y se rompe al salir por la puerta\u201d<\/p>\n<p>            <img decoding=\"async\" class=\"lazy\" loading=\"lazy\" data-src=\"https:\/\/static.eldiario.es\/clip\/4a0abb6d-2dd2-4bbd-81fe-b3719691d0c9_16-9-aspect-ratio_default_0.jpg\" src=\"data:image\/svg+xml,%3Csvg xmlns=\" http:=\"\" viewbox=\"0 0 880 495\" alt=\"M\u00f3nica Garcia acusa a los sindicatos m\u00e9dicos de deslealtad: \u201cSe negocia una cosa y se rompe al salir por la puerta\u201d\"\/><\/p>\n<p>                        <\/a><\/p>\n<p class=\"article-text\">\n        \u201cEl Gobierno de Espa\u00f1a ha hecho su parte\u201d, ha se\u00f1alado la ministra portavoz, Elma Saiz, que ha mencionado \u201cmejoras hist\u00f3ricas\u201d. \u201cUna parte muy importante de las reivindicaciones que siguen plante\u00e1ndose no depende ya del Ministerio. Son las comunidades aut\u00f3nomas las que tienen competencias sobre salarios, servicios y condiciones de trabajo\u201d del personal sanitario, ha dicho.\n    <\/p>\n<p class=\"article-text\">\n        El Ministerio lleg\u00f3 a un acuerdo para la primera actualizaci\u00f3n del <a href=\"https:\/\/www.eldiario.es\/sociedad\/sanidad-firma-acuerdo-estatuto-marco-medicos-mantienen-convocatoria-huelga_1_12935649.html\" target=\"_blank\" data-mrf-recirculation=\"links-noticia\" class=\"link\" rel=\"nofollow noopener\">Estatuto Marco<\/a> en dos d\u00e9cadas con los sindicatos de la mesa general del \u00e1mbito \u2014CCOO, UGT, CSIF, Satse-FSES y Cig Sa\u00fade\u2014 en enero. Con el paso dado este martes por el Consejo de Ministros, el anteproyecto pasa a la fase de audiencia p\u00fablica, donde organizaciones y particulares pueden realizar aportaciones antes de su remisi\u00f3n al Congreso.\n    <\/p>\n<p class=\"article-text\">\n        El texto, indican desde Sanidad, limita las guardias \u201ca un m\u00e1ximo de 17 horas, siete menos que en la actualidad y sin perdida retributiva, mientras que la jornada m\u00e1xima semanal se reduce a 45 horas, por debajo del l\u00edmite de 48 establecido por la normativa europea\u201d. Adem\u00e1s, \u201crefuerza la estabilidad en el empleo con la convocatoria obligatoria de oposiciones cada dos a\u00f1os, introduce la figura del personal estatuario investigador y profesionaliza la gesti\u00f3n directiva mediante procesos p\u00fablicos y transparentes\u201d.\n    <\/p>\n<p class=\"article-text\">\n        El acuerdo entre los sindicatos de la mesa y Sanidad contempla tambi\u00e9n una compensaci\u00f3n de 20 d\u00edas de retribuciones fijas por a\u00f1o de servicio en los supuestos de abuso de temporalidad y limita a tres a\u00f1os el nombramiento de plazas vacantes en un sector donde <a href=\"https:\/\/www.eldiario.es\/sociedad\/mitad-trabajadores-sanidad-publica-espana-son-interinos_1_9857736.html\" target=\"_blank\" data-mrf-recirculation=\"links-noticia\" class=\"link\" rel=\"nofollow noopener\">la temporalidad ha estado a la orden del d\u00eda<\/a>.\n    <\/p>\n<p class=\"article-text\">\n        En el marco de la clasificaci\u00f3n profesional, el anteproyecto de ley se adapta al marco europeo, indican desde el departamento que dirige M\u00f3nica Garc\u00eda, al \u201cestructurar al personal en grupos atendiendo al nivel del t\u00edtulo exigido para el ingreso\u201d.\n    <\/p>\n<p class=\"article-text\">\n        El tr\u00e1mite llega en pleno conflicto con los sindicatos m\u00e9dicos, que no se sienten representados en la mesa general, elegida entre todos los trabajadores del Sistema Nacional de Salud \u2014tambi\u00e9n, pero no solo, los m\u00e9dicos\u2014.\n    <\/p>\n<p class=\"article-text\">\n        La Confederaci\u00f3n Espa\u00f1ola de Sindicatos M\u00e9dicos (CESM), el Sindicato M\u00e9dico Andaluz (SMA), Metges de Catalunya (MC), la Asociaci\u00f3n de M\u00e9dicos y Titulados Superiores de Madrid (AMYTS), el Sindicato M\u00e9dico de Euskadi (SME) y el Sindicato de Facultativos de Galicia Independientes (O\u2019MEGA) convocaron en enero un calendario de movilizaciones, que incluye una semana de huelga al mes, al menos, hasta junio. La quinta ser\u00e1 del pr\u00f3ximo d\u00eda 15 al 19.\n    <\/p>\n<p class=\"article-text\">\n        Este mismo lunes, el Comit\u00e9 de Huelga mantuvo un encuentro con el Ministerio, con los <a href=\"https:\/\/www.eldiario.es\/sociedad\/conflicto-sanidad-medicos-negociaciones-rotas-plena-huelga-solucion-vista_1_13230261.html\" target=\"_blank\" data-mrf-recirculation=\"links-noticia\" class=\"link\" rel=\"nofollow noopener\">puentes maltrechos<\/a>. \u201cSanidad no tiene intenci\u00f3n de desbloquear el conflicto, tras una nueva reuni\u00f3n que concluye sin propuestas\u201d, indicaron estos sindicatos en un comunicado en el que avanzaban la intenci\u00f3n del equipo de Garc\u00eda de \u201creunirse en los pr\u00f3ximos d\u00edas con el Consejo Interterritorial de Sistema Nacional de Salus para abordar posibles f\u00f3rmulas que permitan que m\u00e9dicos y facultativos tengan un \u00e1mbito propio de negociaci\u00f3n de sus condiciones laborales con la Administraci\u00f3n y, en esa l\u00ednea, clarificar qu\u00e9 competencias corresponden a Sanidad y cu\u00e1les a las comunidades aut\u00f3nomas para ver el margen de maniobra de cada uno\u201d.\n    <\/p>\n<p class=\"article-text\">\n        Los <a href=\"https:\/\/www.eldiario.es\/sociedad\/medicos-territorios-renuncian-horas-extra-rebajan-listas-espera_1_13256563.html\" target=\"_blank\" data-mrf-recirculation=\"links-noticia\" class=\"link\" rel=\"nofollow noopener\">sindicatos m\u00e9dicos<\/a> tienen tambi\u00e9n convocadas huelgas coincidentes con algunas comunidades aut\u00f3nomas, quienes tienen transferidas buena parte de las competencias en sanidad.\n    <\/p>\n<p class=\"article-text\">\n        Tras la aprobaci\u00f3n en el Consejo de Ministros de este martes del Estatuto Marco, desde Sanidad recuerdan que, \u201ca partir de este marco b\u00e1sico, las comunidades aut\u00f3nomas deber\u00e1n desarrollar y adaptar estas medidas a sus respectivos servicios de salud mediante sus pol\u00edticas de recursos humanos y procesos de negociaci\u00f3n\u201d. En el caso de las medidas organizativas en materia de jornada, dan un plazo de cinco a\u00f1os.\n    <\/p>\n<p>    <a href=\"https:\/\/www.eldiario.es\/sociedad\/medicos-territorios-renuncian-horas-extra-rebajan-listas-espera_1_13256563.html\" data-mrf-recirculation=\"saber-mas-abajo\" data-dl-event=\"saber-mas-abajo\" rel=\"nofollow noopener\" target=\"_blank\"><\/p>\n<p class=\"know-more__title\">M\u00e9dicos de varias comunidades renuncian a hacer las horas extra con las que se rebajan las listas de espera\n<\/p>\n<p>            <img decoding=\"async\" class=\"lazy\" loading=\"lazy\" data-src=\"https:\/\/static.eldiario.es\/clip\/750701ff-a6af-44ac-9121-21bd53d44046_16-9-aspect-ratio_default_0.jpg\" src=\"data:image\/svg+xml,%3Csvg xmlns=\" http:=\"\" viewbox=\"0 0 880 495\" alt=\"M\u00e9dicos de varias comunidades renuncian a hacer las horas extra con las que se rebajan las listas de espera\"\/><\/p>\n<p>                        <\/a><\/p>\n<p class=\"article-text\">\n        El Comit\u00e9 de Huelga ha insisto en los \u00faltimos d\u00edas en que sus reivindicaciones \u201csiguen centr\u00e1ndose en un Estatuto y un \u00e1mbito de negociaci\u00f3n propios, una clasificaci\u00f3n profesional diferenciada y una jornada laboral justa\u201d, que incluya la implantaci\u00f3n de las 35 horas semanales.\n    <\/p>\n","protected":false},"excerpt":{"rendered":"El Consejo de Ministros ha aprobado este martes el anteproyecto de Ley de Estatuto Marco del personal estatuario&hellip;\n","protected":false},"author":2,"featured_media":584354,"comment_status":"","ping_status":"","sticky":false,"template":"","format":"standard","meta":{"footnotes":""},"categories":[5],"tags":[17,18,11500,25,24,58329,13,14,582,11,5022,19,20,737,6016,9,10,15,16,2464,1811,23,12,21,22],"class_list":["post-584353","post","type-post","status-publish","format-standard","has-post-thumbnail","category-titulares","tag-breaking-news","tag-breakingnews","tag-conflicto","tag-es","tag-espana","tag-estatuto","tag-featured-news","tag-featurednews","tag-gobierno","tag-headlines","tag-impulsa","tag-latest-news","tag-latestnews","tag-marco","tag-medicos","tag-news","tag-noticias","tag-noticias-destacadas","tag-noticiasdestacadas","tag-pleno","tag-sanidad","tag-spain","tag-titulares","tag-ultimas-noticias","tag-ultimasnoticias"],"share_on_mastodon":{"url":"https:\/\/pubeurope.com\/@es\/116681067882467766","error":""},"_links":{"self":[{"href":"https:\/\/www.europesays.com\/es\/wp-json\/wp\/v2\/posts\/584353","targetHints":{"allow":["GET"]}}],"collection":[{"href":"https:\/\/www.europesays.com\/es\/wp-json\/wp\/v2\/posts"}],"about":[{"href":"https:\/\/www.europesays.com\/es\/wp-json\/wp\/v2\/types\/post"}],"author":[{"embeddable":true,"href":"https:\/\/www.europesays.com\/es\/wp-json\/wp\/v2\/users\/2"}],"replies":[{"embeddable":true,"href":"https:\/\/www.europesays.com\/es\/wp-json\/wp\/v2\/comments?post=584353"}],"version-history":[{"count":0,"href":"https:\/\/www.europesays.com\/es\/wp-json\/wp\/v2\/posts\/584353\/revisions"}],"wp:featuredmedia":[{"embeddable":true,"href":"https:\/\/www.europesays.com\/es\/wp-json\/wp\/v2\/media\/584354"}],"wp:attachment":[{"href":"https:\/\/www.europesays.com\/es\/wp-json\/wp\/v2\/media?parent=584353"}],"wp:term":[{"taxonomy":"category","embeddable":true,"href":"https:\/\/www.europesays.com\/es\/wp-json\/wp\/v2\/categories?post=584353"},{"taxonomy":"post_tag","embeddable":true,"href":"https:\/\/www.europesays.com\/es\/wp-json\/wp\/v2\/tags?post=584353"}],"curies":[{"name":"wp","href":"https:\/\/api.w.org\/{rel}","templated":true}]}}