{"id":584564,"date":"2026-06-02T17:21:27","date_gmt":"2026-06-02T17:21:27","guid":{"rendered":"https:\/\/www.europesays.com\/es\/584564\/"},"modified":"2026-06-02T17:21:27","modified_gmt":"2026-06-02T17:21:27","slug":"isabelle-junot-da-la-pista-mas-tierna-sobre-su-primer-viaje-siendo-una-familia-de-cuatro","status":"publish","type":"post","link":"https:\/\/www.europesays.com\/es\/584564\/","title":{"rendered":"Isabelle Junot da la pista m\u00e1s tierna sobre su primer viaje siendo una familia de cuatro"},"content":{"rendered":"<p id=\"etrLVDyhII\" data-wc=\"87\">Hay im\u00e1genes que cuentan mucho m\u00e1s de lo que muestran. Y eso es precisamente lo que ha ocurrido con la \u00faltima fotograf\u00eda compartida por Isabelle Junot. La empresaria y coach nutricional ha publicado una instant\u00e1nea tomada en el interior de un avi\u00f3n junto a su hija mayor, Philippa, en la que aparece sosteniendo cuatro pasaportes. Un gesto sencillo que ha despertado la curiosidad de sus seguidores y que, al mismo tiempo, parece confirmar algo muy especial: la familia est\u00e1 lista para emprender <strong>su primera aventura siendo cuatro.<\/strong><\/p>\n<p> <img src=\"https:\/\/www.europesays.com\/es\/wp-content\/uploads\/2026\/06\/c7478a92f443-710482028185897841070197975433469083164648279n.jpg\"   width=\"576\" height=\"1024\" loading=\"lazy\" decoding=\"async\" alt=\"Media Image\" fetchpriority=\"auto\" class=\"image ho-image\"\/>\u00a9 isabellejunot<\/p>\n<p id=\"ehMih8pc5Bm\" data-wc=\"70\">Aunque Isabelle no ha revelado el destino elegido para esta escapada, la imagen tiene un valor simb\u00f3lico evidente. Hace apenas unas semanas, la marquesa de Cubas y su marido, \u00c1lvaro Falc\u00f3, daban la bienvenida a su segunda hija,<strong>\u00a0Simona, nacida el pasado mes de abril.<\/strong> La peque\u00f1a lleg\u00f3 para completar a la pareja que ya hab\u00eda <a class=\"hm-link ho-link\" href=\"https:\/\/www.hola.com\/padres\/20260527903653\/isabelle-junot-habla-sobre-culpa-materna-en-posparto\/\" data-mrf-recirculation=\"article-body-link\" rel=\"nofollow noopener\" target=\"_blank\">ampliado la familia con la llegada de a Philippa, la primog\u00e9nita de la pareja.<\/a><\/p>\n<p>Primeros d\u00edas adaptaci\u00f3n siendo cuatro<\/p>\n<p id=\"eqzJe4WUzR\" data-wc=\"70\">Desde entonces, Isabelle ha compartido con naturalidad algunos momentos de esta nueva etapa. De hecho, fue ella misma quien present\u00f3 a la reci\u00e9n nacida a trav\u00e9s de unas tiernas im\u00e1genes en redes sociales, donde adem\u00e1s desvel\u00f3 el nombre de la beb\u00e9 y mostr\u00f3 algunos instantes de la convivencia entre las dos hermanas. La publicaci\u00f3n permiti\u00f3 comprobar la ilusi\u00f3n con la que la familia estaba viviendo <strong>estos primeros d\u00edas de adaptaci\u00f3n.<\/strong><\/p>\n<p> <img src=\"https:\/\/www.europesays.com\/es\/wp-content\/uploads\/2026\/06\/effde99f49d7-he-loves-me-he-loves-me-not-he-loves-me-la-ultima-mi-favorito-me-mudaria-aqu.jpg\"   width=\"768\" height=\"1024\" loading=\"lazy\" decoding=\"async\" alt=\"Isabelle Junot con su hija peque\u00f1a en brazos\" fetchpriority=\"auto\" class=\"image ho-image\"\/>\u00a9 @isabellejunotIsabelle Junot con su hija peque\u00f1a en brazos<\/p>\n<p id=\"evVwPtr2Re\" data-wc=\"67\">Ahora, la fotograf\u00eda tomada en pleno vuelo parece marcar un nuevo cap\u00edtulo. Si la llegada de Simona supuso el comienzo de una etapa llena de cambios, este viaje podr\u00eda representar la <strong>primera gran experiencia compartida por todos los miembros de la familia.\u00a0<\/strong>Cuatro pasaportes sobre la mesa, y la peque\u00f1a Phillipa pintando con colores en su asiento en el avi\u00f3n mientras su mami ense\u00f1a los cuatro pasaportes.\u00a0<\/p>\n<p>Ha vivido en varios lugares del mundo\u00a0<\/p>\n<p id=\"ewwHCYefdr\" data-wc=\"74\">No ser\u00eda extra\u00f1o que la escapada tuviera un significado especial. Isabelle siempre ha mantenido una estrecha relaci\u00f3n con diferentes pa\u00edses y culturas. Hija del empresario franc\u00e9s Philippe Junot y de la exmodelo danesa Nina Wendelboe-Larsen, ha crecido entre distintos lugares del mundo y habla varios idiomas. Su historia personal est\u00e1 profundamente ligada a los viajes internacionales, por lo que no resulta dif\u00edcil imaginar que quiera transmitir <strong>esa misma pasi\u00f3n a sus hijas desde peque\u00f1as.<\/strong><\/p>\n<p> <img src=\"https:\/\/www.europesays.com\/es\/wp-content\/uploads\/2026\/06\/a3cb14cfc212-he-loves-me-he-loves-me-not-he-loves-me-la-ultima-mi-favorito-me-mudaria-aqu.jpg\"   width=\"768\" height=\"1024\" loading=\"lazy\" decoding=\"async\" alt=\"La entra\u00f1able imagen de las dos hermanas\" fetchpriority=\"auto\" class=\"image ho-image\"\/>\u00a9 @isabellejunotLa entra\u00f1able imagen de las dos hermanas<\/p>\n<p id=\"enIzcFcb7y\" data-wc=\"50\">Adem\u00e1s, el momento elegido para viajar parece especialmente significativo. Tras unos meses marcados por emociones intensas \u2014la llegada de Simona y el recuerdo<a class=\"hm-link ho-link\" href=\"https:\/\/www.hola.com\/actualidad\/20260529904390\/isabelle-junot-fotos-hijas-escapada-rural-ensueno\/\" data-mrf-recirculation=\"article-body-link\" rel=\"nofollow noopener\" target=\"_blank\">\u00a0a\u00fan reciente de la p\u00e9rdida de su padre<\/a>\u2014, esta escapada podr\u00eda convertirse en una oportunidad perfecta para disfrutar de tiempo en familia y crear nuevos recuerdos juntos.<\/p>\n<p id=\"ensb3fRJFo\" data-wc=\"79\">Como suele ocurrir con las publicaciones de Isabelle, la discreci\u00f3n sigue siendo una de sus se\u00f1as de identidad. No hay pistas sobre el destino, ni etiquetas geogr\u00e1ficas, ni referencias que permitan descubrir d\u00f3nde aterrizar\u00e1 la familia. Lo que s\u00ed parece claro es que, m\u00e1s all\u00e1 del lugar elegido, el verdadero protagonismo lo tiene el momento. Porque despu\u00e9s de dar la bienvenida a una nueva hija y adaptarse a la vida siendo cuatro, cualquier destino pasa a un segundo plano.<\/p>\n<p> <img src=\"https:\/\/www.europesays.com\/es\/wp-content\/uploads\/2026\/06\/0ce064d5ff8a-u609926071.jpg\"   width=\"682\" height=\"1024\" loading=\"lazy\" decoding=\"async\" alt=\"Isabelle Junot\" fetchpriority=\"auto\" class=\"image ho-image\"\/>\u00a9 GTRESIsabelle Junot<\/p>\n<p id=\"eZqDzlAE6T\" data-wc=\"114\">Tal y como adelant\u00e1bamos, Isabelle y \u00c1lvaro se convirtieron de nuevo en padres el martes 14 de abril a primera hora, en el Hospital Universitario Vithas Madrid Aravaca, en la capital. \u00abTodo ha ido muy bien. Tanto la madre como la ni\u00f1a se encuentran perfectamente\u00bb, nos aseguraba una fuente pr\u00f3xima al matrimonio. En su cuenta profesional, donde comparte sus mejores trucos nutricionales con todas sus seguidoras, Isabelle tambi\u00e9n present\u00f3 a su benjamina, asegurando que, en su comunidad,<strong> \u00ab\u00a1Tenemos una nueva Intuitive Eater [comensal intuitivo, en castellano]!<\/strong>\u00ab. Lo ha hecho junto a m\u00e1s fotograf\u00edas in\u00e9ditas de estos primeros d\u00edas donde han sido uno m\u00e1s en la familia, aprovechando para educar acerca de la alimentaci\u00f3n intuitiva.<\/p>\n","protected":false},"excerpt":{"rendered":"Hay im\u00e1genes que cuentan mucho m\u00e1s de lo que muestran. Y eso es precisamente lo que ha ocurrido&hellip;\n","protected":false},"author":2,"featured_media":584565,"comment_status":"","ping_status":"","sticky":false,"template":"","format":"standard","meta":{"footnotes":""},"categories":[174],"tags":[517,50107,255,146,147,25,24,256,39747,23],"class_list":["post-584564","post","type-post","status-publish","format-standard","has-post-thumbnail","category-famosos","tag-actualidad","tag-alvaro-falco","tag-celebrities","tag-entertainment","tag-entretenimiento","tag-es","tag-espana","tag-famosos","tag-isabelle-junot","tag-spain"],"share_on_mastodon":{"url":"https:\/\/pubeurope.com\/@es\/116681670494047796","error":""},"_links":{"self":[{"href":"https:\/\/www.europesays.com\/es\/wp-json\/wp\/v2\/posts\/584564","targetHints":{"allow":["GET"]}}],"collection":[{"href":"https:\/\/www.europesays.com\/es\/wp-json\/wp\/v2\/posts"}],"about":[{"href":"https:\/\/www.europesays.com\/es\/wp-json\/wp\/v2\/types\/post"}],"author":[{"embeddable":true,"href":"https:\/\/www.europesays.com\/es\/wp-json\/wp\/v2\/users\/2"}],"replies":[{"embeddable":true,"href":"https:\/\/www.europesays.com\/es\/wp-json\/wp\/v2\/comments?post=584564"}],"version-history":[{"count":0,"href":"https:\/\/www.europesays.com\/es\/wp-json\/wp\/v2\/posts\/584564\/revisions"}],"wp:featuredmedia":[{"embeddable":true,"href":"https:\/\/www.europesays.com\/es\/wp-json\/wp\/v2\/media\/584565"}],"wp:attachment":[{"href":"https:\/\/www.europesays.com\/es\/wp-json\/wp\/v2\/media?parent=584564"}],"wp:term":[{"taxonomy":"category","embeddable":true,"href":"https:\/\/www.europesays.com\/es\/wp-json\/wp\/v2\/categories?post=584564"},{"taxonomy":"post_tag","embeddable":true,"href":"https:\/\/www.europesays.com\/es\/wp-json\/wp\/v2\/tags?post=584564"}],"curies":[{"name":"wp","href":"https:\/\/api.w.org\/{rel}","templated":true}]}}