{"id":584728,"date":"2026-06-02T19:19:17","date_gmt":"2026-06-02T19:19:17","guid":{"rendered":"https:\/\/www.europesays.com\/es\/584728\/"},"modified":"2026-06-02T19:19:17","modified_gmt":"2026-06-02T19:19:17","slug":"netflix-galicia-final-serie-machos-alfa","status":"publish","type":"post","link":"https:\/\/www.europesays.com\/es\/584728\/","title":{"rendered":"NETFLIX GALICIA FINAL SERIE &#8216;MACHOS ALFA&#8217;"},"content":{"rendered":"<p class=\"ft-text\"><a class=\"ft-link ft-link--decoration\" href=\"https:\/\/www.elcorreogallego.es\/tags\/galicia\/\" target=\"_blank\" rel=\"nofollow noopener\"><strong>Galicia<\/strong><\/a> ser\u00e1 uno de los escenarios que acercar\u00e1n los diez episodios con los que <a class=\"ft-link ft-link--decoration\" href=\"https:\/\/www.elcorreogallego.es\/tags\/netflix\/\" target=\"_blank\" rel=\"nofollow noopener\"><strong>Netflix<\/strong><\/a><strong> <\/strong>despedir\u00e1 a una de las ficciones recientes m\u00e1s exitosas de su cat\u00e1logo, <a class=\"ft-link ft-link--decoration\" href=\"https:\/\/www.elcorreogallego.es\/ocio\/tv\/2026\/01\/07\/machos-alfa-fecha-estreno-cuarta-temporada-netflix-125466026.html\" target=\"_blank\" rel=\"nofollow noopener\"><strong>Machos Alfa<\/strong><\/a>.<\/p>\n<p>La localidad gallega en la que se rueda el final de &#8216;Machos Alfa&#8217;<\/p>\n<p class=\"ft-text\">Y es que esta comedia creada por los<strong> hermanos Alberto y Laura Caballero<\/strong> \u2014responsables de series como <strong>Aqu\u00ed no hay quien viva<\/strong>, <a class=\"ft-link ft-link--decoration\" href=\"https:\/\/www.elcorreogallego.es\/tags\/la-que-se-avecina\/\" target=\"_blank\" rel=\"nofollow noopener\"><strong>La que se avecina<\/strong><\/a> o <strong>Muertos S.L.<\/strong>, que estrenar\u00e1 su cuarta y \u00faltima temporada el pr\u00f3ximo 7 de agosto en la plataforma roja\u2014 se encuentra rodando estos d\u00edas sus cap\u00edtulos finales en la comunidad gallega.<\/p>\n<p class=\"ft-text\">Lo hace en localidades como <a class=\"ft-link ft-link--decoration\" href=\"https:\/\/concellodeportomarin.es\/\" target=\"_blank\" rel=\"nofollow noopener\"><strong>Portomar\u00edn<\/strong><\/a>. All\u00ed, el concello ha pedido a la ciudadan\u00eda no aparcar el pasado lunes en calles como la r\u00faa do Mi\u00f1o y la r\u00faa Fraga Iribarne \u00abdebido a la grabaci\u00f3n de la serie <strong>Machos Alfa<\/strong>\u00bb.<\/p>\n<p class=\"ft-text\">Esta es la \u00fanica confirmaci\u00f3n oficial hasta la fecha sobre los rodajes de la temporada final \u2014la sexta\u2014 de <strong>Machos Alfa<\/strong> en <strong>Galicia<\/strong>. <\/p>\n<p class=\"ft-text\">De momento, ni <a class=\"ft-link ft-link--decoration\" href=\"https:\/\/www.elcorreogallego.es\/santiago\/2026\/05\/25\/netflix-regresa-santiago-rodajes-nuevas-temporadas-animal-luis-zahera-130652395.html\" target=\"_blank\" rel=\"nofollow noopener\"><strong>Netflix<\/strong><\/a><strong> <\/strong>ni la productora de los hermanos Caballero, <strong>Contubernio Films<\/strong>, han dado a conocer las localizaciones gallegas que apareceran en la \u00faltima entrega de <strong>Machos Alfa<\/strong>. Tampoco el papel que estos escenarios desempe\u00f1ar\u00e1n en el desenlace definitivo de una de las ficciones m\u00e1s populares de <a class=\"ft-link ft-link--decoration\" href=\"https:\/\/www.elcorreogallego.es\/galicia\/2026\/01\/31\/diego-avalos-vicepresidente-de-contenidos-de-netflix-en-espana-presencia-galicia-va-a-ir-a-mas-126286042.html\" target=\"_blank\" rel=\"nofollow noopener\"><strong>Netflix<\/strong><\/a> de los \u00faltimos a\u00f1os.<\/p>\n<p><img decoding=\"async\" src=\"https:\/\/www.europesays.com\/es\/wp-content\/uploads\/2026\/06\/96432acd-1806-4831-b943-5ffa2cf25fe1_alta-libre-aspect-ratio_default_0.jpg\" width=\"1200\" height=\"800\" alt=\"Fotograma de 'Machos Alfa'\" class=\"ft-helper-img-rd\" loading=\"lazy\" fetchpriority=\"auto\"\/><\/p>\n<p class=\"ft-helper-fontColor-quaternary ft-helper-fontSize-body-S ft-helper-spacer-t-xxs\">Fotograma de la exitosa serie de Netflix de los hermanos Caballero &#8216;Machos Alfa&#8217;.  \/ Netflix<\/p>\n<p>Protagonistas de &#8216;Machos Alfa&#8217; vistos en Santiago<\/p>\n<p class=\"ft-text\">Una tanda de episodios final que volver\u00e1 a contar con la presencia de actores de la talla de <strong>Ra\u00fal Tej\u00f3n<\/strong>, <strong>Kira Mir\u00f3<\/strong> y <strong>Fele Mart\u00ednez.<\/strong> <\/p>\n<p class=\"ft-text\">Tres de los protagonistas de la serie <strong>Machos Alfa<\/strong>, los cuales se han dejado ver por establecimientos de <a class=\"ft-link ft-link--decoration\" href=\"https:\/\/www.elcorreogallego.es\/tags\/santiago\/\" target=\"_blank\" rel=\"nofollow noopener\"><strong>Santiago<\/strong><\/a><strong> <\/strong>como el <strong>bar Alborada de Veiga <\/strong>o el gimnasio <strong>Ozone Gym<\/strong>.<\/p>\n<p>Un final rodado en Galicia y fiel a la l\u00f3gica de la exitosa serie<\/p>\n<p class=\"ft-text\">Fernando Gil, Mar\u00eda Herv\u00e1s, Gorka Otxoa, Paula Gallego, Raquel Guerrero, Cayetana Cabezas, Mar\u00eda Ad\u00e1nez, Patricia Conde, Mar\u00eda Romanillos, Joaqu\u00edn Reyes y Manuela Velasco completan el reparto de una <strong>temporada final<\/strong> \u2014todav\u00eda sin fecha de estreno confirmada\u2014 en la que los <strong>machos alfa<\/strong> \u2014Pedro, Ra\u00fal, Santi y Luis\u2014 volver\u00e1n a intentar adaptarse a esa versi\u00f3n ideal del hombre moderno que llevan persiguiendo desde el arranque de la ficci\u00f3n. <\/p>\n<p><img decoding=\"async\" src=\"https:\/\/www.europesays.com\/es\/wp-content\/uploads\/2026\/06\/e31daec7-df9d-4877-a609-a2d72334ab2a_alta-libre-aspect-ratio_default_0_x800y355.jpg\" width=\"1200\" height=\"800\" alt=\"Imagen promocional de la temporada final de 'Machos Alfa', serie de los hermanos Caballero que se rueda en Galicia.\" class=\"ft-helper-img-rd\" loading=\"lazy\" fetchpriority=\"auto\"\/><\/p>\n<p class=\"ft-helper-fontColor-quaternary ft-helper-fontSize-body-S ft-helper-spacer-t-xxs\">Imagen promocional de la temporada final de &#8216;Machos Alfa&#8217;, serie de los hermanos Caballero que se rueda en Galicia.  \/ Netflix<\/p>\n<p class=\"ft-text\">Pero, fiel a la l\u00f3gica de la <a class=\"ft-link ft-link--decoration\" href=\"https:\/\/www.elcorreogallego.es\/tags\/serie\/\" target=\"_blank\" rel=\"nofollow noopener\"><strong>serie<\/strong><\/a>, todo apunta a que sus intentos de ser mejores parejas, mejores padres y aliados impecables volver\u00e1n a estrellarse contra sus propias contradicciones.<\/p>\n","protected":false},"excerpt":{"rendered":"Galicia ser\u00e1 uno de los escenarios que acercar\u00e1n los diez episodios con los que Netflix despedir\u00e1 a una&hellip;\n","protected":false},"author":2,"featured_media":584729,"comment_status":"","ping_status":"","sticky":false,"template":"","format":"standard","meta":{"footnotes":""},"categories":[171],"tags":[146,147,25,24,816,104076,6598,7318,81582,152,2902,17909,156,805,23,71424,214],"class_list":["post-584728","post","type-post","status-publish","format-standard","has-post-thumbnail","category-tv","tag-entertainment","tag-entretenimiento","tag-es","tag-espana","tag-galicia","tag-hermanos-caballero","tag-localidad","tag-lugo","tag-machos-alfa","tag-netflix","tag-regresa","tag-rodajes","tag-serie","tag-series","tag-spain","tag-temporada-final","tag-tv"],"share_on_mastodon":{"url":"https:\/\/pubeurope.com\/@es\/116682134547210893","error":""},"_links":{"self":[{"href":"https:\/\/www.europesays.com\/es\/wp-json\/wp\/v2\/posts\/584728","targetHints":{"allow":["GET"]}}],"collection":[{"href":"https:\/\/www.europesays.com\/es\/wp-json\/wp\/v2\/posts"}],"about":[{"href":"https:\/\/www.europesays.com\/es\/wp-json\/wp\/v2\/types\/post"}],"author":[{"embeddable":true,"href":"https:\/\/www.europesays.com\/es\/wp-json\/wp\/v2\/users\/2"}],"replies":[{"embeddable":true,"href":"https:\/\/www.europesays.com\/es\/wp-json\/wp\/v2\/comments?post=584728"}],"version-history":[{"count":0,"href":"https:\/\/www.europesays.com\/es\/wp-json\/wp\/v2\/posts\/584728\/revisions"}],"wp:featuredmedia":[{"embeddable":true,"href":"https:\/\/www.europesays.com\/es\/wp-json\/wp\/v2\/media\/584729"}],"wp:attachment":[{"href":"https:\/\/www.europesays.com\/es\/wp-json\/wp\/v2\/media?parent=584728"}],"wp:term":[{"taxonomy":"category","embeddable":true,"href":"https:\/\/www.europesays.com\/es\/wp-json\/wp\/v2\/categories?post=584728"},{"taxonomy":"post_tag","embeddable":true,"href":"https:\/\/www.europesays.com\/es\/wp-json\/wp\/v2\/tags?post=584728"}],"curies":[{"name":"wp","href":"https:\/\/api.w.org\/{rel}","templated":true}]}}