{"id":58473,"date":"2025-08-19T18:24:07","date_gmt":"2025-08-19T18:24:07","guid":{"rendered":"https:\/\/www.europesays.com\/es\/58473\/"},"modified":"2025-08-19T18:24:07","modified_gmt":"2025-08-19T18:24:07","slug":"rusia-rebaja-las-expectativas-de-un-encuentro-entre-putin-y-zelenski-para-buscar-la-paz-en-ucrania-internacional","status":"publish","type":"post","link":"https:\/\/www.europesays.com\/es\/58473\/","title":{"rendered":"Rusia rebaja las expectativas de un encuentro entre Putin y Zelenski para buscar la paz en Ucrania | Internacional"},"content":{"rendered":"<p class=\"\">El ministro de Exteriores ruso, Sergu\u00e9i Lavrov, ha volcado este martes un jarro de agua fr\u00eda sobre las expectativas en torno a las negociaciones de paz en Ucrania y <a href=\"https:\/\/elpais.com\/internacional\/2025-08-18\/trump-afirma-que-si-todo-va-bien-hoy-podra-celebrarse-una-reunion-con-putin-y-zelenski.html\" target=\"_self\" rel=\"nofollow noopener\" title=\"https:\/\/elpais.com\/internacional\/2025-08-18\/trump-afirma-que-si-todo-va-bien-hoy-podra-celebrarse-una-reunion-con-putin-y-zelenski.html\">el hipot\u00e9tico encuentro entre los presidentes de los dos pa\u00edses enfrentados, Vlad\u00edmir Putin y Volod\u00edmir Zelenski<\/a>. Por un lado, frente a las prisas de Estados Unidos para cerrar la cumbre en agosto, Lavrov ha enfatizado que preparar un encuentro \u201centre jefes de Estado\u201d debe planificarse con sumo cuidado. Por otro, ha desechado una posible paz a cambio de territorio: \u201cLa Federaci\u00f3n de Rusia nunca tuvo como objetivo apoderarse de Crimea, Donb\u00e1s o Novorossiya [concepto hist\u00f3rico-administrativo ruso de las regiones orientales y meridionales de Ucrania en el imperio ruso], su principal tarea fue proteger al pueblo ruso\u201d, ha declarado en una entrevista concedida al canal Rossiya 1. Sin embargo, ha se\u00f1alado que \u201clos cambios territoriales son a menudo componentes esenciales de la resoluci\u00f3n de conflictos\u201d.<\/p>\n<p class=\"\">Mosc\u00fa trata de no perder el favor de Trump sin cerrar abiertamente ninguna puerta. \u201cRusia no rechaza ning\u00fan formato de negociaci\u00f3n sobre Ucrania, ni bilateral ni trilateral\u201d, ha agregado el responsable de Exteriores. Putin ha insinuado que Mosc\u00fa podr\u00eda ser escenario de una futura reuni\u00f3n con Zelenski, seg\u00fan ha informado el diario brit\u00e1nico The Guardian, citando a la agencia AFP, que, a su vez, cita a dos fuentes cercanas a la llamada entre los l\u00edderes de EE UU y Rusia. Una de las fuentes asegur\u00f3 que \u201cPutin mencion\u00f3 a Mosc\u00fa\u201d como posible sede, agregando que Zelenski dijo que \u201cno\u201d. <\/p>\n<p class=\"\">Lavrov ha aprovechado la entrevista para calificar el ambiente de las conversaciones entre Putin y el presidente de Estados Unidos, Donald Trump, como \u201cmuy bueno\u201d, por adoptar un \u201cenfoque mucho m\u00e1s profundo para resolver esta crisis\u201d. El responsable de Exteriores ruso ha reiterado que ese enfoque debe pasar por \u201c<a href=\"https:\/\/elpais.com\/internacional\/2025-08-16\/rusia-celebra-que-ee-uu-no-aumente-la-presion-sobre-moscu-pese-a-la-falta-de-acuerdo-en-alaska.html\" target=\"_self\" rel=\"nofollow noopener\" title=\"https:\/\/elpais.com\/internacional\/2025-08-16\/rusia-celebra-que-ee-uu-no-aumente-la-presion-sobre-moscu-pese-a-la-falta-de-acuerdo-en-alaska.html\">eliminar las causas profundas<\/a>\u201d del conflicto, eufemismo con el que las autoridades rusas suelen incluir el acercamiento de la OTAN y de la Uni\u00f3n Europea a la antigua rep\u00fablica sovi\u00e9tica. <\/p>\n<p class=\"\">\u201cUna de estas causas profundas es el problema de la seguridad de Rusia. Los compromisos que asumimos para evitar la expansi\u00f3n de la OTAN hacia el este se han incumplido sistem\u00e1ticamente durante d\u00e9cadas\u201d, ha insistido Lavrov. El ministro de Exteriores ruso ha aprovechado para criticar el papel de \u201clos europeos\u201d, quienes, en su opini\u00f3n, \u201cgritaban en cada esquina que deb\u00eda haber un alto el fuego, tras el cual seguir\u00edan suministrando armas a Ucrania\u201d. Zelenski ofreci\u00f3 a Trump en la reuni\u00f3n de la Casa Blanca comprar armamento estadounidense por valor de <a href=\"https:\/\/elpais.com\/internacional\/2025-08-19\/la-cumbre-en-la-casa-blanca-sobre-ucrania-arroja-una-posible-cita-entre-putin-y-zelenski.html\" target=\"_self\" rel=\"nofollow noopener\" title=\"https:\/\/elpais.com\/internacional\/2025-08-19\/la-cumbre-en-la-casa-blanca-sobre-ucrania-arroja-una-posible-cita-entre-putin-y-zelenski.html\">90.000 millones de d\u00f3lares (unos 77.000 millones de euros), un gasto<\/a> que asumir\u00edan los europeos como parte de las garant\u00edas de seguridad con las que espera contar Kiev. <\/p>\n<p class=\"\">La Uni\u00f3n Europea ha insistido en su voluntad de participar de las negociaciones entre Mosc\u00fa, Kiev y Washington. El lunes, tras la visita de Zelenski y siete mandatarios europeos a la Casa Blanca, el presidente franc\u00e9s, Emmanuel Macron, propuso que el pr\u00f3ximo encuentro no sea trilateral, sino \u201ccuatrilateral\u201d, con la presencia de Europa. En una entrevista con la cadena francesa LCI, el mandatario sugiri\u00f3 que la reuni\u00f3n tenga lugar en \u201cun pa\u00eds neutral\u201d, como Suiza. El ministro de Exteriores suizo, Ignazio Cassis, respondi\u00f3 que su pa\u00eds \u201cest\u00e1 preparado\u201d para el encuentro y que ofrecer\u00eda \u201cinmunidad\u201d a Putin, sobre quien pesa una orden de captura del Tribunal Penal Internacional. <\/p>\n<p class=\"\">Sobre la negativa de Zelenski a negociar <a href=\"https:\/\/elpais.com\/internacional\/2025-08-16\/putin-reclama-ante-trump-el-control-total-de-la-region-de-donbas-para-detener-la-guerra.html\" target=\"_self\" rel=\"nofollow noopener\" title=\"https:\/\/elpais.com\/internacional\/2025-08-16\/putin-reclama-ante-trump-el-control-total-de-la-region-de-donbas-para-detener-la-guerra.html\">la soberan\u00eda ucrania sobre el Donb\u00e1s<\/a> ante la prohibici\u00f3n constitucional de ceder territorios a Rusia, Lavrov ha se\u00f1alado que \u201cir\u00f3nicamente\u201d la Constituci\u00f3n ucrania \u201ca\u00fan conserva la garant\u00eda de garantizar plenamente los derechos de los rusos y de otras minor\u00edas nacionales, a pesar de las leyes aprobadas que proh\u00edben el idioma ruso\u201d. \u201cSi tanto le importa su Constituci\u00f3n, entonces empezar\u00eda por sus primeros art\u00edculos, donde se establece esta garant\u00eda\u201d, ha afirmado Lavrov, al tiempo que se ha referido a que el respeto de \u201clos plenos derechos de los rusos en Ucrania\u201d es necesario para \u201chablar de acuerdos a largo plazo\u201d. <\/p>\n<p class=\"\">\u201cNo es ninguna novedad que todo esto haya sido ocultado por varias figuras como Ursula Von der Leyen, Emmanuel Macron, Keir Starmer, Friedrich Merz y Olaf Scholz antes que \u00e9l.<a href=\"https:\/\/elpais.com\/internacional\/2025-08-10\/trump-devuelve-a-ucrania-a-la-casilla-de-salida-pese-a-las-concesiones-europeas.html\" target=\"_self\" rel=\"nofollow noopener\" title=\"https:\/\/elpais.com\/internacional\/2025-08-10\/trump-devuelve-a-ucrania-a-la-casilla-de-salida-pese-a-las-concesiones-europeas.html\"> Y Joe Biden, por supuesto, y su Administraci\u00f3n<\/a>. Fueron los l\u00edderes que ignoraron y tergiversaron todos los hechos que subyacen a las causas profundas de la crisis ucrania\u201d, ha subrayado. El Kremlin ha asumido como propias las cr\u00edticas de Trump a su antecesor dem\u00f3crata. En el encuentro de Alaska, Putin afirm\u00f3 ante las c\u00e1maras que si Trump hubiera sido presidente en 2022 no se habr\u00eda producido la ofensiva. <\/p>\n<p class=\"\">\u201cEl presidente [Putin] lo ha reiterado en numerosas ocasiones. La clave es que estos formatos no se buscan para obtener cobertura medi\u00e1tica ni para las emisiones de televisi\u00f3n por la noche\u201d, ha a\u00f1adido Lavrov. El republicano anunci\u00f3 el lunes que est\u00e1 acelerando los preparativos para una reuni\u00f3n entre los presidentes de Rusia y Ucrania, a la que seguir\u00eda un encuentro con la presencia de Trump. <\/p>\n<p class=\"\">\u201cAl t\u00e9rmino de la reuni\u00f3n llam\u00e9 al presidente Putin y comenc\u00e9 los preparativos para una reuni\u00f3n, en un lugar por determinar, entre Putin y Zelenski. Tras esa reuni\u00f3n, tendremos una trilateral entre los dos presidentes y yo mismo\u201d, asegur\u00f3 este lunes Trump en su red social, Truth. Por su parte, el secretario de Estado de EE UU, Marco Rubio, ha anticipado en una entrevista en Fox News que ambas partes tendr\u00e1n que \u201chacer concesiones\u201d para alcanzar el fin de la guerra. \u201cNo es f\u00e1cil, y quiz\u00e1 ni siquiera sea justo, pero es lo que se necesita para poner fin a una guerra. Y eso ha sido as\u00ed en todas las guerras\u201d, ha se\u00f1alado. <\/p>\n<p class=\"\">Por otro lado, el Ministerio de Exteriores ruso ha recordado este lunes que su pa\u00eds se opone frontalmente al despliegue de cualquier tipo de tropas occidentales en Ucrania.<\/p>\n","protected":false},"excerpt":{"rendered":"El ministro de Exteriores ruso, Sergu\u00e9i Lavrov, ha volcado este martes un jarro de agua fr\u00eda sobre las&hellip;\n","protected":false},"author":2,"featured_media":58474,"comment_status":"","ping_status":"","sticky":false,"template":"","format":"standard","meta":{"footnotes":""},"categories":[42],"tags":[889,8738,17,18,70,71,72,352,700,13,14,69,7082,11,61,62,63,64,19,20,9,10,15,16,1613,1614,12,7081,21,22,1617,65,66,67],"class_list":{"0":"post-58473","1":"post","2":"type-post","3":"status-publish","4":"format-standard","5":"has-post-thumbnail","7":"category-internacional","8":"tag-america","9":"tag-ataques-militares","10":"tag-breaking-news","11":"tag-breakingnews","12":"tag-conflictos","13":"tag-conflictos-armados","14":"tag-conflictos-internacionales","15":"tag-donald-trump","16":"tag-europa","17":"tag-featured-news","18":"tag-featurednews","19":"tag-guerra","20":"tag-guerra-de-rusia-en-ucrania","21":"tag-headlines","22":"tag-internacional","23":"tag-international","24":"tag-international-news","25":"tag-internationalnews","26":"tag-latest-news","27":"tag-latestnews","28":"tag-news","29":"tag-noticias","30":"tag-noticias-destacadas","31":"tag-noticiasdestacadas","32":"tag-otan","33":"tag-rusia","34":"tag-titulares","35":"tag-ucrania","36":"tag-ultimas-noticias","37":"tag-ultimasnoticias","38":"tag-union-europea","39":"tag-world","40":"tag-world-news","41":"tag-worldnews"},"share_on_mastodon":{"url":"","error":""},"_links":{"self":[{"href":"https:\/\/www.europesays.com\/es\/wp-json\/wp\/v2\/posts\/58473","targetHints":{"allow":["GET"]}}],"collection":[{"href":"https:\/\/www.europesays.com\/es\/wp-json\/wp\/v2\/posts"}],"about":[{"href":"https:\/\/www.europesays.com\/es\/wp-json\/wp\/v2\/types\/post"}],"author":[{"embeddable":true,"href":"https:\/\/www.europesays.com\/es\/wp-json\/wp\/v2\/users\/2"}],"replies":[{"embeddable":true,"href":"https:\/\/www.europesays.com\/es\/wp-json\/wp\/v2\/comments?post=58473"}],"version-history":[{"count":0,"href":"https:\/\/www.europesays.com\/es\/wp-json\/wp\/v2\/posts\/58473\/revisions"}],"wp:featuredmedia":[{"embeddable":true,"href":"https:\/\/www.europesays.com\/es\/wp-json\/wp\/v2\/media\/58474"}],"wp:attachment":[{"href":"https:\/\/www.europesays.com\/es\/wp-json\/wp\/v2\/media?parent=58473"}],"wp:term":[{"taxonomy":"category","embeddable":true,"href":"https:\/\/www.europesays.com\/es\/wp-json\/wp\/v2\/categories?post=58473"},{"taxonomy":"post_tag","embeddable":true,"href":"https:\/\/www.europesays.com\/es\/wp-json\/wp\/v2\/tags?post=58473"}],"curies":[{"name":"wp","href":"https:\/\/api.w.org\/{rel}","templated":true}]}}