{"id":584820,"date":"2026-06-02T20:26:18","date_gmt":"2026-06-02T20:26:18","guid":{"rendered":"https:\/\/www.europesays.com\/es\/584820\/"},"modified":"2026-06-02T20:26:18","modified_gmt":"2026-06-02T20:26:18","slug":"cantalejo-acoge-el-retrato-fotografico-de-un-ano-en-segovia","status":"publish","type":"post","link":"https:\/\/www.europesays.com\/es\/584820\/","title":{"rendered":"Cantalejo acoge el retrato fotogr\u00e1fico de un a\u00f1o en Segovia"},"content":{"rendered":"<p style=\"\">No tiene uno a menudo la oportunidad de sacarse una foto frente a s\u00ed mismo en la imagen de gran tama\u00f1o de una exposici\u00f3n. Ventajas  &#8230; del mundo contempor\u00e1neo. Sorprendidos por verse en un formato tan grande, Felic\u00edsimo G\u00f3mez y Paquita Gil, con la nostalgia de la jubilaci\u00f3n, observaron con emoci\u00f3n la imagen que resume una vida entera de madrugones para mantener en funcionamiento un obrador centenario al que <a href=\"https:\/\/www.elnortedecastilla.es\/segovia\/fin-cuatro-generaciones-panaderos-cantalejo-20250727090018-nt.html\" target=\"_self\" data-voc-vtm-id=\"in-text-traffic\" title=\"echaron el cierre en 2025\" data-mrf-link=\"www.elnortedecastilla.es\" rel=\"nofollow noopener\">echaron el cierre en 2025<\/a>. La esencia del fotoperiodismo, la de contar una forma de vida a trav\u00e9s de unos pocos rostros. Es sola una de una selecci\u00f3n de 35 fotograf\u00edas de la edici\u00f3n segoviana de El Norte De Castilla que integran la muestra &#8216;Un a\u00f1o en im\u00e1genes&#8217;, que podr\u00e1n visitarse hasta el 18 de junio en el Centro de Recepci\u00f3n de Visitantes de Cantalejo en su horario habitual de apertura: de lunes a viernes de 16:00 a 20:00 horas. Es la tercera parada de la exposici\u00f3n tras <a href=\"https:\/\/www.elnortedecastilla.es\/segovia\/muestra-ano-imagenes-renueva-objetivo-actualidad-segoviana-20260407224907-nt.html#vtm_modulosEngag=noticiasrelacionadas-cmp-uno:segovia:noticia:1\" target=\"_self\" data-voc-vtm-id=\"in-text-traffic\" title=\"su inauguraci\u00f3n en abril en la Casa de los Picos\" data-mrf-link=\"www.elnortedecastilla.es\" rel=\"nofollow noopener\">su inauguraci\u00f3n en abril en la Casa de los Picos<\/a> y su tr\u00e1nsito <a href=\"https:\/\/www.elnortedecastilla.es\/segovia\/exposicion-ano-imagenes-realiza-cuellar-primera-parada-20260507215144-nt.html\" target=\"_self\" data-voc-vtm-id=\"in-text-traffic\" title=\"el mes pasado en Cu\u00e9llar\" data-mrf-link=\"www.elnortedecastilla.es\" rel=\"nofollow noopener\">el mes pasado en Cu\u00e9llar<\/a>.<\/p>\n<p class=\"v-d-p\" style=\"\">El responsable de la edici\u00f3n en Segovia, Quique Yuste, celebr\u00f3 el regreso de la muestra, que cumple su vig\u00e9simo octava edici\u00f3n, a Cantalejo. \u00abUn lugar que nos hace mucha ilusi\u00f3n por la importancia que tiene, tambi\u00e9n para la comarca, y la cantidad de eventos y actividades que ocupan a lo largo del a\u00f1o muchas p\u00e1ginas de informaci\u00f3n en el peri\u00f3dico\u00bb. Agradeci\u00f3 a los redactores y fot\u00f3grafos de su edici\u00f3n por \u00abcontar todo lo bueno y lo malo que pasa en la provincia\u00bb a lo largo de los 365 d\u00edas del a\u00f1o. Repas\u00f3 otra imagen del pueblo, la presentaci\u00f3n de La Leyenda Contin\u00faa, una concentraci\u00f3n motera que re\u00fane a miles de moteros en enero en sus pinares. \u00abUna tradici\u00f3n que cada vez tiene m\u00e1s enjundia y que convierte a esta ciudad en el epicentro de Espa\u00f1a y Europa\u00bb. Tambi\u00e9n felicit\u00f3 a los panaderos por la \u00abfeliz noticia\u00bb de su jubilaci\u00f3n y reflexion\u00f3 sobre el significado de una de las mejores im\u00e1genes de 2025. \u00abRefleja el d\u00eda a d\u00eda de lo que pasa en la provincia y en los pueblos. La parte negativa, que afecta a muchos municipios, es la falta de relevo para dar continuidad a esos negocios\u00bb.<\/p>\n<p class=\"v-a-t\">\nLa muestra cuenta con el patrocinio de la Diputaci\u00f3n de Segovia y de Caixabank\n<\/p>\n<p class=\"v-d-p\" style=\"\">El diputado de Cultura y vicepresidente de la Diputaci\u00f3n de Segovia, Chema Bravo, puso la puntilla a la foto de los panaderos y completo la afirmaci\u00f3n de Yuste. \u00abMejor hubiera sido que hubieran cumplido los 70 a\u00f1os en el mostrador y nos hubieran tra\u00eddo el dulce hoy. Pod\u00edas haber hecho unas hojuelas\u00bb, le dijo a Paquita. Ella respondi\u00f3 que su especialidad son las magdalenas. Si ya dan ganas de dar un mordisco al pan que sujeta en la foto, mejor no imaginarse los dulces. Despu\u00e9s del chascarrillo, la reivindicaci\u00f3n. \u00abEste tipo de trabajos son muy esclavos, de pasi\u00f3n. Esta fotograf\u00eda es un homenaje a esa generaci\u00f3n\u00bb. Porque, razon\u00f3, las siguientes no est\u00e1n hecha de esa misma \u00abpasta\u00bb.<\/p>\n<p><img decoding=\"async\" loading=\"lazy\" src=\"https:\/\/www.europesays.com\/es\/wp-content\/uploads\/2026\/06\/1512609046-U37454121830ltV-624x385@El Norte.jpg\" class=\"v-a-img\" width=\"680\" height=\"478\" alt=\"Jos\u00e9 Mar\u00eda Bravo, Alfonso Matesanz, Quique Yuste y Ana Rosa Zamarro, durante la inauguraci\u00f3n.\" data-voc-vtm-id=\"in-text-traffic\"\/><\/p>\n<p>Jos\u00e9 Mar\u00eda Bravo, Alfonso Matesanz, Quique Yuste y Ana Rosa Zamarro, durante la inauguraci\u00f3n.<\/p>\n<p>(\u00d3scar Costa)<\/p>\n<p class=\"v-d-p\" style=\"\">As\u00ed lo entendi\u00f3 la alcaldesa de Cantalejo, Ana Rosa Zamarro, por los \u00absentimientos\u00bb que evoca el repaso a la muestra. \u00abLas im\u00e1genes, al final, lo que hacen es trasladarnos al pasado. A cada uno nos lleva a alg\u00fan momento de nuestra vida\u00bb. A eso a\u00f1adi\u00f3 la parte art\u00edstica. \u00abHay cosas incre\u00edbles. El efecto de la fotograf\u00eda a veces hace que parece un montaje\u00bb. El m\u00e9rito del trabajo diario de Antonio de Torre, Nacho Valverde, Antonio Tanarro y \u00d3scar Costa para una muestra patrocinada por CaixaBank y la Diputaci\u00f3n de Segovia y que cuenta con la colaboraci\u00f3n del Ayuntamiento de Cantalejo. Es una s\u00edntesis completa de como Segovia sigue siendo reconocible a la vez que sit\u00faa cada a\u00f1o como irremplazable, pues la historia se escribe en presente. Desde el socav\u00f3n que tuvo nueve d\u00edas cortada la traves\u00eda de San Rafael a las banderas palestinas al paso de la Vuelta a Espa\u00f1a, pasando por el incendio de La Pinilla. <\/p>\n<p class=\"v-d-p\" style=\"\">\u00abEsta exposici\u00f3n se disfruta mucho m\u00e1s que se explica\u00bb, resumi\u00f3, el director de Caixa Bank en Cantalejo, Alfonso Matesanz. \u00abLo bonito que hacen en El Norte de Castilla es estar muy pegados a la vida de la gente. La exposici\u00f3n es una forma de volver a esto con otra mirada, con m\u00e1s alma. Es una incitativa que conecta con las personas y el territorio. Porque el talento y la cultura que tenemos aqu\u00ed merecen espacios como este\u00bb. Otras fotos podr\u00edan valer para cualquier a\u00f1o. Siempre hay premiados por la loter\u00eda o desperfectos en el firme de Padre Claret. Radares de tr\u00e1fico para atajar la cuenta pendiente de la velocidad. Otros males end\u00e9micos, como la dificultad para encontrar aparcamiento. O encierros como los de Cu\u00e9llar, que tambi\u00e9n celebra Cantalejo. Un pueblo que se qued\u00f3 sin el pan de Paqui. Y sus magdalenas.<\/p>\n","protected":false},"excerpt":{"rendered":"No tiene uno a menudo la oportunidad de sacarse una foto frente a s\u00ed mismo en la imagen&hellip;\n","protected":false},"author":2,"featured_media":584821,"comment_status":"","ping_status":"","sticky":false,"template":"","format":"standard","meta":{"footnotes":""},"categories":[173],"tags":[771,1611,229,233,231,230,111113,232,234,146,147,25,24,15663,14017,1406,23],"class_list":["post-584820","post","type-post","status-publish","format-standard","has-post-thumbnail","category-arte-y-diseno","tag-acoge","tag-ano","tag-arte","tag-arte-y-diseno","tag-arts","tag-arts-and-design","tag-cantalejo","tag-design","tag-diseno","tag-entertainment","tag-entretenimiento","tag-es","tag-espana","tag-fotografico","tag-retrato","tag-segovia","tag-spain"],"share_on_mastodon":{"url":"https:\/\/pubeurope.com\/@es\/116682397303384284","error":""},"_links":{"self":[{"href":"https:\/\/www.europesays.com\/es\/wp-json\/wp\/v2\/posts\/584820","targetHints":{"allow":["GET"]}}],"collection":[{"href":"https:\/\/www.europesays.com\/es\/wp-json\/wp\/v2\/posts"}],"about":[{"href":"https:\/\/www.europesays.com\/es\/wp-json\/wp\/v2\/types\/post"}],"author":[{"embeddable":true,"href":"https:\/\/www.europesays.com\/es\/wp-json\/wp\/v2\/users\/2"}],"replies":[{"embeddable":true,"href":"https:\/\/www.europesays.com\/es\/wp-json\/wp\/v2\/comments?post=584820"}],"version-history":[{"count":0,"href":"https:\/\/www.europesays.com\/es\/wp-json\/wp\/v2\/posts\/584820\/revisions"}],"wp:featuredmedia":[{"embeddable":true,"href":"https:\/\/www.europesays.com\/es\/wp-json\/wp\/v2\/media\/584821"}],"wp:attachment":[{"href":"https:\/\/www.europesays.com\/es\/wp-json\/wp\/v2\/media?parent=584820"}],"wp:term":[{"taxonomy":"category","embeddable":true,"href":"https:\/\/www.europesays.com\/es\/wp-json\/wp\/v2\/categories?post=584820"},{"taxonomy":"post_tag","embeddable":true,"href":"https:\/\/www.europesays.com\/es\/wp-json\/wp\/v2\/tags?post=584820"}],"curies":[{"name":"wp","href":"https:\/\/api.w.org\/{rel}","templated":true}]}}