{"id":584860,"date":"2026-06-02T20:54:21","date_gmt":"2026-06-02T20:54:21","guid":{"rendered":"https:\/\/www.europesays.com\/es\/584860\/"},"modified":"2026-06-02T20:54:21","modified_gmt":"2026-06-02T20:54:21","slug":"simeone-el-aliado-inesperado-de-julian-alvarez","status":"publish","type":"post","link":"https:\/\/www.europesays.com\/es\/584860\/","title":{"rendered":"Simeone, el aliado inesperado de Juli\u00e1n \u00c1lvarez"},"content":{"rendered":"<p class=\"ft-text\"><strong>El fichaje de Juli\u00e1n \u00c1lvarez por el Bar\u00e7a<\/strong> est\u00e1 lejos de ser una operaci\u00f3n sencilla por voluntad del propio Atl\u00e9tico, que lo quiere poner muy dif\u00edcil. De hecho, el clima entre el club blaugrana y el <strong>Atl\u00e9tico de Madrid<\/strong> se ha tensado de forma evidente en las \u00faltimas semanas. La entidad rojiblanca no ha ocultado su malestar por el inter\u00e9s cul\u00e9 en el argentino y <a class=\"ft-link ft-link--decoration\" href=\"https:\/\/www.sport.es\/es\/noticias\/barca\/ataque-frontal-atletico-barca-ocurriria-130816423\" rel=\"nofollow noopener\" target=\"_blank\">as\u00ed lo dej\u00f3 entrever con varios mensajes publicados en redes sociales<\/a>, cargados de iron\u00eda y sarcasmo, que fueron interpretados como una respuesta directa al movimiento del Bar\u00e7a para intentar hacerse con los servicios del delantero.<\/p>\n<p><img decoding=\"async\" src=\"https:\/\/www.europesays.com\/es\/wp-content\/uploads\/2026\/06\/5f9516c3-ab37-4a98-b5c2-4d0072448e31_alta-libre-aspect-ratio_default_0_x1000y410.jpg\" width=\"1200\" height=\"739\" alt=\"Juli\u00e1n \u00c1lvarez y Lamine Yamal, en un Atl\u00e9tico de Madrid-FC Barcelona de esta temporada\" class=\"ft-helper-img-rd\" loading=\"lazy\" fetchpriority=\"auto\"\/><\/p>\n<p class=\"ft-helper-fontColor-quaternary ft-helper-fontSize-body-S ft-helper-spacer-t-xxs\">Juli\u00e1n \u00c1lvarez y Lamine Yamal, en un Atl\u00e9tico de Madrid-FC Barcelona de esta temporada  \/ Valent\u00ed Enrich<\/p>\n<p class=\"ft-text\">La realidad es que <strong>Juli\u00e1n se ha convertido en el objetivo n\u00famero uno de la direcci\u00f3n deportiva para reforzar el ataque<\/strong>. El Bar\u00e7a ya ha movido ficha y present\u00f3 una primera propuesta valorada en 100 millones de euros, una oferta que, por el momento, no ha obtenido respuesta por parte del Atl\u00e9tico. En el Metropolitano <a class=\"ft-link ft-link--decoration\" href=\"https:\/\/www.sport.es\/es\/noticias\/barca\/nuevo-portazo-atletico-barca-julian-130889157\" rel=\"nofollow noopener\" target=\"_blank\">consideran que no existe ninguna necesidad de negociar y mantienen una posici\u00f3n de m\u00e1xima firmeza<\/a>.<\/p>\n<p class=\"ft-text\">Tampoco ayuda el contexto institucional. <strong>La relaci\u00f3n entre Deco y Mateu Alemany nunca ha sido especialmente fluida<\/strong> desde que el portugu\u00e9s asumi\u00f3 el control de la direcci\u00f3n deportiva blaugrana tras la salida del ejecutivo balear, que hizo un amago de firmar por el <strong>Aston Villa<\/strong>, aunque no le sali\u00f3 como esperaba y pidi\u00f3 regresar al Bar\u00e7a, donde ya ejerc\u00eda el hoy m\u00e1ximo responsable del \u00e1rea del club. Todo ello ha enfriado las posibilidade de acercamiento entre ambas entidades. Tanto es as\u00ed que <a class=\"ft-link ft-link--decoration\" href=\"https:\/\/www.sport.es\/es\/noticias\/barca\/reunion-deco-agentes-dani-olmo-130733144\" rel=\"nofollow noopener\" target=\"_blank\">Deco necesita de la intermediaci\u00f3n de Juanma L\u00f3pez y Andy Bara, de la agencia Niagara, representantes de Joan Garcia y Dani Olmo<\/a>, entre otros.<\/p>\n<p><img decoding=\"async\" src=\"https:\/\/www.europesays.com\/es\/wp-content\/uploads\/2026\/05\/1779970471_487_69acc85a-df40-45d3-8f98-c9ecb867d483_alta-libre-aspect-ratio_default_0_x1000y444.jpg\" width=\"1200\" height=\"800\" alt=\"Juli\u00e1n \u00c1lvarez, despu\u00e9s de un partido del Atl\u00e9tico de Madrid\" class=\"ft-helper-img-rd\" loading=\"lazy\" fetchpriority=\"auto\"\/><\/p>\n<p class=\"ft-helper-fontColor-quaternary ft-helper-fontSize-body-S ft-helper-spacer-t-xxs\">Juli\u00e1n \u00c1lvarez, despu\u00e9s de un partido del Atl\u00e9tico de Madrid  \/ Europa Press<\/p>\n<p class=\"ft-text\">Sin embargo, en el Bar\u00e7a mantienen la calma porque entienden que el proceso sigue el guion previsto. El primer paso era conocer la voluntad del futbolista y, en este sentido, el mensaje recibido desde el entorno de Juli\u00e1n ha sido claro. <strong>El delantero considera que su etapa en el Atl\u00e9tico est\u00e1 agotada y ha trasladado al club rojiblanco su deseo de jugar en el Camp Nou<\/strong>. Ese movimiento fue precisamente el que abri\u00f3 la puerta a la primera ofensiva econ\u00f3mica del Bar\u00e7a.<\/p>\n<p>Ni positivo, ni negativo: Simeone<\/p>\n<p class=\"ft-text\">La respuesta del <strong>Atl\u00e9tico <\/strong>no ha sido positiva (ni negativa, no ha habido m\u00e1s all\u00e1 de los tuits), pero tampoco ha sorprendido en los despachos del <strong>Camp Nou<\/strong>. El siguiente paso previsto pasa ahora por que el propio jugador haga p\u00fablica su postura, algo que no puede descartarse, <a class=\"ft-link ft-link--decoration\" href=\"https:\/\/www.sport.es\/es\/noticias\/barca\/julian-alvarez-frena-premier-paris-130842388\" rel=\"nofollow noopener\" target=\"_blank\">aunque el Mundial lo distorsiona todo<\/a>. En el Bar\u00e7a consideran que una declaraci\u00f3n abierta de Juli\u00e1n reforzar\u00eda enormemente su posici\u00f3n negociadora y facilitar\u00eda una nueva ofensiva econ\u00f3mica. Si eso ocurre, la entidad est\u00e1 dispuesta a realizar un esfuerzo adicional para intentar acercarse a las exigencias rojiblancas.<\/p>\n<p><img decoding=\"async\" src=\"https:\/\/www.europesays.com\/es\/wp-content\/uploads\/2026\/06\/74b3d39d-ff82-418f-954a-5469407e6643_alta-libre-aspect-ratio_default_0_x450y200.jpg\" width=\"1200\" height=\"800\" alt=\"Diego Simeone, durante el \u00faltimo partido de la temporada en casa\" class=\"ft-helper-img-rd\" loading=\"lazy\" fetchpriority=\"auto\"\/><\/p>\n<p class=\"ft-helper-fontColor-quaternary ft-helper-fontSize-body-S ft-helper-spacer-t-xxs\">Diego Simeone, durante el \u00faltimo partido de la temporada en casa  \/ EFE<\/p>\n<p class=\"ft-text\">Y es aqu\u00ed donde aparece una figura inesperada pero fundamental en toda la operaci\u00f3n: <strong>Diego Simeone<\/strong>. El t\u00e9cnico argentino est\u00e1 completamente alineado con la postura institucional del <strong>Atl\u00e9tico <\/strong>y entiende perfectamente que el club trate de obtener el m\u00e1ximo rendimiento econ\u00f3mico posible de una hipot\u00e9tica venta. Sin embargo, existe una diferencia importante entre Simeone y otros entrenadores cuando se enfrenta a situaciones de este tipo.<\/p>\n<p><img decoding=\"async\" src=\"https:\/\/www.europesays.com\/es\/wp-content\/uploads\/2026\/06\/2429a54c-80d8-4a1b-beff-f5d101d4a89b_alta-libre-aspect-ratio_default_0_x600y225.jpg\" width=\"1200\" height=\"675\" alt=\"Guardiola se abraza a Bernardo Silva\" class=\"ft-helper-img-rd\" loading=\"lazy\" fetchpriority=\"auto\"\/><\/p>\n<p class=\"ft-helper-fontColor-quaternary ft-helper-fontSize-body-S ft-helper-spacer-t-xxs\">Guardiola se abraza a Bernardo Silva  \/ &#8216;X&#8217;<\/p>\n<p class=\"ft-text\">El t\u00e9cnico rojiblanco mantiene desde hace a\u00f1os una norma no escrita que aplica sin excepciones: no quiere en su plantilla a futbolistas que no est\u00e9n comprometidos al cien por cien con el proyecto. Algo similar pasa con <a class=\"ft-link ft-link--decoration\" href=\"https:\/\/www.sport.es\/es\/noticias\/barca\/guardiola-abre-puerta-fichaje-bernardo-14228309\" rel=\"nofollow noopener\" target=\"_blank\">Pep Guardiola, que incluso llego a abrir las puertas del Manchester City a Bernardo Silva para que jugase en el Bar\u00e7a<\/a>. Para Simeone, la implicaci\u00f3n absoluta es un requisito innegociable. Por ello, si <strong>Juli\u00e1n \u00c1lvarez<\/strong> mantiene su voluntad de abandonar el Atl\u00e9tico, el entrenador no ser\u00e1 quien bloquee la operaci\u00f3n.<\/p>\n<p><img decoding=\"async\" src=\"https:\/\/www.europesays.com\/es\/wp-content\/uploads\/2026\/06\/fd977929-ddc4-45cf-9eb9-1e7542a48216_alta-libre-aspect-ratio_default_0_x640y240.jpg\" width=\"1200\" height=\"675\" alt=\"Enrique Cerezo atiende a los medios antes del partido del Atl\u00e9tico de Madrid contra el Arsenal\" class=\"ft-helper-img-rd\" loading=\"lazy\" fetchpriority=\"auto\"\/><\/p>\n<p class=\"ft-helper-fontColor-quaternary ft-helper-fontSize-body-S ft-helper-spacer-t-xxs\">Enrique Cerezo atiende a los medios antes del partido del Atl\u00e9tico de Madrid contra el Arsenal  \/ SPORT<\/p>\n<p class=\"ft-text\">Al contrario. Aunque es plenamente consciente de que perder\u00eda a uno de los jugadores m\u00e1s determinantes de su equipo, entiende que un futbolista que desea iniciar una nueva etapa debe tener la posibilidad de hacerlo. Simeone no quiere retener a nadie que no se sienta plenamente identificado con el proyecto rojiblanco. <strong>Que est\u00e9 al mil por mil.<\/strong><\/p>\n<p><img decoding=\"async\" src=\"https:\/\/www.europesays.com\/es\/wp-content\/uploads\/2026\/06\/39696b73-ada1-497b-b9c9-dd6754c368ab_alta-libre-aspect-ratio_default_0_x620y267.jpg\" width=\"1200\" height=\"777\" alt=\"Miguel \u00c1ngel Gil Mar\u00edn, CEO del Atl\u00e9tico; Enrique Cerezo, presidente del Atl\u00e9tico; yRobert Givone, socio de Apollo y co-gestor de ASC.\" class=\"ft-helper-img-rd\" loading=\"lazy\" fetchpriority=\"auto\"\/><\/p>\n<p class=\"ft-helper-fontColor-quaternary ft-helper-fontSize-body-S ft-helper-spacer-t-xxs\">Miguel \u00c1ngel Gil Mar\u00edn, CEO del Atl\u00e9tico; Enrique Cerezo, presidente del Atl\u00e9tico; yRobert Givone, socio de Apollo y co-gestor de ASC.  \/ ATL\u00c9TICO<\/p>\n<p class=\"ft-text\">Por eso, de forma indirecta pero muy significativa, el entrenador argentino <a class=\"ft-link ft-link--decoration\" href=\"http:\/\/sport.es\/es\/noticias\/barca\/simeone-siembra-duda-julian-seguramente-130610402\" rel=\"nofollow noopener\" target=\"_blank\">se ha convertido en uno de los grandes aliados de Juli\u00e1n \u00c1lvarez en este proceso<\/a>. No presionar\u00e1 al club para facilitar su salida, pero tampoco levantar\u00e1 ning\u00fan muro para impedirla. Si el delantero mantiene firme su decisi\u00f3n de marcharse, el t\u00e9cnico considera que debe abrirse una soluci\u00f3n.<\/p>\n","protected":false},"excerpt":{"rendered":"El fichaje de Juli\u00e1n \u00c1lvarez por el Bar\u00e7a est\u00e1 lejos de ser una operaci\u00f3n sencilla por voluntad del&hellip;\n","protected":false},"author":2,"featured_media":584861,"comment_status":"","ping_status":"","sticky":false,"template":"","format":"standard","meta":{"footnotes":""},"categories":[93],"tags":[10001,4458,31900,168,18451,25,24,881,9037,16401,22784,10259,23,167],"class_list":["post-584860","post","type-post","status-publish","format-standard","has-post-thumbnail","category-deportes","tag-aliado","tag-alvarez","tag-atletico-madrid","tag-deportes","tag-diego-simeone","tag-es","tag-espana","tag-fc-barcelona","tag-inesperado","tag-julian","tag-julian-alvarez","tag-simeone","tag-spain","tag-sports"],"share_on_mastodon":{"url":"https:\/\/pubeurope.com\/@es\/116682507686248455","error":""},"_links":{"self":[{"href":"https:\/\/www.europesays.com\/es\/wp-json\/wp\/v2\/posts\/584860","targetHints":{"allow":["GET"]}}],"collection":[{"href":"https:\/\/www.europesays.com\/es\/wp-json\/wp\/v2\/posts"}],"about":[{"href":"https:\/\/www.europesays.com\/es\/wp-json\/wp\/v2\/types\/post"}],"author":[{"embeddable":true,"href":"https:\/\/www.europesays.com\/es\/wp-json\/wp\/v2\/users\/2"}],"replies":[{"embeddable":true,"href":"https:\/\/www.europesays.com\/es\/wp-json\/wp\/v2\/comments?post=584860"}],"version-history":[{"count":0,"href":"https:\/\/www.europesays.com\/es\/wp-json\/wp\/v2\/posts\/584860\/revisions"}],"wp:featuredmedia":[{"embeddable":true,"href":"https:\/\/www.europesays.com\/es\/wp-json\/wp\/v2\/media\/584861"}],"wp:attachment":[{"href":"https:\/\/www.europesays.com\/es\/wp-json\/wp\/v2\/media?parent=584860"}],"wp:term":[{"taxonomy":"category","embeddable":true,"href":"https:\/\/www.europesays.com\/es\/wp-json\/wp\/v2\/categories?post=584860"},{"taxonomy":"post_tag","embeddable":true,"href":"https:\/\/www.europesays.com\/es\/wp-json\/wp\/v2\/tags?post=584860"}],"curies":[{"name":"wp","href":"https:\/\/api.w.org\/{rel}","templated":true}]}}