{"id":585023,"date":"2026-06-02T23:05:13","date_gmt":"2026-06-02T23:05:13","guid":{"rendered":"https:\/\/www.europesays.com\/es\/585023\/"},"modified":"2026-06-02T23:05:13","modified_gmt":"2026-06-02T23:05:13","slug":"el-mayo-mas-extrano-de-carlos-alcaraz-vacaciones-con-amigos-y-entrenamientos-en-la-sombra","status":"publish","type":"post","link":"https:\/\/www.europesays.com\/es\/585023\/","title":{"rendered":"El mayo m\u00e1s extra\u00f1o de Carlos Alcaraz: vacaciones con amigos y entrenamientos en la sombra"},"content":{"rendered":"<p style=\"\">No ha sido el mes de mayo que se esperaba Carlos Alcaraz. El circuito, la tierra batida y, durante estos d\u00edas, Roland Garros echan de  &#8230; menos al tenista murciano, que ha vivido un quinto mes del a\u00f1o totalmente opuesto al que disfrut\u00f3 hace un a\u00f1o. La lesi\u00f3n en su mu\u00f1eca derecha, una dolencia en el fibrocart\u00edlago asociada a la inflamaci\u00f3n en dicha zona, le ha privado de hacer lo que m\u00e1s le gusta: jugar al tenis y competir contra el rival que se ponga por delante con el fin de seguir coloreando una vitrina de trofeos que brilla por s\u00ed misma. A\u00fan as\u00ed, el de El Palmar ha pasado unas semanas rodeado de los suyos y disfrutando de aquellos amigos y familiares a los que le debe todas las horas que le ha robado el deporte del m\u00e1s alto nivel.<\/p>\n<p class=\"v-d-p\" style=\"\">As\u00ed lo mostr\u00f3 el propio tenista murciano en las \u00faltimas horas en su cuenta de Instagram, donde comparti\u00f3 una veintena de fotograf\u00edas y v\u00eddeos en los que se puede ver que ha aprovechado el tiempo con sus padres, sus hermanos, abuelos y ese s\u00e9quito de amigos que le acompa\u00f1an all\u00e1 donde va cuando le toca sudar sobre la pista y le anima cuando m\u00e1s lo necesita.<\/p>\n<p class=\"v-d-p\" style=\"\">Pero lo mejor de dicha galer\u00eda no es ver a Carlos Alcaraz sonre\u00edr, que tambi\u00e9n, sobre todo despu\u00e9s de unas semanas complicadas por culpa de la peor lesi\u00f3n que ha sufrido en su a\u00fan corta pero mete\u00f3rica carrera. Lo m\u00e1s positivo es que el pupilo de Samuel L\u00f3pez ha compartido dos v\u00eddeos en los que se puede ver que ha vuelto a entrenar raqueta en mano en la academia de El Palmar que lleva su nombre. Eso s\u00ed, ese arma que dispara en forma de derechazos, reveses y preciosas dejadas la sosten\u00eda con su mano izquierda y no con la derecha, a\u00fan los suficientemente renqueante como para no darle m\u00e1s actividad de la que recomiendan los m\u00e9dicos.<\/p>\n<p class=\"v-d-p\" style=\"\">Carlitos ha entrenado varios d\u00edas en las \u00faltimas semanas en la pista indoor que tiene construida en su academia y donde suele preparar los torneos que se disputan sobre cemento y bajo techo. El simple hecho de verle pelotear con su hermano y su fisio Rafa Rubio, siempre ante la atenta mirada de su entrenador Samuel L\u00f3pez, es un gesto que invita y mucho al optimismo de cara a una hipot\u00e9tica reaparici\u00f3n.<\/p>\n<p class=\"v-a-t\">\nEl de El Palmar aparece sin c\u00e9dula en su mu\u00f1eca derecha y contin\u00faa dando muestras de que su regreso puede llegar en agosto\n<\/p>\n<p>\nHacer las Am\u00e9ricas\n<\/p>\n<p class=\"v-d-p\" style=\"\">Tantas son las ganas de tenis en el n\u00famero dos del mundo que se aventur\u00f3 a jugar hasta un reducido partido junto a su hermano \u00c1lvaro golpeando \u00fanicamente con la mano izquierda. Tanto es el talento de la familia Alcaraz, y el que atesora Carlitos, que a\u00fan con su mano menos buena fue capaz de vencer, con mo\u00f1o en el pelo incluido, una imagen que ha dado que hablar en las redes sociales.<\/p>\n<p class=\"v-d-p\" style=\"\">Ver a Alcaraz de nuevo en la pista, sobre cemento y golpeando la bola invita a pensar que el objetivo de estar en la gira norteamericana es algo m\u00e1s factible que hace unas semanas. De hecho, tambi\u00e9n se le ha podido ver jugando al f\u00fatbol con sus colegas en las playas de portugal sin la c\u00e9dula en la mu\u00f1eca derecha, otro s\u00edntoma inequ\u00edvoco de que la lesi\u00f3n sigue mejorando y el regreso a la competici\u00f3n del murciano est\u00e1 mucho m\u00e1s cerca.<\/p>\n<p class=\"v-d-p\" style=\"\">El mes de agosto est\u00e1 subrayado en rojo y aparece como objetivo principal de Alcaraz y su equipo. El Masters 1000 de Toronto arranca el d\u00eda 2 y Cincinnati, el 13. Ambas son citas en las que, por fin, el tenis podr\u00eda volver a disfrutar del mayor talento de los \u00faltimos tiempos.<\/p>\n","protected":false},"excerpt":{"rendered":"No ha sido el mes de mayo que se esperaba Carlos Alcaraz. El circuito, la tierra batida y,&hellip;\n","protected":false},"author":2,"featured_media":585024,"comment_status":"","ping_status":"","sticky":false,"template":"","format":"standard","meta":{"footnotes":""},"categories":[274],"tags":[4736,19156,415,168,3735,25,24,7381,10695,26032,23,167,327,326,2110],"class_list":["post-585023","post","type-post","status-publish","format-standard","has-post-thumbnail","category-tenis","tag-alcaraz","tag-amigos","tag-carlos","tag-deportes","tag-entrenamientos","tag-es","tag-espana","tag-extrano","tag-mayo","tag-sombra","tag-spain","tag-sports","tag-tenis","tag-tennis","tag-vacaciones"],"share_on_mastodon":{"url":"https:\/\/pubeurope.com\/@es\/116683022557551107","error":""},"_links":{"self":[{"href":"https:\/\/www.europesays.com\/es\/wp-json\/wp\/v2\/posts\/585023","targetHints":{"allow":["GET"]}}],"collection":[{"href":"https:\/\/www.europesays.com\/es\/wp-json\/wp\/v2\/posts"}],"about":[{"href":"https:\/\/www.europesays.com\/es\/wp-json\/wp\/v2\/types\/post"}],"author":[{"embeddable":true,"href":"https:\/\/www.europesays.com\/es\/wp-json\/wp\/v2\/users\/2"}],"replies":[{"embeddable":true,"href":"https:\/\/www.europesays.com\/es\/wp-json\/wp\/v2\/comments?post=585023"}],"version-history":[{"count":0,"href":"https:\/\/www.europesays.com\/es\/wp-json\/wp\/v2\/posts\/585023\/revisions"}],"wp:featuredmedia":[{"embeddable":true,"href":"https:\/\/www.europesays.com\/es\/wp-json\/wp\/v2\/media\/585024"}],"wp:attachment":[{"href":"https:\/\/www.europesays.com\/es\/wp-json\/wp\/v2\/media?parent=585023"}],"wp:term":[{"taxonomy":"category","embeddable":true,"href":"https:\/\/www.europesays.com\/es\/wp-json\/wp\/v2\/categories?post=585023"},{"taxonomy":"post_tag","embeddable":true,"href":"https:\/\/www.europesays.com\/es\/wp-json\/wp\/v2\/tags?post=585023"}],"curies":[{"name":"wp","href":"https:\/\/api.w.org\/{rel}","templated":true}]}}