{"id":585064,"date":"2026-06-02T23:39:14","date_gmt":"2026-06-02T23:39:14","guid":{"rendered":"https:\/\/www.europesays.com\/es\/585064\/"},"modified":"2026-06-02T23:39:14","modified_gmt":"2026-06-02T23:39:14","slug":"florentino-explica-por-que-quiere-vender-el-5-del-real-madrid-desde-el-punto-de-vista-economico-los-socios-no-tenemos-nada-futbol","status":"publish","type":"post","link":"https:\/\/www.europesays.com\/es\/585064\/","title":{"rendered":"Florentino explica por qu\u00e9 quiere vender el 5% del Real Madrid: \u00abDesde el punto de vista econ\u00f3mico, los socios no tenemos nada\u00bb | F\u00fatbol"},"content":{"rendered":"<p>La privatizaci\u00f3n del Real Madrid est\u00e1 siendo la cuesti\u00f3n central en la carrera electoral de las elecciones a la presidencia del club merengue. <a href=\"https:\/\/cadenaser.com\/nacional\/2026\/06\/01\/riquelme-cierra-la-puerta-a-la-privatizacion-del-real-madrid-hablan-de-devolver-el-club-a-los-socios-cuando-en-realidad-es-suyo-cadena-ser\/\" target=\"_blank\" rel=\"noreferrer nofollow noopener\" title=\"https:\/\/cadenaser.com\/nacional\/2026\/06\/01\/riquelme-cierra-la-puerta-a-la-privatizacion-del-real-madrid-hablan-de-devolver-el-club-a-los-socios-cuando-en-realidad-es-suyo-cadena-ser\/\">Enrique Riquelme insisti\u00f3 en El Larguero del pasado lunes que la idea de Florentino P\u00e9rez es privatizar el club<\/a>. \u00abVender es privatizar el club, claro que s\u00ed. Esto viene de lejos, de varias asambleas, donde se est\u00e1 intentando vender al socio la idea de la venta del club\u00bb, expres\u00f3 en la entrevista con Manu Carre\u00f1o, en la que <a href=\"https:\/\/cadenaser.com\/nacional\/2026\/06\/01\/enrique-riquelme-si-yo-soy-presidente-don-raul-gonzalez-blanco-sera-el-director-deportivo-del-real-madrid-cadena-ser\/\" target=\"_blank\" rel=\"noreferrer nofollow noopener\" title=\"https:\/\/cadenaser.com\/nacional\/2026\/06\/01\/enrique-riquelme-si-yo-soy-presidente-don-raul-gonzalez-blanco-sera-el-director-deportivo-del-real-madrid-cadena-ser\/\">desvel\u00f3 el nombre de su director deportivo<\/a>. <\/p>\n<p>Florentino P\u00e9rez vuelve a defender su modelo en un v\u00eddeo publicado en sus redes sociales creadas para las elecciones. \u00abEl Real Madrid no se vende\u00bb es el t\u00edtulo del mismo. El mandatario blanco garantiza que \u00abel club va a seguir siendo de sus socios\u00bb. \u00abVa a tener su presidente, su junta directiva, su asamblea de compromisarios que se elegir\u00e1n cada cuatro a\u00f1os y todo lo que es importante en el club se va a hacer como hasta ahora\u00bb, explica. <\/p>\n<p>Un nuevo ataque a Enrique Riquelme<\/p>\n<p>\u00abLos que quieren enga\u00f1ar, que va a cambiar y no s\u00e9 qu\u00e9, tienen ganas de perturbar\u00bb, mensaje directo al empresario alicantino, ya que es la \u00fanica alternativa. \u00abEl que dice eso o no se ha enterado o no quiere que usted se entere, porque es justo lo contrario lo que queremos hacer\u00bb, agrega. <\/p>\n<p>M\u00e1s informaci\u00f3n<\/p>\n<p>\u00abLa situaci\u00f3n actual es muy peligrosa, porque en el fondo viene una junta directiva sin escr\u00fapulos, endeuda al club, lo arruina y, cuando no vale nada, pues se hace con el club por un euro, que lo hemos visto en otros clubes y no quiero que pase en el Real Madrid\u00bb, recuerda Florentino c\u00f3mo \u00abse encontr\u00f3 el club\u00bb. \u00abYo quiero que siempre sea de sus socios\u00bb, reitera. \u00abY ese peligro puede venir desde dentro, porque imag\u00ednese que viene una junta directiva que le da por hacer un mill\u00f3n de socios, pues nos han quitado el club\u00bb, alerta. <\/p>\n<p>Una nueva dimensi\u00f3n para el socio<\/p>\n<p>Florentino explica su cambio a partir de que los socios del Real Madrid son socios \u00abdesde el punto de vista rom\u00e1ntico y sentimental\u00bb, pero no tienen nada \u00abdesde el punto de vista econ\u00f3mico\u00bb. \u00abLa aut\u00e9ntica propiedad es tambi\u00e9n siendo nosotros los due\u00f1os del valor que tenga el Real Madrid y que lo puedan heredar nuestros hijos cuando nosotros nos muramos. Porque hoy te entierran y se acaba la relaci\u00f3n con el Real Madrid de por vida, para ti y para tus descendientes\u00bb, a\u00f1ade el tema hereditario. <\/p>\n<p>    <img decoding=\"async\" src=\"https:\/\/www.europesays.com\/es\/wp-content\/uploads\/2026\/06\/1780443554_211_app-ser-3.png\" alt=\"Nueva APP de Cadena SER\" loading=\"lazy\" width=\"109\" height=\"82\"\/><\/p>\n<p>Descubre la nueva app de Cadena\u00a0SER<br \/>\n        Te ofrecemos una mejor experiencia de audio y video\n    <\/p>\n<p>    <a href=\"https:\/\/trackingcodes.prisamedia.com\/ser.html?utm_campaign=app-include-articulo&amp;utm_source=web\" class=\"p-a-fa-b\" rel=\"nofollow noopener\" target=\"_blank\">Descargar<\/a><\/p>\n<p>M\u00e1s informaci\u00f3n<\/p>\n<p>\u00abEl club va a seguir siendo del club, con sus \u00f3rganos de gobierno como hasta ahora. El club puede crear una sociedad que es 100% del club, donde llevemos las actividades de futbol y baloncesto, con el \u00fanico fin de que, si queremos valorar lo que vale el club, pueda dar entrada una cosa simb\u00f3lica, alguien que la valore\u00bb, se\u00f1ala c\u00f3mo tiene pensado hacerlo. <\/p>\n<p>\u00abSi llegado el momento, los socios decidimos dar entrada a un inversor con un m\u00e1ximo del 5% para que nos valore el club, esa marca global no va a mandar en el club ni va a participar en ninguna de sus decisiones\u00bb, esta es la clave, seg\u00fan Florentino, de por qu\u00e9 \u00abno es privatizar el club, es todo lo contrario, es dar la propiedad econ\u00f3mica del club a los socios\u00bb. \u00abPor primera vez, los socios del Real Madrid ser\u00e1n propietarios econ\u00f3micos del club, que eso es lo que nos da la propiedad total. Ahora somos propietarios de un s\u00edmbolo de un orgullo, pero econ\u00f3micamente hablando no tenemos nada\u00bb, sintetiza el mensaje. <\/p>\n","protected":false},"excerpt":{"rendered":"La privatizaci\u00f3n del Real Madrid est\u00e1 siendo la cuesti\u00f3n central en la carrera electoral de las elecciones a&hellip;\n","protected":false},"author":2,"featured_media":585065,"comment_status":"","ping_status":"","sticky":false,"template":"","format":"standard","meta":{"footnotes":""},"categories":[93],"tags":[111135,111136,168,25,24,111137,58754,111138,23,167],"class_list":["post-585064","post","type-post","status-publish","format-standard","has-post-thumbnail","category-deportes","tag-acting-president","tag-candidacy","tag-deportes","tag-es","tag-espana","tag-melia-castilla-hotel","tag-presentation","tag-presidency-of-real-madrid-cf","tag-spain","tag-sports"],"share_on_mastodon":{"url":"https:\/\/pubeurope.com\/@es\/116683156697206646","error":""},"_links":{"self":[{"href":"https:\/\/www.europesays.com\/es\/wp-json\/wp\/v2\/posts\/585064","targetHints":{"allow":["GET"]}}],"collection":[{"href":"https:\/\/www.europesays.com\/es\/wp-json\/wp\/v2\/posts"}],"about":[{"href":"https:\/\/www.europesays.com\/es\/wp-json\/wp\/v2\/types\/post"}],"author":[{"embeddable":true,"href":"https:\/\/www.europesays.com\/es\/wp-json\/wp\/v2\/users\/2"}],"replies":[{"embeddable":true,"href":"https:\/\/www.europesays.com\/es\/wp-json\/wp\/v2\/comments?post=585064"}],"version-history":[{"count":0,"href":"https:\/\/www.europesays.com\/es\/wp-json\/wp\/v2\/posts\/585064\/revisions"}],"wp:featuredmedia":[{"embeddable":true,"href":"https:\/\/www.europesays.com\/es\/wp-json\/wp\/v2\/media\/585065"}],"wp:attachment":[{"href":"https:\/\/www.europesays.com\/es\/wp-json\/wp\/v2\/media?parent=585064"}],"wp:term":[{"taxonomy":"category","embeddable":true,"href":"https:\/\/www.europesays.com\/es\/wp-json\/wp\/v2\/categories?post=585064"},{"taxonomy":"post_tag","embeddable":true,"href":"https:\/\/www.europesays.com\/es\/wp-json\/wp\/v2\/tags?post=585064"}],"curies":[{"name":"wp","href":"https:\/\/api.w.org\/{rel}","templated":true}]}}