{"id":585222,"date":"2026-06-03T01:53:49","date_gmt":"2026-06-03T01:53:49","guid":{"rendered":"https:\/\/www.europesays.com\/es\/585222\/"},"modified":"2026-06-03T01:53:49","modified_gmt":"2026-06-03T01:53:49","slug":"belin-dialoga-con-velazquez-y-sorolla-en-colnaghi-una-de-las-galerias-mas-importantes-del-mundo","status":"publish","type":"post","link":"https:\/\/www.europesays.com\/es\/585222\/","title":{"rendered":"Belin dialoga con Vel\u00e1zquez y Sorolla en Colnaghi, una de las galer\u00edas m\u00e1s importantes del mundo"},"content":{"rendered":"<p class=\"wp-block-paragraph\">El artista urbano linarense <strong>Miguel \u00c1ngel Belinch\u00f3n, Belin<\/strong>, vive uno de los momentos m\u00e1s determinantes de su trayectoria con una exposici\u00f3n de enorme relevancia en la prestigiosa <strong><a href=\"https:\/\/www.colnaghispain.com\/\" rel=\"nofollow noopener\" target=\"_blank\">Galer\u00eda Colnaghi <\/a><\/strong>de Madrid, donde su obra comparte espacio con referentes universales de la historia de la pintura como <strong>Diego Vel\u00e1zquez o Joaqu\u00edn Sorolla<\/strong>.<\/p>\n<p class=\"wp-block-paragraph\">En este proyecto, considerado por el propio artista como un<strong> punto de inflexi\u00f3n en su carrera<\/strong>, Belin lleva su lenguaje urbano a un escenario de m\u00e1xima reputaci\u00f3n, estableciendo un di\u00e1logo directo entre la <strong>contemporaneidad del arte callejero y la tradici\u00f3n pict\u00f3rica cl\u00e1sica<\/strong>. La iniciativa ha supuesto un <strong>cruce simb\u00f3lico<\/strong> entre \u00e9pocas, estilos y sensibilidades.<\/p>\n<p>Entre Vel\u00e1zquez y Sorolla<\/p>\n<p class=\"wp-block-paragraph\">\u201cCompartir espacio con maestros universales como Vel\u00e1zquez, Sorolla y otros gigantes de la historia del arte no solo ha marcado algo imborrable en mi carrera\u2026 ha marcado mi alma\u201d, expresa el artista, sintetizando la carga emocional de una experiencia que va m\u00e1s all\u00e1 de lo expositivo.<\/p>\n<p class=\"wp-block-paragraph\">El proyecto de Colnaghi plantea una puesta en escena singular: <strong>obras contempor\u00e1neas integradas en conversaci\u00f3n visual con piezas hist\u00f3ricas<\/strong>, generando un recorrido donde el pasado y el presente se observan, se tensionan y se reconocen mutuamente. En ese contexto, <strong>la obra de Belin no aparece como contraste, sino como continuidad inesperada de una misma historia del arte<\/strong>.<\/p>\n<p><img fetchpriority=\"high\" decoding=\"async\" width=\"810\" height=\"1080\" data-id=\"67565\" src=\"https:\/\/www.europesays.com\/es\/wp-content\/uploads\/2026\/06\/Exposicion-Belin-Madrid-7-810x1080.jpg\" alt=\"\" class=\"wp-image-67565\"  \/><\/p>\n<p><img loading=\"lazy\" decoding=\"async\" width=\"810\" height=\"1080\" data-id=\"67567\" src=\"https:\/\/www.europesays.com\/es\/wp-content\/uploads\/2026\/06\/Exposicion-Belin-Madrid-9-810x1080.jpg\" alt=\"\" class=\"wp-image-67567\"  \/><\/p>\n<p><img loading=\"lazy\" decoding=\"async\" width=\"810\" height=\"1080\" data-id=\"67566\" src=\"https:\/\/www.europesays.com\/es\/wp-content\/uploads\/2026\/06\/Exposicion-Belin-Madrid-8-810x1080.jpg\" alt=\"\" class=\"wp-image-67566\"  \/><\/p>\n<p><img loading=\"lazy\" decoding=\"async\" width=\"1620\" height=\"1080\" data-id=\"67564\" src=\"https:\/\/www.europesays.com\/es\/wp-content\/uploads\/2026\/06\/Exposicion-Belin-Madrid-3-1620x1080.jpg\" alt=\"\" class=\"wp-image-67564\"  \/><\/p>\n<p class=\"wp-block-paragraph\">La muestra re\u00fane una selecci\u00f3n de las <strong>\u00faltimas creaciones <\/strong>del artista linarense, donde consolida su <strong>caracter\u00edstico lenguaje de deconstrucci\u00f3n del rostro y el color en di\u00e1logo directo <\/strong>con el espacio de la prestigiosa firma de arte internacional. <\/p>\n<p class=\"wp-block-paragraph\">La exhibici\u00f3n, que tuvo su sesi\u00f3n de apertura el pasado jueves 21 de mayo, permanecer\u00e1 instalada y accesible para visitantes durante un mes completo, estando fijada su fecha oficial de<strong> clausura <\/strong>para el pr\u00f3ximo <strong>21 de junio<\/strong>.<\/p>\n<p>Emocionado <\/p>\n<p class=\"wp-block-paragraph\">El artista subraya precisamente esa dimensi\u00f3n de di\u00e1logo como el n\u00facleo de la experiencia. \u00abLo m\u00e1s emocionante para m\u00ed no ha sido \u00fanicamente exponer junto a ellos, sino crear obras capaces de dialogar desde el respeto, la emoci\u00f3n y la contemporaneidad con artistas que han construido la historia de la pintura\u00bb, indica en una publicaci\u00f3n en sus redes sociales. \u00abSentir ese di\u00e1logo vivo entre pasado y presente ha cambiado profundamente mi manera de entender el arte y tambi\u00e9n mi manera de entender la vida\u00bb, a\u00f1ade.<\/p>\n<p class=\"wp-block-paragraph\">La inauguraci\u00f3n dej\u00f3 adem\u00e1s un fuerte impacto emocional en el creador, que recuerda una atm\u00f3sfera cargada de intensidad. \u00abLa energ\u00eda que se respir\u00f3 aquella noche, las personas que me acompa\u00f1asteis, la m\u00fasica, las conversaciones, las miradas frente a las obras\u2026 todo sigue latiendo dentro de m\u00ed. Todav\u00eda me quita el sue\u00f1o pensar en lo vivido\u00bb, confiesa.<\/p>\n<p><img loading=\"lazy\" decoding=\"async\" width=\"810\" height=\"1080\" data-id=\"67573\" src=\"https:\/\/www.europesays.com\/es\/wp-content\/uploads\/2026\/06\/Exposicion-Belin-Madrid-6-810x1080.jpg\" alt=\"\" class=\"wp-image-67573\"  \/><\/p>\n<p><img loading=\"lazy\" decoding=\"async\" width=\"810\" height=\"1080\" data-id=\"67572\" src=\"https:\/\/www.europesays.com\/es\/wp-content\/uploads\/2026\/06\/Exposicion-Belin-Madrid-5-1-810x1080.jpg\" alt=\"\" class=\"wp-image-67572\"  \/><\/p>\n<p><img loading=\"lazy\" decoding=\"async\" width=\"810\" height=\"1080\" data-id=\"67568\" src=\"https:\/\/www.europesays.com\/es\/wp-content\/uploads\/2026\/06\/Exposicion-Belin-Madrid-2-810x1080.jpg\" alt=\"\" class=\"wp-image-67568\"  \/><\/p>\n<p>Agradecido<\/p>\n<p class=\"wp-block-paragraph\">M\u00e1s all\u00e1 de lo art\u00edstico, Belin ha querido destacar el papel de quienes han acompa\u00f1ado su carrera en este proyecto. En especial, ha agradecido a la experta en mercado de arte <strong>Ana Pomar<\/strong> por su apoyo constante y su confianza en su trabajo, as\u00ed como a <strong>D\u00e1maso Belenguer<\/strong>, representante de Colnaghi en Espa\u00f1a, por facilitar su presencia en una de las galer\u00edas m\u00e1s influyentes del mundo del arte.<\/p>\n<p class=\"wp-block-paragraph\">\u00abHay momentos que te transforman para siempre. Y esta exposici\u00f3n ha sido uno de ellos\u00bb, resume el linarense, que consolida as\u00ed una trayectoria internacional ya reconocida con presencia en ciudades como Par\u00eds, Nueva York, Miami, Los \u00c1ngeles, Londres, Hong Kong o Bangkok, entre muchas otras.<\/p>\n<p class=\"wp-block-paragraph\">Con esta exposici\u00f3n, Belin reafirma su posici\u00f3n como <strong>uno de los creadores urbanos espa\u00f1oles con mayor proyecci\u00f3n internacional<\/strong>, capaz de transitar entre el arte urbano y el circuito muse\u00edstico con una identidad propia que no pierde fuerza en ning\u00fan contexto.<\/p>\n<p><img loading=\"lazy\" decoding=\"async\" width=\"810\" height=\"1080\" src=\"https:\/\/www.europesays.com\/es\/wp-content\/uploads\/2026\/06\/Exposicion-Belin-Madrid-1-810x1080.jpg\" alt=\"\" class=\"wp-image-67563\"  \/>Belin, flanqueado por D\u00e1maso Belenguer y Ana Pomar. <\/p>\n<p class=\"wp-block-paragraph\">Fotos subidas por Belin a las redes sociales<\/p>\n","protected":false},"excerpt":{"rendered":"El artista urbano linarense Miguel \u00c1ngel Belinch\u00f3n, Belin, vive uno de los momentos m\u00e1s determinantes de su trayectoria&hellip;\n","protected":false},"author":2,"featured_media":585223,"comment_status":"","ping_status":"","sticky":false,"template":"","format":"standard","meta":{"footnotes":""},"categories":[173],"tags":[229,11435,233,231,230,62660,3000,232,234,146,147,25,24,2003,61,783,205,24500,23],"class_list":["post-585222","post","type-post","status-publish","format-standard","has-post-thumbnail","category-arte-y-diseno","tag-arte","tag-arte-urbano","tag-arte-y-diseno","tag-arts","tag-arts-and-design","tag-belin","tag-coleccion","tag-design","tag-diseno","tag-entertainment","tag-entretenimiento","tag-es","tag-espana","tag-exposicion","tag-internacional","tag-linares","tag-madrid","tag-prestigio","tag-spain"],"share_on_mastodon":{"url":"https:\/\/pubeurope.com\/@es\/116683683375656510","error":""},"_links":{"self":[{"href":"https:\/\/www.europesays.com\/es\/wp-json\/wp\/v2\/posts\/585222","targetHints":{"allow":["GET"]}}],"collection":[{"href":"https:\/\/www.europesays.com\/es\/wp-json\/wp\/v2\/posts"}],"about":[{"href":"https:\/\/www.europesays.com\/es\/wp-json\/wp\/v2\/types\/post"}],"author":[{"embeddable":true,"href":"https:\/\/www.europesays.com\/es\/wp-json\/wp\/v2\/users\/2"}],"replies":[{"embeddable":true,"href":"https:\/\/www.europesays.com\/es\/wp-json\/wp\/v2\/comments?post=585222"}],"version-history":[{"count":0,"href":"https:\/\/www.europesays.com\/es\/wp-json\/wp\/v2\/posts\/585222\/revisions"}],"wp:featuredmedia":[{"embeddable":true,"href":"https:\/\/www.europesays.com\/es\/wp-json\/wp\/v2\/media\/585223"}],"wp:attachment":[{"href":"https:\/\/www.europesays.com\/es\/wp-json\/wp\/v2\/media?parent=585222"}],"wp:term":[{"taxonomy":"category","embeddable":true,"href":"https:\/\/www.europesays.com\/es\/wp-json\/wp\/v2\/categories?post=585222"},{"taxonomy":"post_tag","embeddable":true,"href":"https:\/\/www.europesays.com\/es\/wp-json\/wp\/v2\/tags?post=585222"}],"curies":[{"name":"wp","href":"https:\/\/api.w.org\/{rel}","templated":true}]}}