{"id":585325,"date":"2026-06-03T03:16:12","date_gmt":"2026-06-03T03:16:12","guid":{"rendered":"https:\/\/www.europesays.com\/es\/585325\/"},"modified":"2026-06-03T03:16:12","modified_gmt":"2026-06-03T03:16:12","slug":"mostoles-se-tine-de-verde-para-visibilizar-la-miastenia-gravis","status":"publish","type":"post","link":"https:\/\/www.europesays.com\/es\/585325\/","title":{"rendered":"M\u00f3stoles se ti\u00f1e de verde para visibilizar la miastenia gravis"},"content":{"rendered":"<ul>\n<li class=\" cmAlignjustify\"><strong>La miastenia gravis<\/strong> <strong>afecta en Espa\u00f1a a unas 15.000 personas y cada a\u00f1o se diagnostican unos 700 nuevos casos.<\/strong><\/li>\n<\/ul>\n<p class=\"cmParagraph cmAlignjustify\"><img loading=\"lazy\" decoding=\"async\" src=\"https:\/\/www.europesays.com\/es\/wp-content\/uploads\/2026\/06\/1464346-destacada Ayuntamiento iluminado de verde 2025 copia.jpg\" width=\"400\" height=\"225\" alt=\"destacada Ayuntamiento iluminado de verde 2025 copia\"\/>El Ayuntamiento de M\u00f3stoles iluminar\u00e1 hoy de verde su fachada y el monumento Andr\u00e9s Torrej\u00f3n con motivo del D\u00eda Internacional de la Miastenia, que se celebra cada 2 de junio. <\/p>\n<p class=\"cmParagraph cmAlignjustify\">Con esta iniciativa, el Consistorio busca dar visibilidad y concienciar sobre la miastenia gravis, una enfermedad neuromuscular, de origen desconocido, cr\u00f3nica y autoinmune que se caracteriza por la debilidad y fatiga de los m\u00fasculos esquel\u00e9ticos o voluntarios del cuerpo. <\/p>\n<p class=\"cmParagraph cmAlignjustify\">El principal s\u00edntoma de la miastenia gravis es la debilidad muscular, que se intensifica con la actividad f\u00edsica y disminuye tras periodos de descanso. Esta debilidad puede afectar a distintos grupos musculares, provocando alteraciones en la visi\u00f3n, la expresi\u00f3n facial, el habla, la masticaci\u00f3n, la respiraci\u00f3n y la movilidad corporal. <\/p>\n<p class=\"cmParagraph cmAlignjustify\">Seg\u00fan datos de la Sociedad Espa\u00f1ola de Neurolog\u00eda (SEN), esta patolog\u00eda afecta en Espa\u00f1a a unas 15.000 personas y cada a\u00f1o se diagnostican unos 700 nuevos casos. Aunque puede afectar a personas de cualquier edad, es m\u00e1s com\u00fan en mujeres menores de 40 a\u00f1os y hombres mayores de 60 a\u00f1os.<\/p>\n","protected":false},"excerpt":{"rendered":"La miastenia gravis afecta en Espa\u00f1a a unas 15.000 personas y cada a\u00f1o se diagnostican unos 700 nuevos&hellip;\n","protected":false},"author":2,"featured_media":585326,"comment_status":"","ping_status":"","sticky":false,"template":"","format":"standard","meta":{"footnotes":""},"categories":[5],"tags":[1201,6853,1250,17,18,6854,777,2800,5509,25,24,13,14,11,6852,1928,6850,19,20,6849,9,10,15,16,4111,6851,23,12,21,22,6855],"class_list":["post-585325","post","type-post","status-publish","format-standard","has-post-thumbnail","category-titulares","tag-alcalde","tag-atencioacuten-ciudadana","tag-ayuntamiento","tag-breaking-news","tag-breakingnews","tag-callejero","tag-ciudad","tag-distritos","tag-empleo","tag-es","tag-espana","tag-featured-news","tag-featurednews","tag-headlines","tag-inversioacuten","tag-joven","tag-juventud","tag-latest-news","tag-latestnews","tag-moacutestoles","tag-news","tag-noticias","tag-noticias-destacadas","tag-noticiasdestacadas","tag-presupuestos","tag-sede-electroacutenica","tag-spain","tag-titulares","tag-ultimas-noticias","tag-ultimasnoticias","tag-webs-municipales"],"share_on_mastodon":{"url":"https:\/\/pubeurope.com\/@es\/116684009829022424","error":""},"_links":{"self":[{"href":"https:\/\/www.europesays.com\/es\/wp-json\/wp\/v2\/posts\/585325","targetHints":{"allow":["GET"]}}],"collection":[{"href":"https:\/\/www.europesays.com\/es\/wp-json\/wp\/v2\/posts"}],"about":[{"href":"https:\/\/www.europesays.com\/es\/wp-json\/wp\/v2\/types\/post"}],"author":[{"embeddable":true,"href":"https:\/\/www.europesays.com\/es\/wp-json\/wp\/v2\/users\/2"}],"replies":[{"embeddable":true,"href":"https:\/\/www.europesays.com\/es\/wp-json\/wp\/v2\/comments?post=585325"}],"version-history":[{"count":0,"href":"https:\/\/www.europesays.com\/es\/wp-json\/wp\/v2\/posts\/585325\/revisions"}],"wp:featuredmedia":[{"embeddable":true,"href":"https:\/\/www.europesays.com\/es\/wp-json\/wp\/v2\/media\/585326"}],"wp:attachment":[{"href":"https:\/\/www.europesays.com\/es\/wp-json\/wp\/v2\/media?parent=585325"}],"wp:term":[{"taxonomy":"category","embeddable":true,"href":"https:\/\/www.europesays.com\/es\/wp-json\/wp\/v2\/categories?post=585325"},{"taxonomy":"post_tag","embeddable":true,"href":"https:\/\/www.europesays.com\/es\/wp-json\/wp\/v2\/tags?post=585325"}],"curies":[{"name":"wp","href":"https:\/\/api.w.org\/{rel}","templated":true}]}}