{"id":585352,"date":"2026-06-03T03:46:13","date_gmt":"2026-06-03T03:46:13","guid":{"rendered":"https:\/\/www.europesays.com\/es\/585352\/"},"modified":"2026-06-03T03:46:13","modified_gmt":"2026-06-03T03:46:13","slug":"fotos-del-homenaje-de-uharte-arakil-a-igor-arrieta-diario-de-navarra","status":"publish","type":"post","link":"https:\/\/www.europesays.com\/es\/585352\/","title":{"rendered":"Fotos del homenaje de Uharte Arakil a Igor Arrieta &#8211; Diario de Navarra"},"content":{"rendered":"<ol>\n<li><a href=\"https:\/\/news.google.com\/rss\/articles\/CBMi0gFBVV95cUxQVUZGUThuRThXNVlnOXdaM1A5WjlmeVpBNUhTTUZJOUdWY2Z5WWtHSVJpX1o1Zmhja0xMbTcxNTVMeW04c1JTSHpGR0VSTjJmMFdxeVh4bVlLZktrVnNONkluYS1vNzE2Q1o0dnRDVnpsSl96TUpsa2U0ZjJObzNFUFpPaEZ5WVNOajdZeDRPdXJYYXdrNWwyQkVnalo1eGUySjFHY0xUb0NvWWFXRmxaa1RSQmxxN1NHSGJrVlhDdlpWUEJKRDJHZS1zal9wOVFfNHc?oc=5\" target=\"_blank\" rel=\"nofollow noopener\">Fotos del homenaje de Uharte Arakil a Igor Arrieta<\/a>&nbsp;&nbsp;Diario de Navarra<\/li>\n<li><a href=\"https:\/\/news.google.com\/rss\/articles\/CBMipgFBVV95cUxQbW9uMXVVbkJISVEyMGdvWndtSjZLdkpIMzVQLVJ6M0ltVEJhUTh0NkRrRXhmM2JHMXVSSWVMOGlFbi1PWmNjaUM5dV8xUzZUNU1wRGQ2cHdBcXRzNEI3Q3llMHd0UjlHMEk5RU1qWmg1UW5OdVQ0U19yZHlCMF80bjAtU1YwVHV6eW5DWWxNSmh3bk5odGV6cEl2NEh5a2xJMlFKTkRB0gGrAUFVX3lxTE5BT1dydlJFbFE3Wnh4LU5JNmZhU3dTRjZPUUQ1T08zcXROaVhGaXpral91bUFtQkhaejB1NzB0MW5xN1BxWTI2YU9ZdGc5UjhOTzlLV2hsU21YaXo3ZF8zWnJiam5hYnFtWHpraFl5U1J4YXBaRm9VVzFyM1JqU241NXhabFh4bVFMLTh3MlprUUdfUk5GTGY2OVljZ2RzTWhMLWNRVzJBeFRvTQ?oc=5\" target=\"_blank\" rel=\"nofollow noopener\">\u201cPor suerte me est\u00e1 yendo muy bien el a\u00f1o y tengo ofertas para elegir\u201d<\/a>&nbsp;&nbsp;Noticias de Navarra<\/li>\n<li><a href=\"https:\/\/news.google.com\/rss\/articles\/CBMiswFBVV95cUxQVW9VVEU4MDFLTEE4TkhsYUE2b0ZtZEZWTHQ4MGhLMXp4OHhFQUJYd3R4by1ZMy1tczlMRm9jRDlMdG52LW1ONW1sN3hQRjFSZFAyQ1pyelJWTlhvTlJUYTh6VDNjX2hQeG5sTlhnTGcwRThfWURoWGp3VW5oZXJydTFlbVpFZ1czTXlhQmJvdnF1M0YxOUlZNWtfcExXM3ZMdnN1SlBIZkljTUlRWTJOR1Y0QQ?oc=5\" target=\"_blank\" rel=\"nofollow noopener\">Uharte Arakil se vuelca con Arrieta<\/a>&nbsp;&nbsp;Diario de Navarra<\/li>\n<li><a href=\"https:\/\/news.google.com\/rss\/articles\/CBMinwFBVV95cUxOSUsyNjRrMHVFbHp3ekQ2bk1fXzhzZG5MTGlNZG9acDVtVFdTYk1Sano0S0xZb3daYmtZX3Rid2pMNTkzQVFxT2ZuTExBWGNQaXR3d05DVHdXRkUya2FqYjBRVWhHQS1jUGl4bjY2eWNfMEtsbU95SGJTaWJNMXZzUXlrSDZCQjdJR203aUctUmtMTkk0Z2FKRlRRWXliSknSAaQBQVVfeXFMTWIwNTNPbFdLcWFDSFpxOUd5MGJrMEtHZ24xdlV1RXlWVjQwb25uSnNBNHB4SXRjdDlQLXBuVGRsbC1IVUJYS0J3N1RHVGdZd2tCR0V1bG5leF9UdWZTcXhNLUhFS2NDamdvMWtiZWRKNEhaMjV1OGFIM2x5bktNckprV2NlNEVZQmRqd0xUa0J4cUNyamZsa0tNd3lwbEJsRElaMHg?oc=5\" target=\"_blank\" rel=\"nofollow noopener\">El Giro dorado de Igor Arrieta y Markel Beloki<\/a>&nbsp;&nbsp;Deia<\/li>\n<li><a href=\"https:\/\/news.google.com\/rss\/articles\/CBMi6wFBVV95cUxQRHoyOGpzMUxxUzhDOEdmT2dld1BXVVVrRTR6UHI0OWJWdXhDQ0tydHB2Z1p0RU5pMThTdmdUUmwwdTlqSE5MdlIzd2txM2YtdUFOQnIzNDRKU092QnhraUpobzZaeHJlYkI1aVd3ekhEYXFUeG10VEVULTB0R3RudmF4SGExbmRGTS1zV1FrUDhQQ3c2OUZpWTZwdDhwdFBzMEduVldqLUw4TFRCc3psazFCanFRQWJOcFdDS1pjMGF6d2MyTFhvM2FkMVpOX1B6R3JZSzVRUWtzeWZKOVFHaXdRZFlJSE9RVDBJ?oc=5\" target=\"_blank\" rel=\"nofollow noopener\">Igor Arrieta: \u00abHe visto solo una vez la etapa del Giro que gan\u00e9, y me emocion\u00e9. La recordar\u00e9 siempre\u00bb<\/a>&nbsp;&nbsp;Diario de Navarra<\/li>\n<\/ol>\n","protected":false},"excerpt":{"rendered":"Fotos del homenaje de Uharte Arakil a Igor Arrieta&nbsp;&nbsp;Diario de Navarra \u201cPor suerte me est\u00e1 yendo muy bien&hellip;\n","protected":false},"author":2,"featured_media":585353,"comment_status":"","ping_status":"","sticky":false,"template":"","format":"standard","meta":{"footnotes":""},"categories":[273],"tags":[111164,313,312,168,25,24,1016,6552,3404,23,167,111163],"class_list":["post-585352","post","type-post","status-publish","format-standard","has-post-thumbnail","category-ciclismo","tag-arakil","tag-ciclismo","tag-cycling","tag-deportes","tag-es","tag-espana","tag-fotos","tag-homenaje","tag-igor","tag-spain","tag-sports","tag-uharte"],"share_on_mastodon":{"url":"https:\/\/pubeurope.com\/@es\/116684127312994782","error":""},"_links":{"self":[{"href":"https:\/\/www.europesays.com\/es\/wp-json\/wp\/v2\/posts\/585352","targetHints":{"allow":["GET"]}}],"collection":[{"href":"https:\/\/www.europesays.com\/es\/wp-json\/wp\/v2\/posts"}],"about":[{"href":"https:\/\/www.europesays.com\/es\/wp-json\/wp\/v2\/types\/post"}],"author":[{"embeddable":true,"href":"https:\/\/www.europesays.com\/es\/wp-json\/wp\/v2\/users\/2"}],"replies":[{"embeddable":true,"href":"https:\/\/www.europesays.com\/es\/wp-json\/wp\/v2\/comments?post=585352"}],"version-history":[{"count":0,"href":"https:\/\/www.europesays.com\/es\/wp-json\/wp\/v2\/posts\/585352\/revisions"}],"wp:featuredmedia":[{"embeddable":true,"href":"https:\/\/www.europesays.com\/es\/wp-json\/wp\/v2\/media\/585353"}],"wp:attachment":[{"href":"https:\/\/www.europesays.com\/es\/wp-json\/wp\/v2\/media?parent=585352"}],"wp:term":[{"taxonomy":"category","embeddable":true,"href":"https:\/\/www.europesays.com\/es\/wp-json\/wp\/v2\/categories?post=585352"},{"taxonomy":"post_tag","embeddable":true,"href":"https:\/\/www.europesays.com\/es\/wp-json\/wp\/v2\/tags?post=585352"}],"curies":[{"name":"wp","href":"https:\/\/api.w.org\/{rel}","templated":true}]}}