{"id":585430,"date":"2026-06-03T04:58:27","date_gmt":"2026-06-03T04:58:27","guid":{"rendered":"https:\/\/www.europesays.com\/es\/585430\/"},"modified":"2026-06-03T04:58:27","modified_gmt":"2026-06-03T04:58:27","slug":"continuidad-que-roza-la-excelencia","status":"publish","type":"post","link":"https:\/\/www.europesays.com\/es\/585430\/","title":{"rendered":"Continuidad que roza la excelencia"},"content":{"rendered":"<p>El S\u00faper Agropal Palencia confirm\u00f3 su clasificaci\u00f3n para la Final Four de ascenso a la Liga ACB despu\u00e9s de superar en el play-off (3-2) al Flexicar Fuenlabrada. Con el billete para La Coru\u00f1a, el club certific\u00f3 su presencia en la cuarta final a cuatro en los \u00faltimos cinco a\u00f1os. Es decir, el Palencia Baloncesto, en las cinco \u00faltimas temporadas, ha alcanzado todas las Final Four que se han disputado, a excepci\u00f3n de la de 2024, cuando el equipo militaba en la Liga ACB. O lo que es lo mismo, el club que preside Gonzalo Ib\u00e1\u00f1ez ha establecido una continuidad competitiva que roza la excelencia, encontr\u00e1ndose a\u00f1o tras a\u00f1o entre los grandes proyectos de la liga y reafirm\u00e1ndolo en la pista, con un ascenso a la m\u00e1xima categor\u00eda incluido.<\/p>\n<p><b>DE FONTAJAU AL COLISEUM.<\/b>\u00a0Desde el a\u00f1o 2021, cuando el Breog\u00e1n ascendi\u00f3 superando 2-1 al Covir\u00e1n Granada en una liga at\u00edpica marcada por las secuelas del covid, el segundo ascenso a la ACB se decide a trav\u00e9s de una Final Four.<\/p>\n<p>En esa primera temporada 2021\/22, el Palencia Baloncesto ya estaba entre los cuatro mejores. El Covir\u00e1n Granada se sac\u00f3 la espina del a\u00f1o anterior y pudo ascender de manera directa, mientras que Palencia, Movistar Estudiantes, Lleida y Girona se clasificaron para una final a cuatro que se disput\u00f3 en Fontajau. El cuadro palentino lo hizo despu\u00e9s de ser quinto en la liga regular y ganar por la v\u00eda r\u00e1pida (3-0) al Oviedo en el play-off. En las semifinales, los colegiales no tuvieron ninguna opci\u00f3n contra el Movistar Estudiantes (89-62), que perdi\u00f3 la final ante el anfitri\u00f3n, el Girona de Marc Gasol, que ascendi\u00f3 a la ACB. Sin embargo, el Palencia Baloncesto sembr\u00f3 una semilla que germin\u00f3 el a\u00f1o siguiente.<\/p>\n<p>En la campa\u00f1a siguiente, el Palencia, que gan\u00f3 la Copa Princesa, termin\u00f3 segundo tras el Andorra de Natxo Lezkano, que permaneci\u00f3 intratable. Los palentinos barrieron (3-0) en el play-off al Alicante para clasificarse a una Final Four que se disput\u00f3 en el Coliseum de Burgos, en la que tambi\u00e9n estuvieron el anfitri\u00f3n, San Pablo, Gipuzkoa y Real Valladolid. En la semifinal, los de Pedro Rivero se impusieron al equipo vallisoletano (90-60), e hicieron lo propio en la final ante el San Pablo Burgos (95-83) para ascender a ACB.<\/p>\n<p>Tras su paso por la ACB, el S\u00faper Agropal Palencia regres\u00f3 a Primera FEB y lo hizo con la misma fuerza que cuando se march\u00f3. En su vuelta a la categor\u00eda, el equipo morado termin\u00f3 sexto y se emparej\u00f3, sin factor cancha, con el Monbus Obradoiro en el play-off. En una eliminatoria para el recuerdo, los colegiales vencieron 3-1 a los gallegos, consiguiendo el pase para otra final a cuatro, la de la Caja M\u00e1gica de Madrid, en la que coincidieron con Flexicar Fuenlabrada, Movistar Estudiantes y Real Betis Baloncesto. En semifinales, ante el conjunto fuenlabre\u00f1o, los palentinos perdieron 75-73 y se despidieron del sue\u00f1o de la ACB.<\/p>\n<p>Por \u00faltimo, este a\u00f1o, otro m\u00e1s y van cuatro en las \u00faltimas cinco temporadas, el S\u00faper Agropal Palencia se ha vuelto a meter en otra final Final Four de ascenso a la m\u00e1xima categor\u00eda. Siendo tercero y superando al Fuenlabrada en el play-off, los de Lezkano volver\u00e1n a luchar por otro ascenso, confirmando el \u00e9xito de un proyecto sostenible y ambicioso que se sit\u00faa, curso tras curso, entre los mejores.<\/p>\n","protected":false},"excerpt":{"rendered":"El S\u00faper Agropal Palencia confirm\u00f3 su clasificaci\u00f3n para la Final Four de ascenso a la Liga ACB despu\u00e9s&hellip;\n","protected":false},"author":2,"featured_media":585431,"comment_status":"","ping_status":"","sticky":false,"template":"","format":"standard","meta":{"footnotes":""},"categories":[269],"tags":[299,298,291,3920,2272,168,25,24,2612,3923,12000,18013,7386,831,4346,205,18956,3924,3917,3919,23,167,3922],"class_list":["post-585430","post","type-post","status-publish","format-standard","has-post-thumbnail","category-baloncesto","tag-baloncesto","tag-basketball","tag-betis","tag-coliseum","tag-covid-19","tag-deportes","tag-es","tag-espana","tag-feb","tag-federacion-espanola-de-baloncesto","tag-final-four","tag-girona-fc","tag-la-coruna","tag-liga-acb","tag-lleida","tag-madrid","tag-marc-gasol","tag-movistar-estudiantes","tag-primera-feb","tag-san-pablo-burgos","tag-spain","tag-sports","tag-zunder-palencia"],"share_on_mastodon":{"url":"https:\/\/pubeurope.com\/@es\/116684410546174760","error":""},"_links":{"self":[{"href":"https:\/\/www.europesays.com\/es\/wp-json\/wp\/v2\/posts\/585430","targetHints":{"allow":["GET"]}}],"collection":[{"href":"https:\/\/www.europesays.com\/es\/wp-json\/wp\/v2\/posts"}],"about":[{"href":"https:\/\/www.europesays.com\/es\/wp-json\/wp\/v2\/types\/post"}],"author":[{"embeddable":true,"href":"https:\/\/www.europesays.com\/es\/wp-json\/wp\/v2\/users\/2"}],"replies":[{"embeddable":true,"href":"https:\/\/www.europesays.com\/es\/wp-json\/wp\/v2\/comments?post=585430"}],"version-history":[{"count":0,"href":"https:\/\/www.europesays.com\/es\/wp-json\/wp\/v2\/posts\/585430\/revisions"}],"wp:featuredmedia":[{"embeddable":true,"href":"https:\/\/www.europesays.com\/es\/wp-json\/wp\/v2\/media\/585431"}],"wp:attachment":[{"href":"https:\/\/www.europesays.com\/es\/wp-json\/wp\/v2\/media?parent=585430"}],"wp:term":[{"taxonomy":"category","embeddable":true,"href":"https:\/\/www.europesays.com\/es\/wp-json\/wp\/v2\/categories?post=585430"},{"taxonomy":"post_tag","embeddable":true,"href":"https:\/\/www.europesays.com\/es\/wp-json\/wp\/v2\/tags?post=585430"}],"curies":[{"name":"wp","href":"https:\/\/api.w.org\/{rel}","templated":true}]}}