{"id":585476,"date":"2026-06-03T05:34:13","date_gmt":"2026-06-03T05:34:13","guid":{"rendered":"https:\/\/www.europesays.com\/es\/585476\/"},"modified":"2026-06-03T05:34:13","modified_gmt":"2026-06-03T05:34:13","slug":"la-fabrica-de-coches-de-saic-en-ferrol-una-oportunidad-para-la-modernizacion-del-ferrocarril-de-lugo-con-los-puertos-coruneses-la-voz-de-galicia","status":"publish","type":"post","link":"https:\/\/www.europesays.com\/es\/585476\/","title":{"rendered":"La f\u00e1brica de coches de SAIC en Ferrol, una oportunidad para la modernizaci\u00f3n del ferrocarril de Lugo con los puertos coru\u00f1eses &#8211; La Voz de Galicia"},"content":{"rendered":"<ol>\n<li><a href=\"https:\/\/news.google.com\/rss\/articles\/CBMihAJBVV95cUxQOTd5aUdCdmNfWGJTVDcwR2NFa0otbHFfd1p6bGdlekQ5Ul82V3hmeXFHYjZRV1cwOVMzYmFPVGJqNjU2enZoc1lhUy05WmdWcTBEbHVDTlpDMzF6U0ZUZWNjS1o0NnNQWldCWE1teFBkZGJ2VUhLN2JEZ1hXVkNVZjR2QjluSk5zZElPazQyRXJOaFdySjZDaXFDZGFCVXZONS1TaHBKYWkwNWxLdUJWMG9LMjY4LWJkX0x4alFUQ01GSEhYOGJ6RDVIc0Y2VlE2bWhldDJ4WUJmQ0lqWWlrMmRha3NVV0RfTkpXcEhCeDJOdzNIcHRQaGF4bHVrRDl0T01kag?oc=5\" target=\"_blank\" rel=\"nofollow noopener\">La f\u00e1brica de coches de SAIC en Ferrol, una oportunidad para la modernizaci\u00f3n del ferrocarril de Lugo con los puertos coru\u00f1eses<\/a>&nbsp;&nbsp;La Voz de Galicia<\/li>\n<li><a href=\"https:\/\/news.google.com\/rss\/articles\/CBMieEFVX3lxTE9RN1ViV3hIVTY5Mm1CdEc5TUdLVHY3Qk5fS3BYclhNU1BRUUpCZ1FOOWw5MVlZLUJ1UFh3dUxlWTBYaVJzMi1KYXZMZmhnUTBaTVh1cHgxSFdkdFNhOFZ4RDJkcU9lelc3VVh4cTkzVkhXdzI3bExIM9IBeEFVX3lxTE1vUndYY3c4clJSd2RseDZLNVBtTHN6dGlTOE1fRHBaY2M5YmtMMkZySlBiUEdYTnRURTJ3N2EzOE5QWURobURtVmFHTzBUVkxRNWhfNVJHM2JGSXEzN2N1TXQ3VGxOa0lVa09zZjlkcjB1RjIyZnN6Vw?oc=5\" target=\"_blank\" rel=\"nofollow noopener\">Espa\u00f1a, el pa\u00eds que lidera la inversi\u00f3n de las marcas chinas en Europa<\/a>&nbsp;&nbsp;El Mundo<\/li>\n<li><a href=\"https:\/\/news.google.com\/rss\/articles\/CBMivAFBVV95cUxPQWVreFMyOTBQczBxbGhkTGdXVFhiVEpZeVRRT3J5aGVfNzY2Q0hNNGZ1MXBEWTlKOHoyRjJYYkpKbWxxUG1tWG1GQ0tiWE1DcTBTa0ZYNmRFdEQ1SW1lNldZd1YzQVFXc2x5cVlRQjhVRVF5Vm9BVE9TdktEbXFGb0hZVDY4dHQ2M0NDQUxjell5TGdmSlVBRlF0RzFoOTdyRFlfeXF1VEpGS2dsNmp4TzZObGx4ZXNGd3ZHZ9IBwgFBVV95cUxNR2RNeExDdkdJVUY4UTlpR3pYb3RPZk5KZmNFRWloOTZxUVdSQVRob3JrU2JKTVdkUTFYc0VCRDZkVXlfaGUxem5MdGxoZWRtU1M0a0xRcXl3amVmNzJCeW50QlU0SHRrRGdFeklZVHZkdzZ1b0JTZGhsYkhISm5HZkM4XzFLUzRNMVExM1o2ZFlIRlRrQzE2d1FaUlMxc1NZcERuSEE2NVNoNW1QcnYwd2NVYUxQRm1jaEVBekJDRE1fdw?oc=5\" target=\"_blank\" rel=\"nofollow noopener\">Qu\u00e9 es realmente MG: cu\u00e1les son los coches que va a fabricar en Espa\u00f1a y por qu\u00e9 son tan baratos<\/a>&nbsp;&nbsp;El Debate<\/li>\n<li><a href=\"https:\/\/news.google.com\/rss\/articles\/CBMivAFBVV95cUxONGpKejFZU3JBT244NVZ5SS1fOFhNYnJ4TFhxWEkwQnJDWFF4R2FOMHM4Q052cndrQ2E4WDBDMDJkRFVJNURsMkNZaEJrTUtQZGdpQm5UV0dYWWZzbWJ5QTBFSnBqbXMtZ0FjTWdIV2pka1lyNFRVS0RFOTdhQmlXNS1US0dxVVdlSk1qNkMwaHJOQnd4ZWltUWI5b1doVFh3a1hvcU9VZTI2NGFvbkhzbmhGb0xnRzhRemg2cw?oc=5\" target=\"_blank\" rel=\"nofollow noopener\">Galicia afianza su liderazgo en el motor espa\u00f1ol<\/a>&nbsp;&nbsp;La Voz de Galicia<\/li>\n<li><a href=\"https:\/\/news.google.com\/rss\/articles\/CBMigAFBVV95cUxPcVM4WktYZkRaVS1sUXVNR09EeHdZUWxuWndzMGJIZ3R1VHpIaW54V19vZ0VGNE9iX1pLU1F2WklVSndrcnczTnJYWU5NMmx6czh2Mk5jWmRPaTBoV2VqancyN0FKSV9sV3o4WlNXRXNfV0M2SjdmZmRROEpvTm1vStIBgAFBVV95cUxNVVRuMTRTZk91M3ZOZ1JZaW1jNHNPUWVtWFdKY3pVaHBhVjZ0VFg3YlJsREx0U0ZkS2JVdkNQSlhNSUszZ29VTFBvRTdyaXQxd25WczV0OWhBR1ZLanJIVXhuWHRJSUxVZl9RakUtR0o5c2dnMW02TVlyNlN3ZnVvQg?oc=5\" target=\"_blank\" rel=\"nofollow noopener\">Los proveedores auto gallegos avisan: \u00abSAIC debe generar oportunidades en la cadena local\u00bb<\/a>&nbsp;&nbsp;Expansi\u00f3n<\/li>\n<\/ol>\n","protected":false},"excerpt":{"rendered":"La f\u00e1brica de coches de SAIC en Ferrol, una oportunidad para la modernizaci\u00f3n del ferrocarril de Lugo con&hellip;\n","protected":false},"author":2,"featured_media":585477,"comment_status":"","ping_status":"","sticky":false,"template":"","format":"standard","meta":{"footnotes":""},"categories":[80],"tags":[39615,82,46634,95,94,25,24,7859,22425,23],"class_list":["post-585476","post","type-post","status-publish","format-standard","has-post-thumbnail","category-economia","tag-a-coruna-ciudad","tag-business","tag-coche-electrico","tag-economia","tag-economy","tag-es","tag-espana","tag-ferrol-ciudad","tag-lugo-ciudad","tag-spain"],"share_on_mastodon":{"url":"https:\/\/pubeurope.com\/@es\/116684552300697525","error":""},"_links":{"self":[{"href":"https:\/\/www.europesays.com\/es\/wp-json\/wp\/v2\/posts\/585476","targetHints":{"allow":["GET"]}}],"collection":[{"href":"https:\/\/www.europesays.com\/es\/wp-json\/wp\/v2\/posts"}],"about":[{"href":"https:\/\/www.europesays.com\/es\/wp-json\/wp\/v2\/types\/post"}],"author":[{"embeddable":true,"href":"https:\/\/www.europesays.com\/es\/wp-json\/wp\/v2\/users\/2"}],"replies":[{"embeddable":true,"href":"https:\/\/www.europesays.com\/es\/wp-json\/wp\/v2\/comments?post=585476"}],"version-history":[{"count":0,"href":"https:\/\/www.europesays.com\/es\/wp-json\/wp\/v2\/posts\/585476\/revisions"}],"wp:featuredmedia":[{"embeddable":true,"href":"https:\/\/www.europesays.com\/es\/wp-json\/wp\/v2\/media\/585477"}],"wp:attachment":[{"href":"https:\/\/www.europesays.com\/es\/wp-json\/wp\/v2\/media?parent=585476"}],"wp:term":[{"taxonomy":"category","embeddable":true,"href":"https:\/\/www.europesays.com\/es\/wp-json\/wp\/v2\/categories?post=585476"},{"taxonomy":"post_tag","embeddable":true,"href":"https:\/\/www.europesays.com\/es\/wp-json\/wp\/v2\/tags?post=585476"}],"curies":[{"name":"wp","href":"https:\/\/api.w.org\/{rel}","templated":true}]}}