{"id":585583,"date":"2026-06-03T07:01:16","date_gmt":"2026-06-03T07:01:16","guid":{"rendered":"https:\/\/www.europesays.com\/es\/585583\/"},"modified":"2026-06-03T07:01:16","modified_gmt":"2026-06-03T07:01:16","slug":"la-heavy-482-ya-a-la-venta-en-nuestra-tienda-online-con-deep-purple-en-portada-junto-a-iron-maiden-judas-priest-within-temptation-y-limp-bizkit","status":"publish","type":"post","link":"https:\/\/www.europesays.com\/es\/585583\/","title":{"rendered":"La Heavy 482 ya a la venta en nuestra tienda online con Deep Purple en portada junto a Iron Maiden, Judas Priest, Within Temptation y Limp Bizkit"},"content":{"rendered":"<p><a href=\"https:\/\/tienda.mariskalrock.com\/producto\/la-heavy-482-ya-a-la-venta-con-deep-purple-en-portada-junto-a-iron-maiden-judas-priest-within-temptation-y-limp-bizkit\/\" target=\"_blank\" rel=\"noopener nofollow\"><img fetchpriority=\"high\" decoding=\"async\" class=\"aligncenter wp-image-405624 size-full\" src=\"https:\/\/www.europesays.com\/es\/wp-content\/uploads\/2026\/06\/la-heavy-482-portada-1.webp\" alt=\"\" width=\"600\" height=\"851\"  \/><\/a><\/p>\n<p>\u00bfPreparado para un mes de junio cargado de rock y metal? \u00a1El <a href=\"https:\/\/tienda.mariskalrock.com\/producto\/la-heavy-482-ya-a-la-venta-con-deep-purple-en-portada-junto-a-iron-maiden-judas-priest-within-temptation-y-limp-bizkit\/\" target=\"_blank\" rel=\"noopener nofollow\"><strong>n\u00famero 482 de La Heavy<\/strong><\/a> llega con toda la actualidad de la mejor m\u00fasica del mundo y ya lo tienes <a href=\"https:\/\/tienda.mariskalrock.com\/producto\/la-heavy-482-ya-a-la-venta-con-deep-purple-en-portada-junto-a-iron-maiden-judas-priest-within-temptation-y-limp-bizkit\/\" target=\"_blank\" rel=\"noopener nofollow\"><strong>disponible a trav\u00e9s de nuestra tienda online<\/strong><\/a> y muy pronto en tu kiosco m\u00e1s cercano y en tus puntos de venta habituales! Una leyenda como <strong>Deep Purple<\/strong> vuelve a la portada de la revista como gran protagonista, acompa\u00f1ada por <strong>Iron Maiden, Judas Priest, Within Temptation y Limp Bizkit<\/strong> entre los principales contenidos.<\/p>\n<p><strong>Ian Gillan<\/strong> y <strong>Roger Glover<\/strong> son los dos hist\u00f3ricos m\u00fasicos encargados de ponernos al d\u00eda en una espectacular entrevista que nos presenta su nuevo disco, <strong>\u2018Splat!\u2019, <\/strong>y departen sobre la gran gira que acompa\u00f1ar\u00e1 este esperado lanzamiento con ocho conciertos en Espa\u00f1a.<\/p>\n<p>Todos los detalles del inicio en Atenas del nuevo tramo de la gira <strong>\u201cRun For Your Lives\u201d<\/strong> de <strong>Iron Maiden<\/strong>, que llegar\u00e1 este verano a <strong>Resurrection Fest y Rock Imperium Festival<\/strong>, y del documental <strong>\u201cBurning Ambition\u201d,<\/strong> vienen recogidos en un suculento n\u00famero a pie de actualidad.<\/p>\n<p>Adem\u00e1s, reproducimos en una charla a fondo las palabras de <strong>Sharon den Adel<\/strong>, voz de <strong>Within Temptation<\/strong>, que tambi\u00e9n ser\u00e1n cabezas de cartel en el festival de Cartagena, y te traemos la entrevista con <strong>Ian Hill,<\/strong> hist\u00f3rico bajista de <strong>Judas Priest<\/strong>, sobre los pr\u00f3ximos pasos de la m\u00edtica banda brit\u00e1nica, con dos conciertos en nuestro pa\u00eds este verano. Imprescindible resulta tambi\u00e9n el art\u00edculo especial que nos ofrece <strong>Juan Destroyer<\/strong> sobre el ansiado regreso de <strong>Limp Bizkit<\/strong> a nuestros escenarios, que completa los brutales contenidos destacados de portada.<\/p>\n<p><strong>Resurrection Fest y Rock Imperium Festival<\/strong> ser\u00e1n dos de los grandes festivales que acaparar\u00e1n la atenci\u00f3n rockera y metalera este verano, y para no perdernos ni un instante de lo que nos espera en Viveiro y Cartagena, respectivamente, hablamos con dos de sus responsables: <strong>Esteban Gir\u00f3n<\/strong>, director de comunicaci\u00f3n del gran evento gallego; y <strong>Juan Antonio Mu\u00f1oz<\/strong>, CEO y fundador de <strong>Madness Live!<\/strong>, en el caso del festival de la Regi\u00f3n de Murcia.<\/p>\n<p><a href=\"https:\/\/tienda.mariskalrock.com\/producto\/la-heavy-482-ya-a-la-venta-con-deep-purple-en-portada-junto-a-iron-maiden-judas-priest-within-temptation-y-limp-bizkit\/\" target=\"_blank\" rel=\"noopener nofollow\"><img loading=\"lazy\" decoding=\"async\" class=\"alignright wp-image-405625\" src=\"https:\/\/www.europesays.com\/es\/wp-content\/uploads\/2026\/06\/la-heavy-482-portada-estatal.webp\" alt=\"\" width=\"392\" height=\"556\"  \/><\/a>Otro detallado art\u00edculo que no se te puede escapar es la celebraci\u00f3n del <strong>30\u00ba aniversario<\/strong> de un disco tan controvertido como fue <strong>\u2018Load\u2019 <\/strong>de<strong> Metallica,<\/strong> al que nos lleva <strong>David Esquitino<\/strong> con un viaje a 1996, y no se queda atr\u00e1s el relato de lo vivido en el primero de los conciertos de despedida de <strong>Megadeth<\/strong> en Espa\u00f1a, con <strong>Fede DeMarko<\/strong> como enviado especial a Valencia con <strong>Jos\u00e9 Luis Mont\u00f3n<\/strong> tras la c\u00e1mara.<\/p>\n<p>La actualidad vuelve a llegar a tus manos de boca de sus actores principales, y lo hace en esta ocasi\u00f3n con las entrevistas a <strong>The Gathering, Kaiser Chiefs, Evergrey, Don Broco, A.A. Williams, Venom, Jared James Nichols, Monuments of Misanthropy, <\/strong>los<strong> Lex Legion <\/strong>de<strong> Mikkey Dee<\/strong>, y <strong>Speedslut<\/strong>.<\/p>\n<p>Tras el repaso a la impresionante programaci\u00f3n a la que ha dado forma <strong>Noches del Bot\u00e1nico<\/strong> para su nueva temporada de conciertos <strong>(Beat, Biffy Clyro, The Kooks\u2026),<\/strong> pasamos a recordar la adrenalina quemada en las recientes descargas de <strong>Machine Head<\/strong> en Madrid, <strong>Saxon<\/strong> en Bilbao y <strong>Eric Clapton<\/strong> en Barcelona.<\/p>\n<p>El apartado estatal nos recibe con <strong>Diva Sat\u00e1nica<\/strong> al frente de sus <strong>Bloodhunter,<\/strong> a punto de lanzar su cuarto disco, <strong>\u2018Sons of the Abandoned\u2019,<\/strong> del que descubrimos muchos de sus secretos junto a la poderosa vocalista. Todo lo ocurrido en la \u00faltima edici\u00f3n de <strong>Extrem\u00fasika<\/strong>, las palabras del gran <strong>Carlos de Castro<\/strong> sobre el vuelo de <strong>Bar\u00f3n Rojo<\/strong> sobre Suecia en el festival <strong>Time to Rock<\/strong>; <strong>Gabrielle de Val<\/strong> con las armas cargadas en forma de nuevos trabajos discogr\u00e1ficos, y el callejero rock de <strong>Vamos Con Todo<\/strong> con su <strong>\u2018Volvoreta II\u2019 <\/strong>son los contenidos destacados de un apartado estatal que todav\u00eda tiene mucho m\u00e1s que ofrecer.<\/p>\n<p>Nuestra escena rockera y metalera late en este n\u00famero al son que marcan bandas como <strong>Nazca, Mandr\u00e1gora Negra, Tri\u00e1ngulo de Amor Bizarro, Sombras, Exc\u00e1libur, Delalia, Umbilikal D.B, Atanor Phonos Magna, Steel Dragster<\/strong> y <strong>After Dying<\/strong>.<\/p>\n<p>Tambi\u00e9n en nuestro idioma llevan tiempo conquistando el mundo los argentinos <strong>La Renga<\/strong>, a los que acompa\u00f1amos en su nueva visita a Barcelona; y si de conquistar trata el asunto, pocos lo hacen con la pegada de <strong>Fito &amp; Fitipaldis<\/strong>, a los que no nos perdimos en Madrid.<\/p>\n<p>Un mes m\u00e1s, no puede faltar la selecci\u00f3n de los mejores lanzamientos que han llegado a los o\u00eddos de la redacci\u00f3n, empezando por los m\u00e1s recientes trabajos de <strong>Yes, Evanescence, Jared James Nichols, Evergrey <\/strong>y<strong> Tri\u00e1ngulo de Amor Bizarro<\/strong>, a los que se suma una verdadera avalancha con <strong>Leatherwitch, Theleganttes, Val\u00f8a, Voivod, Exsilyum, Amiga500, Thunder Valley Rebels, Black Moon, Marcelo Champanier, Warning, Opensight, Kh\u00eblleden, Huevos Duros, Mandr\u00e1gora Negra<\/strong> y <strong>Eternal Evil.<\/strong><\/p>\n<p>Las noticias que todav\u00eda llegan echando humo, la secci\u00f3n <strong>Bautismo de Fuego<\/strong> con los discos que abrieron las puertas del rock y el metal para grandes m\u00fasicos, y toda la informaci\u00f3n en nuestra <strong>gu\u00eda de festivales<\/strong> para que no te pierdas nada de lo much\u00edsimo que nos queda por delante completan este <strong>n\u00famero 482<\/strong> con el que atravesar estos primeros calurosos d\u00edas que nos llevar\u00e1n a un intenso verano.<\/p>\n<p><a href=\"https:\/\/tienda.mariskalrock.com\/producto\/la-heavy-482-ya-a-la-venta-con-deep-purple-en-portada-junto-a-iron-maiden-judas-priest-within-temptation-y-limp-bizkit\/\" target=\"_blank\" rel=\"noopener nofollow\"><strong>El n\u00famero 482 de La Heavy<\/strong><\/a> ya te est\u00e1 esperando\u00a0<a href=\"https:\/\/tienda.mariskalrock.com\/producto\/la-heavy-482-ya-a-la-venta-con-deep-purple-en-portada-junto-a-iron-maiden-judas-priest-within-temptation-y-limp-bizkit\/\" target=\"_blank\" rel=\"noopener nofollow\"><strong>en nuestra tienda online por 6\u20ac<\/strong><\/a> con env\u00edo incluido a donde t\u00fa quieras, y muy pronto en los <strong>kioscos de todo el pa\u00eds por 5\u20ac<\/strong>, para que no se te escape nada de la todo lo que tenemos por delante en el mundo del rock y el metal.<\/p>\n<p>Recuerda que aqu\u00ed puedes consultar nuestro <strong><a href=\"https:\/\/mariskalrock.com\/wp-content\/uploads\/2025\/10\/puntos-de-venta-preferentes-2025-2.xlsx\" target=\"_blank\" rel=\"noopener nofollow\">kilom\u00e9trico listado de puntos de venta preferentes<\/a><\/strong>, con la seguridad de que habr\u00e1 un kiosco muy cerca de ti con tu revista favorita, o mandar un e-mail a <strong><a href=\"https:\/\/mariskalrock.com\/actualidad\/la-heavy-482-ya-a-la-venta-en-nuestra-tienda-online-con-deep-purple-en-portada-junto-a-iron-maiden-judas-priest-within-temptation-y-limp-bizkit\/mailto:pedidos@mariskalrock.com\" target=\"_blank\" rel=\"noopener nofollow\">pedidos@mariskalrock.com<\/a><\/strong> para que, casi por arte de magia, aparezca en el punto de venta que t\u00fa quieres. \u00a1\u00a1Hazte con ella!!<\/p>\n<p>\u00a1Tambi\u00e9n puedes <strong><a href=\"https:\/\/tienda.mariskalrock.com\/\" target=\"_blank\" rel=\"noopener nofollow\">conseguir n\u00fameros antiguos en nuestra tienda online<\/a><\/strong>!\u00a0Y recuerda que tienes disponible la\u00a0<strong><a href=\"https:\/\/tienda.mariskalrock.com\/producto\/suscripcion-anual\/\" target=\"_blank\" rel=\"noopener nofollow\">suscripci\u00f3n anual a La Heavy<\/a><\/strong>, con 12 n\u00fameros que llegar\u00e1n puntualmente a tu casa\u00a0<strong><a href=\"https:\/\/tienda.mariskalrock.com\/producto\/suscripcion-anual\/\" target=\"_blank\" rel=\"noopener nofollow\">por solo 50\u20ac.<\/a><\/strong><\/p>\n<p>CONSULTA LOS PUNTOS DE VENTA PREFERENTES (DONDE SI SE AGOTA LA REVISTA, SE REPONE AUTOM\u00c1TICAMENTE) EN TU PROVINCIA EN <strong><a href=\"https:\/\/mariskalrock.com\/wp-content\/uploads\/2025\/10\/puntos-de-venta-preferentes-2025-2.xlsx\" target=\"_blank\" rel=\"noopener nofollow\">ESTE DOCUMENTO DESCARGABLE<\/a><\/strong>.<\/p>\n<p>                         <a target=\"_blank\" href=\"http:\/\/www.mariskalrock.com\" class=\"url\" title=\"Jorge Bobadilla\" rel=\"nofollow noopener\"> <img decoding=\"async\" src=\"https:\/\/www.europesays.com\/es\/wp-content\/uploads\/2026\/06\/jorge-bobadilla-2025-web-300x300-1.jpg\" class=\"photo\" width=\"250\" alt=\"Jorge Bobadilla\"\/><\/a> <\/p>\n<p>Llev\u00e1is ya m\u00e1s de veinte a\u00f1os ley\u00e9ndome por aqu\u00ed y por all\u00ed, as\u00ed que, vayamos al grano. En 2005 MariskalRock abri\u00f3 sus puertas a este humilde \u201cjuntaletras\u201d, y desde entonces el rock ha sido la punta del comp\u00e1s de mi vida. Aficionado tambi\u00e9n a atrapar im\u00e1genes (sean fijas o en movimiento), en estas dos d\u00e9cadas ser\u00eda raro que no nos hubi\u00e9ramos visto entre salas y festivales. Brindemos en la pr\u00f3xima.<\/p>\n<p> <a href=\"http:\/\/www.mariskalrock.com\" class=\"url\" target=\"_blank\" title=\"Jorge Bobadilla\" rel=\"nofollow noopener\"><img decoding=\"async\" src=\"https:\/\/www.europesays.com\/es\/wp-content\/uploads\/2026\/06\/jorge-bobadilla-2025-web-300x300-1.jpg\" class=\"photo\" width=\"250\" alt=\"Jorge Bobadilla\"\/><\/a>\u00daltimas entradas de Jorge Bobadilla (<a target=\"_blank\" href=\"https:\/\/mariskalrock.com\/author\/jorge-bobadilla\/\" rel=\"nofollow noopener\">ver todo<\/a>)  <\/p>\n","protected":false},"excerpt":{"rendered":"\u00bfPreparado para un mes de junio cargado de rock y metal? \u00a1El n\u00famero 482 de La Heavy llega&hellip;\n","protected":false},"author":2,"featured_media":585584,"comment_status":"","ping_status":"","sticky":false,"template":"","format":"standard","meta":{"footnotes":""},"categories":[170],"tags":[53594,66349,62124,146,147,25,24,69069,477,478,111191,37984,13321,479,4622,184,185,41822,41749,23,111192,104637,59151],"class_list":["post-585583","post","type-post","status-publish","format-standard","has-post-thumbnail","category-musica","tag-baron-rojo","tag-bloodhunter","tag-deep-purple","tag-entertainment","tag-entretenimiento","tag-es","tag-espana","tag-gabrielle-de-val","tag-iron-maiden","tag-judas-priest","tag-la-heavy-482","tag-limp-bizkit","tag-megadeth","tag-metallica","tag-mr2022","tag-music","tag-musica","tag-resurrection-fest","tag-rock-imperium-festival","tag-spain","tag-time-to-rock","tag-vamos-con-todo","tag-within-temptation"],"share_on_mastodon":{"url":"https:\/\/pubeurope.com\/@es\/116684895147625706","error":""},"_links":{"self":[{"href":"https:\/\/www.europesays.com\/es\/wp-json\/wp\/v2\/posts\/585583","targetHints":{"allow":["GET"]}}],"collection":[{"href":"https:\/\/www.europesays.com\/es\/wp-json\/wp\/v2\/posts"}],"about":[{"href":"https:\/\/www.europesays.com\/es\/wp-json\/wp\/v2\/types\/post"}],"author":[{"embeddable":true,"href":"https:\/\/www.europesays.com\/es\/wp-json\/wp\/v2\/users\/2"}],"replies":[{"embeddable":true,"href":"https:\/\/www.europesays.com\/es\/wp-json\/wp\/v2\/comments?post=585583"}],"version-history":[{"count":0,"href":"https:\/\/www.europesays.com\/es\/wp-json\/wp\/v2\/posts\/585583\/revisions"}],"wp:featuredmedia":[{"embeddable":true,"href":"https:\/\/www.europesays.com\/es\/wp-json\/wp\/v2\/media\/585584"}],"wp:attachment":[{"href":"https:\/\/www.europesays.com\/es\/wp-json\/wp\/v2\/media?parent=585583"}],"wp:term":[{"taxonomy":"category","embeddable":true,"href":"https:\/\/www.europesays.com\/es\/wp-json\/wp\/v2\/categories?post=585583"},{"taxonomy":"post_tag","embeddable":true,"href":"https:\/\/www.europesays.com\/es\/wp-json\/wp\/v2\/tags?post=585583"}],"curies":[{"name":"wp","href":"https:\/\/api.w.org\/{rel}","templated":true}]}}