{"id":585638,"date":"2026-06-03T07:43:16","date_gmt":"2026-06-03T07:43:16","guid":{"rendered":"https:\/\/www.europesays.com\/es\/585638\/"},"modified":"2026-06-03T07:43:16","modified_gmt":"2026-06-03T07:43:16","slug":"el-escolta-del-san-pablo-burgos-gonzalo-corbalan-entre-los-mejores-de-la-acb","status":"publish","type":"post","link":"https:\/\/www.europesays.com\/es\/585638\/","title":{"rendered":"El escolta del San Pablo Burgos Gonzalo Corbal\u00e1n, entre los mejores de la ACB"},"content":{"rendered":"<p>La temporada de Gonzalo Corbal\u00e1n, escolta del Recoletas Salud San Pablo Burgos, ha sido para enmarcar. Ha sido uno de los mejores jugadores del equipo, y eso le ha permitido sumar un nuevo reconocimiento individual. Ha sido elegido como parte del segundo mejor quinto de esta temporada regular de la ACB.<\/p>\n<p>El escolta argentino ha completo una gran progresi\u00f3n que ha guiado al equipo burgal\u00e9s a lograr la salvaci\u00f3n con dos jornadas de antelaci\u00f3n en la temporada del regreso a la m\u00e1xima categor\u00eda del baloncesto espa\u00f1ol. En los 33 partidos que ha disputado con la el\u00e1stica azulona este curso -solo se perdi\u00f3 el duelo contra el Bar\u00e7a de hace unas semanas por lesi\u00f3n-, ha logrado 16,2 cr\u00e9ditos de media por partido. Es el duod\u00e9cimo jugador mejor valorado del campeonato, solo superado en su equipo por Ethan Happ, sexto con 17,3.<\/p>\n<p>Corbal\u00e1n ha promediado 15,1 puntos, 3,2 rebotes, 2,6 asistencias, 0,3 tapones y 1,5 recuperaciones por encuentro. Adem\u00e1s, ha tenido un acierto del 32,2% en triples y 80% en tiros libres.<\/p>\n<p>Para nada ha necesitado un periodo de adaptaci\u00f3n en su primer temporada en ACB. Hasta en once partidos, ha llegado a anotar 20 puntos, el primero de ellos en su segundo partido, cuando se enfrent\u00f3 al B\u00e0squet Girona. Algunas de sus actuaciones m\u00e1s destacables ha sido contra el Dreamland Gran Canaria, con 27 puntos y 34 cr\u00e9ditos de valoraci\u00f3n, y frente al Casademont Zaragoza, con 26 puntos y 27 de valoraci\u00f3n. Este gran rendimiento le ha valido para despertar el inter\u00e9s de varios equipos, por lo que su futuro parece lejos de Burgos.<\/p>\n<p>Ese segundo quinteto ideal lo completan Marcelinho Huertas (La Laguna Tenerife), Ricky Rubio (Asisa Joventut), Giorgi Shermadini (La Laguna Tenerife) y Edy Tavares (Real Madrid).<\/p>\n","protected":false},"excerpt":{"rendered":"La temporada de Gonzalo Corbal\u00e1n, escolta del Recoletas Salud San Pablo Burgos, ha sido para enmarcar. Ha sido&hellip;\n","protected":false},"author":2,"featured_media":585639,"comment_status":"","ping_status":"","sticky":false,"template":"","format":"standard","meta":{"footnotes":""},"categories":[269],"tags":[299,298,45346,5369,8039,168,25,24,881,29644,1897,831,665,3048,4080,3919,23,167],"class_list":["post-585638","post","type-post","status-publish","format-standard","has-post-thumbnail","category-baloncesto","tag-baloncesto","tag-basketball","tag-basquet-girona","tag-casademont-zaragoza","tag-creditos","tag-deportes","tag-es","tag-espana","tag-fc-barcelona","tag-gonzalo-corbalan","tag-gran-canaria","tag-liga-acb","tag-liga-endesa","tag-real-madrid","tag-ricky-rubio","tag-san-pablo-burgos","tag-spain","tag-sports"],"share_on_mastodon":{"url":"https:\/\/pubeurope.com\/@es\/116685059500749878","error":""},"_links":{"self":[{"href":"https:\/\/www.europesays.com\/es\/wp-json\/wp\/v2\/posts\/585638","targetHints":{"allow":["GET"]}}],"collection":[{"href":"https:\/\/www.europesays.com\/es\/wp-json\/wp\/v2\/posts"}],"about":[{"href":"https:\/\/www.europesays.com\/es\/wp-json\/wp\/v2\/types\/post"}],"author":[{"embeddable":true,"href":"https:\/\/www.europesays.com\/es\/wp-json\/wp\/v2\/users\/2"}],"replies":[{"embeddable":true,"href":"https:\/\/www.europesays.com\/es\/wp-json\/wp\/v2\/comments?post=585638"}],"version-history":[{"count":0,"href":"https:\/\/www.europesays.com\/es\/wp-json\/wp\/v2\/posts\/585638\/revisions"}],"wp:featuredmedia":[{"embeddable":true,"href":"https:\/\/www.europesays.com\/es\/wp-json\/wp\/v2\/media\/585639"}],"wp:attachment":[{"href":"https:\/\/www.europesays.com\/es\/wp-json\/wp\/v2\/media?parent=585638"}],"wp:term":[{"taxonomy":"category","embeddable":true,"href":"https:\/\/www.europesays.com\/es\/wp-json\/wp\/v2\/categories?post=585638"},{"taxonomy":"post_tag","embeddable":true,"href":"https:\/\/www.europesays.com\/es\/wp-json\/wp\/v2\/tags?post=585638"}],"curies":[{"name":"wp","href":"https:\/\/api.w.org\/{rel}","templated":true}]}}