{"id":58572,"date":"2025-08-19T19:27:09","date_gmt":"2025-08-19T19:27:09","guid":{"rendered":"https:\/\/www.europesays.com\/es\/58572\/"},"modified":"2025-08-19T19:27:09","modified_gmt":"2025-08-19T19:27:09","slug":"este-lugar-de-la-provincia-de-cadiz-sera-escenario-del-rodaje-de-una-pelicula-de-bollywood","status":"publish","type":"post","link":"https:\/\/www.europesays.com\/es\/58572\/","title":{"rendered":"Este lugar de la provincia de C\u00e1diz ser\u00e1 escenario del rodaje de una pel\u00edcula de Bollywood"},"content":{"rendered":"<p class=\"voc-pretitle\">\nCINE\n<\/p>\n<p>Hasta el pr\u00f3ximo 22 de agosto, la pel\u00edcula internacional &#8216;Arjun Ustara&#8217; rodar\u00e1 en la provincia<\/p>\n<p><img fetchpriority=\"high\" class=\"voc-img\" src=\"https:\/\/www.europesays.com\/es\/wp-content\/uploads\/2025\/08\/fotonoticia_20250819170346_1920-RBHnEqzelayVbTb5FKVGbSJ-1200x840@abc.jpg\" loading=\"eager\" decoding=\"async\" alt=\"Este lugar de la provincia de C\u00e1diz ser\u00e1 escenario del rodaje de una pel\u00edcula de Bollywood\" width=\"1200\" height=\"840\"\/><\/p>\n<p class=\"voc-p\" style=\"\">La provincia de C\u00e1diz sigue creciendo como destino y escenario de rodajes internacionales. <strong>Bollywood<\/strong> es ahora quien se ha fijado en lo que C\u00e1diz tiene que ofrecer para el rodaje de la<strong> pel\u00edcula internacional &#8216;Arjun Ustara&#8217;<\/strong>.<\/p>\n<p class=\"voc-p\" style=\"\">La <strong>Plaza de Toros de La L\u00ednea de la Concepci\u00f3n<\/strong> acoge desde este martes  el rodaje de una escena para este filme. La grabaci\u00f3n se desarrollar\u00e1 <strong>hasta el 22 de agosto<\/strong>, con posibilidad de que se extienda del 27 al 29 de agosto en caso de no finalizar el rodaje en las fechas iniciales.<\/p>\n<p class=\"voc-p\" style=\"\">El proyecto, organizado por Dawid Szurmiej y Studio Agart, <strong>recrear\u00e1 una corrida de toros con p\u00fablico en las gradas<\/strong>, para lo cual la productora ha abierto un proceso de <strong>selecci\u00f3n de figurantes locales<\/strong>, tanto hombres como mujeres. Las grabaciones se realizan en horario de ma\u00f1ana, con sesiones aproximadas de ocho horas.<\/p>\n<p class=\"voc-p\" style=\"\">Para el consistorio la elecci\u00f3n de La L\u00ednea responde a \u00absu singularidad y proyecci\u00f3n visual\u00bb. As\u00ed, ha se\u00f1alado que la Plaza de Toros \u00abse consolida como un espacio vers\u00e1til capaz de atraer rodajes internacionales\u00bb y situando a la ciudad \u00aben el escaparate cultural y cinematogr\u00e1fico global\u00bb, reforzando adem\u00e1s su proyecci\u00f3n como \u00abdestino de inter\u00e9s para la industria audiovisual\u00bb.<\/p>\n<p>Reportar un error<\/p>\n","protected":false},"excerpt":{"rendered":"CINE Hasta el pr\u00f3ximo 22 de agosto, la pel\u00edcula internacional &#8216;Arjun Ustara&#8217; rodar\u00e1 en la provincia La provincia&hellip;\n","protected":false},"author":2,"featured_media":58573,"comment_status":"","ping_status":"","sticky":false,"template":"","format":"standard","meta":{"footnotes":""},"categories":[169],"tags":[7416,2193,177,146,147,25,5605,24,176,2676,175,1257,6436,7206,23],"class_list":{"0":"post-58572","1":"post","2":"type-post","3":"status-publish","4":"format-standard","5":"has-post-thumbnail","7":"category-cine","8":"tag-bollywood","9":"tag-cadiz","10":"tag-cine","11":"tag-entertainment","12":"tag-entretenimiento","13":"tag-es","14":"tag-escenario","15":"tag-espana","16":"tag-film","17":"tag-lugar","18":"tag-movies","19":"tag-pelicula","20":"tag-provincia","21":"tag-rodaje","22":"tag-spain"},"share_on_mastodon":{"url":"","error":""},"_links":{"self":[{"href":"https:\/\/www.europesays.com\/es\/wp-json\/wp\/v2\/posts\/58572","targetHints":{"allow":["GET"]}}],"collection":[{"href":"https:\/\/www.europesays.com\/es\/wp-json\/wp\/v2\/posts"}],"about":[{"href":"https:\/\/www.europesays.com\/es\/wp-json\/wp\/v2\/types\/post"}],"author":[{"embeddable":true,"href":"https:\/\/www.europesays.com\/es\/wp-json\/wp\/v2\/users\/2"}],"replies":[{"embeddable":true,"href":"https:\/\/www.europesays.com\/es\/wp-json\/wp\/v2\/comments?post=58572"}],"version-history":[{"count":0,"href":"https:\/\/www.europesays.com\/es\/wp-json\/wp\/v2\/posts\/58572\/revisions"}],"wp:featuredmedia":[{"embeddable":true,"href":"https:\/\/www.europesays.com\/es\/wp-json\/wp\/v2\/media\/58573"}],"wp:attachment":[{"href":"https:\/\/www.europesays.com\/es\/wp-json\/wp\/v2\/media?parent=58572"}],"wp:term":[{"taxonomy":"category","embeddable":true,"href":"https:\/\/www.europesays.com\/es\/wp-json\/wp\/v2\/categories?post=58572"},{"taxonomy":"post_tag","embeddable":true,"href":"https:\/\/www.europesays.com\/es\/wp-json\/wp\/v2\/tags?post=58572"}],"curies":[{"name":"wp","href":"https:\/\/api.w.org\/{rel}","templated":true}]}}