{"id":586027,"date":"2026-06-03T13:01:15","date_gmt":"2026-06-03T13:01:15","guid":{"rendered":"https:\/\/www.europesays.com\/es\/586027\/"},"modified":"2026-06-03T13:01:15","modified_gmt":"2026-06-03T13:01:15","slug":"sanidad-amplia-la-alerta-alimentaria-por-un-popular-postre-con-ingredientes-no-declarados","status":"publish","type":"post","link":"https:\/\/www.europesays.com\/es\/586027\/","title":{"rendered":"Sanidad ampl\u00eda la alerta alimentaria por un popular postre con ingredientes no declarados"},"content":{"rendered":"<p style=\"\">La Agencia Espa\u00f1ola de Seguridad Alimentaria y Nutrici\u00f3n (AESAN) ha emitido una ampliaci\u00f3n de la alerta lanzada este martes 2 de junio en relaci\u00f3n a  &#8230; un popular postre procedente de Espa\u00f1a. Seg\u00fan ha informado el organismo, el producto afectado contiene huevo y almendras, dos al\u00e9rgenos que no aparecen incluidos en su etiquetado.<\/p>\n<p class=\"v-d-p\" style=\"\">El producto afectado es Delicias de Galleta Mar\u00eda, de la marca La Lechera. Ha sido la propia empresa responsable la que ha detectado el fallo en sus controles de calidad internos y ha notificado la incidencia a las autoridades competentes para evitar la distribuci\u00f3n de alimentos no seguros.<\/p>\n<p class=\"v-d-p\" style=\"\">Como medida de precauci\u00f3n, las autoridades sanitarias recomiendan a todas aquellas personas con alergia a las almendras o al huevo que tengan este producto en sus hogares que se abstengan de consumirlo. Asimismo, la AESAN aclara que el consumo de este postre no comporta ning\u00fan riesgo para el resto de la poblaci\u00f3n.<\/p>\n<p><img decoding=\"async\" loading=\"lazy\" src=\"https:\/\/www.europesays.com\/es\/wp-content\/uploads\/2026\/06\/alerta-alimentaria-postre-ka8F-U30491101235sF-624x385@El Correo.jpg\" class=\"v-a-img\" width=\"680\" height=\"478\" alt=\"\" data-voc-vtm-id=\"in-text-traffic\"\/><\/p>\n<p class=\"v-d-p\" style=\"\">Datos del producto afectado<\/p>\n<p class=\"v-d-p\" style=\"\">Para facilitar su identificaci\u00f3n por parte de los consumidores, estos son los datos t\u00e9cnicos del lote implicado:<\/p>\n<p class=\"v-d-p\" style=\"\">Nombre del producto: Delicias de galleta Mar\u00eda<\/p>\n<p class=\"v-d-p\" style=\"\">Marca: La Lechera<\/p>\n<p class=\"v-d-p\" style=\"\">Presentaci\u00f3n: Pack de 2 unidades de 125 g<\/p>\n<p class=\"v-d-p\" style=\"\">Fecha de caducidad: 30\/06<\/p>\n<p class=\"v-d-p\" style=\"\">Conservaci\u00f3n: Refrigerado<\/p>\n<p class=\"v-d-p\" style=\"\">Referencia de la alerta: ES2026\/327<\/p>\n","protected":false},"excerpt":{"rendered":"La Agencia Espa\u00f1ola de Seguridad Alimentaria y Nutrici\u00f3n (AESAN) ha emitido una ampliaci\u00f3n de la alerta lanzada este&hellip;\n","protected":false},"author":2,"featured_media":586028,"comment_status":"","ping_status":"","sticky":false,"template":"","format":"standard","meta":{"footnotes":""},"categories":[80],"tags":[3830,12012,19363,82,48207,95,94,25,24,19824,7108,16899,1811,23],"class_list":["post-586027","post","type-post","status-publish","format-standard","has-post-thumbnail","category-economia","tag-alerta","tag-alimentaria","tag-amplia","tag-business","tag-declarados","tag-economia","tag-economy","tag-es","tag-espana","tag-ingredientes","tag-popular","tag-postre","tag-sanidad","tag-spain"],"share_on_mastodon":{"url":"https:\/\/pubeurope.com\/@es\/116686309896359884","error":""},"_links":{"self":[{"href":"https:\/\/www.europesays.com\/es\/wp-json\/wp\/v2\/posts\/586027","targetHints":{"allow":["GET"]}}],"collection":[{"href":"https:\/\/www.europesays.com\/es\/wp-json\/wp\/v2\/posts"}],"about":[{"href":"https:\/\/www.europesays.com\/es\/wp-json\/wp\/v2\/types\/post"}],"author":[{"embeddable":true,"href":"https:\/\/www.europesays.com\/es\/wp-json\/wp\/v2\/users\/2"}],"replies":[{"embeddable":true,"href":"https:\/\/www.europesays.com\/es\/wp-json\/wp\/v2\/comments?post=586027"}],"version-history":[{"count":0,"href":"https:\/\/www.europesays.com\/es\/wp-json\/wp\/v2\/posts\/586027\/revisions"}],"wp:featuredmedia":[{"embeddable":true,"href":"https:\/\/www.europesays.com\/es\/wp-json\/wp\/v2\/media\/586028"}],"wp:attachment":[{"href":"https:\/\/www.europesays.com\/es\/wp-json\/wp\/v2\/media?parent=586027"}],"wp:term":[{"taxonomy":"category","embeddable":true,"href":"https:\/\/www.europesays.com\/es\/wp-json\/wp\/v2\/categories?post=586027"},{"taxonomy":"post_tag","embeddable":true,"href":"https:\/\/www.europesays.com\/es\/wp-json\/wp\/v2\/tags?post=586027"}],"curies":[{"name":"wp","href":"https:\/\/api.w.org\/{rel}","templated":true}]}}