{"id":586148,"date":"2026-06-03T14:32:13","date_gmt":"2026-06-03T14:32:13","guid":{"rendered":"https:\/\/www.europesays.com\/es\/586148\/"},"modified":"2026-06-03T14:32:13","modified_gmt":"2026-06-03T14:32:13","slug":"la-confesion-de-rocio-carrasco-en-el-20o-aniversario-de-la-muerte-de-rocio-jurado-ella-comprenderia-mi-situacion","status":"publish","type":"post","link":"https:\/\/www.europesays.com\/es\/586148\/","title":{"rendered":"La confesi\u00f3n de Roc\u00edo Carrasco en el 20\u00ba aniversario de la muerte de Roc\u00edo Jurado: \u00abElla comprender\u00eda mi situaci\u00f3n\u00bb"},"content":{"rendered":"<p style=\"\">Los Ortega Mohedano recordaron el 1 de junio una fecha tan triste como significativa: los 20 a\u00f1os transcurridos desde la muerte de Roc\u00edo Jurado. Y coincidiendo con esta fecha tan significativa, <a href=\"https:\/\/www.abc.es\/gente\/rocio-carrasco-cierra-puerta-arreglo-rocio-flores-20251021135850-nt.html\" target=\"_self\" data-voc-vtm-id=\"in-text-traffic\" title=\"Roc\u00edo Carrasco\" data-mrf-link=\"www.abc.es\" rel=\"nofollow noopener\">Roc\u00edo Carrasco<\/a> ha realizado una entrevista con Isabel Gemio en la que no  &#8230; solo ha evocado su figura, sino que tambi\u00e9n ha dado un repaso a c\u00f3mo est\u00e1 hoy el clan para expresar un solemne pensamiento en voz alta sobre su madre: \u00abElla comprender\u00eda mi situaci\u00f3n\u00bb.<\/p>\n<p class=\"v-d-p\" style=\"\">Se march\u00f3 Roc\u00edo Jurado y pronto aparecieron las goteras en la familia. Unos desperfectos que se hicieron p\u00fablicos y que todav\u00eda hoy siguen alimentando m\u00faltiples programas y tertulias. Est\u00e1 el bando de<a href=\"https:\/\/www.abc.es\/gente\/abci-reescribiria-rocio-carrasco-historia-hijos-202202162009_noticia.html\" target=\"_self\" data-voc-vtm-id=\"in-text-traffic\" title=\" Roc\u00edo Carrasco\" data-mrf-link=\"www.abc.es\" rel=\"nofollow noopener\"> Roc\u00edo Carrasco<\/a> y luego aparece el de Ortega Cano junto a sus dos hijos, Gloria Camila y Jos\u00e9 Fernando, a quienes cabe a\u00f1adir otras figuras tan notables medi\u00e1ticamente como Rosa Benito o Roc\u00edo Flores.<\/p>\n<p class=\"v-d-p\" style=\"\">La propia Roc\u00edo Carrasco se encarg\u00f3 de reavivar la llama de la tensi\u00f3n con su participaci\u00f3n en &#8216;En el nombre de Roc\u00edo&#8217;, aquel documental que provoc\u00f3 desmayos al denunciar los presuntos malos tratos que hab\u00eda recibido por parte de su exmarido y padre de sus hijos, adem\u00e1s de cargar contra numerosos miembros del clan. Y en esas siguen.<\/p>\n<p>\nCon el coraz\u00f3n en la mano\n<\/p>\n<p class=\"v-d-p\" style=\"\">Ahora, y tras un tiempo apartada del ruido medi\u00e1tico, Roc\u00edo Carrasco ha vuelto a sentarse en un programa de radio para conversar con Isabel Gemio en &#8216;El \u00faltimo tren&#8217;, donde ha dejado unas cuantas perlas. Y ha empezado por el recuerdo a Roc\u00edo Jurado: \u00abLa echo de menos todos los d\u00edas, no solo el 1 de junio. Pero es verdad que el d\u00eda 1 no es un d\u00eda f\u00e1cil. La gente te llama, te escribe\u2026 No es que me encierre en casa, pero a m\u00ed de normal me gusta estar tranquila. Ese d\u00eda lo estoy un poco m\u00e1s\u00bb.<\/p>\n<p class=\"v-d-p\" style=\"\">La hija de la cantante fallecida asegura que el legado de Roc\u00edo Jurado es eterno porque de eso se encargan sus fervientes seguidores. \u00abLa gente que la nombra, la oye, canta sus canciones o las versiona son los responsables de que est\u00e9 m\u00e1s viva que nunca, como si no se hubiese ido\u00bb, advierte. Hasta ha sugerido la posibilidad de hacer algo m\u00e1s en su memoria: \u00abSiempre estamos a tiempo de homenajes, nos queda un a\u00f1o\u00bb.<\/p>\n<p>\nUna familia rota\n<\/p>\n<p class=\"v-d-p\" style=\"\">Pero, claro, luego ha habido tiempo de hablar sobre qu\u00e9 ha pasado en la familia para que todo haya salto por los aires despu\u00e9s de su fallecimiento. \u00abEl duelo est\u00e1 intacto, lo que pasa es que aprendes a vivir con ello. Me crio en la honestidad, la sinceridad y la lealtad. Se convierten en lecciones de vida\u00bb, explica antes de referirse a su infancia. \u00abHe crecido rodeada de amor por todos los sitios. He sido la ni\u00f1a m\u00e1s feliz y soy el ser humano que soy, mejor o peor, por ellos\u00bb, afirma.<\/p>\n<p class=\"v-d-p\" style=\"\">Sin embargo, Roc\u00edo Carrasco parece ser consciente de que algo pas\u00f3 cuando su madre falt\u00f3 en casa, aunque asegura que de haber seguido vida la hubiera apoyado en todo. \u00abLa vida me ha ense\u00f1ado que soy de familia elegida. Mi madre me comprender\u00eda en esta situaci\u00f3n. Nunca hubiera pasado nada\u00bb, indica. Porque 20 a\u00f1os despu\u00e9s, hay muchas heridas que todav\u00eda no han cicatrizado, sino m\u00e1s bien al contrario.<\/p>\n","protected":false},"excerpt":{"rendered":"Los Ortega Mohedano recordaron el 1 de junio una fecha tan triste como significativa: los 20 a\u00f1os transcurridos&hellip;\n","protected":false},"author":2,"featured_media":586149,"comment_status":"","ping_status":"","sticky":false,"template":"","format":"standard","meta":{"footnotes":""},"categories":[91],"tags":[108756,9807,3153,111232,24235,146,147,25,24,15761,4920,3152,859,23],"class_list":["post-586148","post","type-post","status-publish","format-standard","has-post-thumbnail","category-entretenimiento","tag-20o","tag-aniversario","tag-carrasco","tag-comprenderia","tag-confesion","tag-entertainment","tag-entretenimiento","tag-es","tag-espana","tag-jurado","tag-muerte","tag-rocio","tag-situacion","tag-spain"],"share_on_mastodon":{"url":"https:\/\/pubeurope.com\/@es\/116686667562101981","error":""},"_links":{"self":[{"href":"https:\/\/www.europesays.com\/es\/wp-json\/wp\/v2\/posts\/586148","targetHints":{"allow":["GET"]}}],"collection":[{"href":"https:\/\/www.europesays.com\/es\/wp-json\/wp\/v2\/posts"}],"about":[{"href":"https:\/\/www.europesays.com\/es\/wp-json\/wp\/v2\/types\/post"}],"author":[{"embeddable":true,"href":"https:\/\/www.europesays.com\/es\/wp-json\/wp\/v2\/users\/2"}],"replies":[{"embeddable":true,"href":"https:\/\/www.europesays.com\/es\/wp-json\/wp\/v2\/comments?post=586148"}],"version-history":[{"count":0,"href":"https:\/\/www.europesays.com\/es\/wp-json\/wp\/v2\/posts\/586148\/revisions"}],"wp:featuredmedia":[{"embeddable":true,"href":"https:\/\/www.europesays.com\/es\/wp-json\/wp\/v2\/media\/586149"}],"wp:attachment":[{"href":"https:\/\/www.europesays.com\/es\/wp-json\/wp\/v2\/media?parent=586148"}],"wp:term":[{"taxonomy":"category","embeddable":true,"href":"https:\/\/www.europesays.com\/es\/wp-json\/wp\/v2\/categories?post=586148"},{"taxonomy":"post_tag","embeddable":true,"href":"https:\/\/www.europesays.com\/es\/wp-json\/wp\/v2\/tags?post=586148"}],"curies":[{"name":"wp","href":"https:\/\/api.w.org\/{rel}","templated":true}]}}