{"id":586193,"date":"2026-06-03T15:06:13","date_gmt":"2026-06-03T15:06:13","guid":{"rendered":"https:\/\/www.europesays.com\/es\/586193\/"},"modified":"2026-06-03T15:06:13","modified_gmt":"2026-06-03T15:06:13","slug":"la-vuelta-a-extremadura-2026-presenta-un-recorrido-de-mas-de-480-kilometros-etapas-y-perfiles-esciclismo","status":"publish","type":"post","link":"https:\/\/www.europesays.com\/es\/586193\/","title":{"rendered":"La Vuelta a Extremadura 2026 presenta un recorrido de m\u00e1s de 480 kil\u00f3metros [Etapas y perfiles] &#8211; Esciclismo"},"content":{"rendered":"<ol>\n<li><a href=\"https:\/\/news.google.com\/rss\/articles\/CBMiakFVX3lxTE1uVHBWdUVZZFF5VUJGRFRaUE9CQ2duWXZkMHBDWlhfdGxwZmtFaHpTYVBpNUxUQXBYWWstTF9IUndoakFpaXk5cmNyNG1sbHJwdTJhUnF1MVFXSHNnNkNsV2RIUDNLR1dxcHc?oc=5\" target=\"_blank\" rel=\"nofollow noopener\">La Vuelta a Extremadura 2026 presenta un recorrido de m\u00e1s de 480 kil\u00f3metros [Etapas y perfiles]<\/a>&nbsp;&nbsp;Esciclismo<\/li>\n<li><a href=\"https:\/\/news.google.com\/rss\/articles\/CBMioAFBVV95cUxPdHYtd292YXNlT3luX3VpSDdXTzJkejJmY3p0TDBlLXpia0dZeEdERzJGYUVhQ0JPTi1GNVNTRUtwcTBRRnplR01JUG5lS2RVZUR5ZDRsZEFUenZodDg2OF84ckE2SnhEam8xWHJUZ2dIRkZUWmRGTU1oTW1FMnZLRGRDZWpzeEdGLThEaWwxdExaMkd0MV9MWm1XTllxRnNi?oc=5\" target=\"_blank\" rel=\"nofollow noopener\">La Vuelta a Extremadura arranca el 12 de junio en Azuaga<\/a>&nbsp;&nbsp;Hoy<\/li>\n<li><a href=\"https:\/\/news.google.com\/rss\/articles\/CBMiuAFBVV95cUxQNG9WV2NCcDFHaWZsS2p5OVh5U1c2NTdXV1VjV04xYWNDZ21temJLR05QSkQ4UFJ0TjhCSk9keUZMUF82a2MtUHdmUml6NWU3SVJHdjhEUXpRSVc1MU5nTk0ydWlqcjZfTmRjdmJXOTZBRlduOFJrbnJlYkZ3NGNycjdUMy1Bb1B4NVlwTmVJNHNwMmV6LVBTOW1MZ3NJa2JxaUZwUGpfdnNqaUxHSTNfZTEwbG1UVzFG0gG-AUFVX3lxTE1wZ1NkbEFEcUFyeTdpMUt1Z0d6SlpZeThMQWFHRENLcU9ta1ByMVBlNXBwVTNGNVJxLXdfLUdpX2ZiN2RXSkhYZVluZTFZRE43V0ZrQTB6RGRZR2tybUk4dVdWTXJsX3ZoOTVYY1FDSlJKM1Y0R0lwSTUxMVc2cXFWc1N1akFHWVlOTFZELVY0OExHamthdmhWMktqNGpnTklOZGl6VVEyQi03cWVfTU95V2U1OUw0Vm1QQzRtZmc?oc=5\" target=\"_blank\" rel=\"nofollow noopener\">La Vuelta a Extremadura recorrer\u00e1 m\u00e1s de 480 kil\u00f3metros en tres etapas<\/a>&nbsp;&nbsp;El Peri\u00f3dico Extremadura<\/li>\n<li><a href=\"https:\/\/news.google.com\/rss\/articles\/CBMi5wFBVV95cUxQbEFveklhQWlJVFdBSlctdDVGMUFCeE1nMWIzOW5vWmJ5WFFxTGxTTkp4SWZqZUlCNmhnenBSbDI3dDg3NUw5RUxsUzRFelNaSG9hVFE1VDYxMUo4TTFoc1JqWDBZNTQzS3AxUVZtSW1TZEhrSjlXbk5CNjZ6OUJHa0hULW5MamtiMTNkMHVnUEVtbTgzeGUyYWttdk1vSmhZaHVmUlo2cUtOblFFWjV3VUxPYVBhdllRbm5ySFNrS1FxcnFFTkc5RExFak1WaHVhZ2hOMzRqa3EtS3R6VHpOMFl1elVmdGM?oc=5\" target=\"_blank\" rel=\"nofollow noopener\">La Vuelta Ciclista a Extremadura se disputar\u00e1 del 12 al 14 de junio con 15 equipos y un recorrido de 485 kil\u00f3metros<\/a>&nbsp;&nbsp;Europa Press<\/li>\n<li><a href=\"https:\/\/news.google.com\/rss\/articles\/CBMilAJBVV95cUxPRk1oUXlCTkdJT1MzYk4wRXBNejZ3MkhoN3dBdzNidkZ3UHF3TkNSVlNFeGJGWEhyYjdySFg4WTRNbnlHZ0NsZTNjQ2lMYTZtRzJ4YnBNOVVqenRBZDYwMy1TeHBNbFliVDlaS2pObVZKc1pYRzRaQ0F0ZjZxM0d0VUt1bUJRVUxzZklYR3pjX204Z25sUHZXbTVqMTd3bW0zV0w0dGpxdEdib0NDSnNhMm53b3FvREQxaGF3eTZBVWtjZmtFRGx1OHNaQldtWHhLN3U1R20zbENROER2VUhjMGJaSWM2ckxxQkFQVUs5N3I5LWFEaE1EY1hvblgzOVZjYVFKdDRpM1ljY29Gc1hheUhIVDQ?oc=5\" target=\"_blank\" rel=\"nofollow noopener\">Nueva edici\u00f3n de la Vuelta Ciclista a Extremadura<\/a>&nbsp;&nbsp;extremadura.com<\/li>\n<\/ol>\n","protected":false},"excerpt":{"rendered":"La Vuelta a Extremadura 2026 presenta un recorrido de m\u00e1s de 480 kil\u00f3metros [Etapas y perfiles]&nbsp;&nbsp;Esciclismo La Vuelta&hellip;\n","protected":false},"author":2,"featured_media":586194,"comment_status":"","ping_status":"","sticky":false,"template":"","format":"standard","meta":{"footnotes":""},"categories":[273],"tags":[10605,13134,111238,65513,313,1757,312,168,7222,2197,1755,6440,25,24,2172,7167,8196,7234,19590,1058,9201,1783,14240,111239,12812,48247,1786,9509,9251,1965,57,23,167,4039,2076,12165,603,1357],"class_list":["post-586193","post","type-post","status-publish","format-standard","has-post-thumbnail","category-ciclismo","tag-a","tag-amateur","tag-azuaga","tag-banos","tag-ciclismo","tag-ciclista","tag-cycling","tag-deportes","tag-disputara","tag-edicion","tag-elite","tag-equipos","tag-es","tag-espana","tag-especiales","tag-etapas","tag-ex","tag-extremadura","tag-extremena","tag-final","tag-junio","tag-la","tag-linea","tag-montemayor","tag-panorama","tag-quince","tag-recorrido","tag-reunira","tag-ronda","tag-salida","tag-sobre","tag-spain","tag-sports","tag-sub","tag-tiene","tag-trazado","tag-tres","tag-vuelta"],"share_on_mastodon":{"url":"https:\/\/pubeurope.com\/@es\/116686801198762712","error":""},"_links":{"self":[{"href":"https:\/\/www.europesays.com\/es\/wp-json\/wp\/v2\/posts\/586193","targetHints":{"allow":["GET"]}}],"collection":[{"href":"https:\/\/www.europesays.com\/es\/wp-json\/wp\/v2\/posts"}],"about":[{"href":"https:\/\/www.europesays.com\/es\/wp-json\/wp\/v2\/types\/post"}],"author":[{"embeddable":true,"href":"https:\/\/www.europesays.com\/es\/wp-json\/wp\/v2\/users\/2"}],"replies":[{"embeddable":true,"href":"https:\/\/www.europesays.com\/es\/wp-json\/wp\/v2\/comments?post=586193"}],"version-history":[{"count":0,"href":"https:\/\/www.europesays.com\/es\/wp-json\/wp\/v2\/posts\/586193\/revisions"}],"wp:featuredmedia":[{"embeddable":true,"href":"https:\/\/www.europesays.com\/es\/wp-json\/wp\/v2\/media\/586194"}],"wp:attachment":[{"href":"https:\/\/www.europesays.com\/es\/wp-json\/wp\/v2\/media?parent=586193"}],"wp:term":[{"taxonomy":"category","embeddable":true,"href":"https:\/\/www.europesays.com\/es\/wp-json\/wp\/v2\/categories?post=586193"},{"taxonomy":"post_tag","embeddable":true,"href":"https:\/\/www.europesays.com\/es\/wp-json\/wp\/v2\/tags?post=586193"}],"curies":[{"name":"wp","href":"https:\/\/api.w.org\/{rel}","templated":true}]}}