{"id":586327,"date":"2026-06-03T16:41:16","date_gmt":"2026-06-03T16:41:16","guid":{"rendered":"https:\/\/www.europesays.com\/es\/586327\/"},"modified":"2026-06-03T16:41:16","modified_gmt":"2026-06-03T16:41:16","slug":"el-monaco-se-interesa-por-marc-casado","status":"publish","type":"post","link":"https:\/\/www.europesays.com\/es\/586327\/","title":{"rendered":"El M\u00f3naco se interesa por Marc Casad\u00f3"},"content":{"rendered":"<p class=\"ft-text\">El futuro de <strong>Marc Casad\u00f3 en el FC Barcelona<\/strong><a class=\"ft-link ft-link--decoration\" href=\"https:\/\/www.sport.es\/es\/noticias\/barca\/decision-vital-casado-130550472\" rel=\"nofollow noopener\" target=\"_blank\"> sigue siendo una inc\u00f3gnita<\/a>, aunque parece que todo empieza a esclarecerse. El canterano de 22 a\u00f1os, con escasos minutos esta temporada bajo las \u00f3rdenes de Hansi Flick, <strong>podr\u00eda abandonar el club este verano en busca de m\u00e1s protagonismo.<\/strong><\/p>\n<p class=\"ft-text\">Seg\u00fan el periodista italiano Gianluigi Longari, existe una <strong>\u00abnegociaci\u00f3n bien encaminada entre Barcelona y el AS M\u00f3naco para el traspaso en propiedad de Marc Casad\u00f3\u00bb<\/strong>. El conjunto monegasco, que no disputar\u00e1 la pr\u00f3xima Champions League, se ha fijado en el joven pivote azulgrana como refuerzo para su mediocampo. <strong>El Bar\u00e7a pedir\u00eda alrededor de 20 millones de euros por el canterano, tal y como indican estas informaciones, aunque hay competencia de clubes de Espa\u00f1a, Inglaterra y Arabia Saud\u00ed.<\/strong><\/p>\n<p class=\"ft-text\">El agente Jorge Mendes, representante de Marc Casad\u00f3, <strong>estuvo recientemente en M\u00f3naco cerrando operaciones como las de Ansu Fati y Filipe Lu\u00eds<\/strong>, y aprovech\u00f3 la ocasi\u00f3n para poner sobre la mesa el nombre del mediocentro catal\u00e1n.<\/p>\n<p class=\"ft-text\">Sin embargo, <strong>fuentes cercanas al jugador confirman a SPORT que, a d\u00eda de hoy, no existe ninguna negociaci\u00f3n abierta<\/strong>. Aunque Casad\u00f3 gusta mucho al nuevo entrenador que en los pr\u00f3ximos d\u00edas tomar\u00e1 posesi\u00f3n del cargo, <strong>el club monegasco todav\u00eda no ha iniciado conversaciones formales con el Bar\u00e7a.<\/strong><\/p>\n<p class=\"ft-text\">Ser\u00e1 una vez que se oficialice la llegada del exentrenador del Flamengo <strong>cuando se aborde seriamente la posible incorporaci\u00f3n de Casad\u00f3 como una de las opciones para reforzar el centro del campo.<\/strong><\/p>\n<p>Protagonismo de Gavi, Bernal y opci\u00f3n Bernardo Silva<\/p>\n<p class=\"ft-text\">Con <strong>las buenas sensaciones dejadas por Gavi y Marc Bernal<\/strong> tras sus respectivas recuperaciones de lesiones graves, el FC Barcelona ve reforzado su centro del campo de La Masia. Ambos <a class=\"ft-link ft-link--decoration\" href=\"https:\/\/www.sport.es\/es\/noticias\/barca\/marc-bernal-listo-gran-salto-130951280\" rel=\"nofollow noopener\" target=\"_blank\">han mostrado un gran nivel y se espera que tengan un rol m\u00e1s destacado la pr\u00f3xima temporada<\/a>, lo que reduce las oportunidades para el de Sant Pere de Vilamajor, quien ha sido el quinto mediocentro en la rotaci\u00f3n.<\/p>\n<p><img decoding=\"async\" src=\"https:\/\/www.europesays.com\/es\/wp-content\/uploads\/2026\/06\/39f1b6a2-c5a8-40fa-b25b-87e60ef1e001_alta-libre-aspect-ratio_default_0.jpg\" width=\"1200\" height=\"800\" alt=\"El centrocampista del Oviedo Santi Cazorla (d) juega un bal\u00f3n ante Marc Casad\u00f3, del Barcelona, durante el partido de la sexta jornada de LaLiga EA Sports que Real Oviedo y FC Barcelona disputaron en el estadio Carlos Tartiere. EFE\/Paco Paredes. (Oviedo) (Barcelona) a\u00f1ade vestuarios\" class=\"ft-helper-img-rd\" loading=\"lazy\" fetchpriority=\"auto\"\/><\/p>\n<p class=\"ft-helper-fontColor-quaternary ft-helper-fontSize-body-S ft-helper-spacer-t-xxs\">El centrocampista del Oviedo Santi Cazorla (d) juega un bal\u00f3n ante Marc Casad\u00f3, del Barcelona,  \/ Paco Paredes \/ EFE<\/p>\n<p class=\"ft-text\">En paralelo, <strong>Bernardo Silva emerge como una opci\u00f3n atractiva para reforzar el mediocampo.<\/strong> El portugu\u00e9s, agente libre tras finalizar su etapa en el Manchester City, <a class=\"ft-link ft-link--decoration\" href=\"https:\/\/www.sport.es\/es\/noticias\/barca\/barca-avanza-bernardo-silva-130771520\" rel=\"nofollow noopener\" target=\"_blank\">ha expresado inter\u00e9s en fichar por el Bar\u00e7a y cuenta con el visto bueno de Hansi Flick y Deco<\/a>, aunque el club prioriza otras operaciones y necesita generar espacio salarial y de plantilla. <strong>Una posible salida de Casad\u00f3 ayudar\u00eda en ese sentido.<\/strong><\/p>\n<p>Ansu Fati como compa\u00f1ero<\/p>\n<p class=\"ft-text\">En otro orden, el <strong>AS M\u00f3naco pretende activar opci\u00f3n de compra por Ansu Fati por 11 millones de euros, <\/strong>cerrando su traspaso definitivo. El Bar\u00e7a <a class=\"ft-link ft-link--decoration\" href=\"https:\/\/www.sport.es\/es\/noticias\/barca\/ansu-fati-monaco-barca-roza-130890029\" rel=\"nofollow noopener\" target=\"_blank\">se desprende de su alta ficha (alrededor de 17 millones anuales) y obtiene un alivio financiero importante<\/a>, manteniendo adem\u00e1s un porcentaje de reventa.<\/p>\n<p class=\"ft-text\">El futuro de <strong>Marc Casad\u00f3 se aclarar\u00e1 las pr\u00f3ximas semanas.<\/strong> Aunque el jugador ha expresado en el pasado su deseo de triunfar en el Bar\u00e7a, la falta de minutos y las ofertas existentes podr\u00edan empujarle a una salida que genere ingresos y<strong> libere espacio para perfiles m\u00e1s experimentados.<\/strong><\/p>\n","protected":false},"excerpt":{"rendered":"El futuro de Marc Casad\u00f3 en el FC Barcelona sigue siendo una inc\u00f3gnita, aunque parece que todo empieza&hellip;\n","protected":false},"author":2,"featured_media":586328,"comment_status":"","ping_status":"","sticky":false,"template":"","format":"standard","meta":{"footnotes":""},"categories":[268],"tags":[22887,2296,12458,53709,12691,168,25,24,881,280,282,30979,74472,20218,5095,281,23,167],"class_list":["post-586327","post","type-post","status-publish","format-standard","has-post-thumbnail","category-futbol","tag-ansu-fati","tag-barca","tag-bernal","tag-bernardo-silva","tag-casado","tag-deportes","tag-es","tag-espana","tag-fc-barcelona","tag-football","tag-futbol","tag-gavi","tag-jorge-mendes","tag-marc-casado","tag-monaco","tag-soccer","tag-spain","tag-sports"],"share_on_mastodon":{"url":"https:\/\/pubeurope.com\/@es\/116687175584543270","error":""},"_links":{"self":[{"href":"https:\/\/www.europesays.com\/es\/wp-json\/wp\/v2\/posts\/586327","targetHints":{"allow":["GET"]}}],"collection":[{"href":"https:\/\/www.europesays.com\/es\/wp-json\/wp\/v2\/posts"}],"about":[{"href":"https:\/\/www.europesays.com\/es\/wp-json\/wp\/v2\/types\/post"}],"author":[{"embeddable":true,"href":"https:\/\/www.europesays.com\/es\/wp-json\/wp\/v2\/users\/2"}],"replies":[{"embeddable":true,"href":"https:\/\/www.europesays.com\/es\/wp-json\/wp\/v2\/comments?post=586327"}],"version-history":[{"count":0,"href":"https:\/\/www.europesays.com\/es\/wp-json\/wp\/v2\/posts\/586327\/revisions"}],"wp:featuredmedia":[{"embeddable":true,"href":"https:\/\/www.europesays.com\/es\/wp-json\/wp\/v2\/media\/586328"}],"wp:attachment":[{"href":"https:\/\/www.europesays.com\/es\/wp-json\/wp\/v2\/media?parent=586327"}],"wp:term":[{"taxonomy":"category","embeddable":true,"href":"https:\/\/www.europesays.com\/es\/wp-json\/wp\/v2\/categories?post=586327"},{"taxonomy":"post_tag","embeddable":true,"href":"https:\/\/www.europesays.com\/es\/wp-json\/wp\/v2\/tags?post=586327"}],"curies":[{"name":"wp","href":"https:\/\/api.w.org\/{rel}","templated":true}]}}