{"id":586369,"date":"2026-06-03T17:10:21","date_gmt":"2026-06-03T17:10:21","guid":{"rendered":"https:\/\/www.europesays.com\/es\/586369\/"},"modified":"2026-06-03T17:10:21","modified_gmt":"2026-06-03T17:10:21","slug":"el-fronton-gigante-que-desaparecio-bajo-una-mina-en-bizkaia-revive-en-un-documental","status":"publish","type":"post","link":"https:\/\/www.europesays.com\/es\/586369\/","title":{"rendered":"El front\u00f3n gigante que desapareci\u00f3 bajo una mina en Bizkaia revive en un documental"},"content":{"rendered":"<p>Hubo un tiempo en que Gallarta era una referencia de la pelota vasca. Mucho antes de que el f\u00fatbol conquistara los barrios y las plazas, este<strong> n\u00facleo minero de Abanto-Zierbena<\/strong> albergaba <strong>uno de los frontones m\u00e1s grandes del mundo<\/strong>, un recinto de m\u00e1s de 60 metros de longitud que se convirti\u00f3 en el <strong>coraz\u00f3n social y deportivo<\/strong> de toda la comarca.<\/p>\n<p>Hoy, aquella construcci\u00f3n ya no existe. La expansi\u00f3n de la actividad minera oblig\u00f3 a derribar el front\u00f3n y acab\u00f3<strong> sepultando gran parte de una historia<\/strong> que estuvo a punto de perderse para siempre. Ahora, un nuevo documental busca rescatar del olvido ese extraordinario legado.<\/p>\n<p>    Publicidad<\/p>\n<p>Una historia enterrada bajo el avance de la mina<\/p>\n<p>El documental \u00abLa Pelota en Gallarta. 135 a\u00f1os de historia\u00bb, dirigido por Juan Cruz Hoces, reconstruye el pasado de un pueblo donde la pelota era mucho m\u00e1s que un deporte. Durante d\u00e9cadas, el front\u00f3n fue el principal punto de encuentro de los trabajadores de la zona minera y el escenario donde surgieron algunos de los mejores pelotaris de Bizkaia.<\/p>\n<p>La investigaci\u00f3n ha permitido recuperar fotograf\u00edas, documentos hist\u00f3ricos, noticias de la \u00e9poca y testimonios directos de vecinos que todav\u00eda recuerdan el antiguo front\u00f3n antes de su desaparici\u00f3n.<\/p>\n<p>Uno de los aspectos m\u00e1s sorprendentes del trabajo es descubrir c\u00f3mo un municipio minero lleg\u00f3 a contar con una instalaci\u00f3n considerada entre las m\u00e1s importantes del mundo de la pelota en su tiempo.<\/p>\n<p>Pelotaris olvidados y mujeres pioneras<\/p>\n<p>La producci\u00f3n tambi\u00e9n pone el foco en deportistas cuya memoria se hab\u00eda ido borrando con el paso de los a\u00f1os. Muchos de aquellos pelotaris que alcanzaron notoriedad en su \u00e9poca apenas eran conocidos por las nuevas generaciones.<\/p>\n<p>Adem\u00e1s, el documental rescata el papel de las mujeres pelotaris de Gallarta, protagonistas de una parte de la historia deportiva local que durante d\u00e9cadas permaneci\u00f3 pr\u00e1cticamente invisible.<\/p>\n<p>Un homenaje a m\u00e1s de un siglo de tradici\u00f3n<\/p>\n<p>El proyecto naci\u00f3 con motivo del 50 aniversario de la Gallarta Pelotazale y de los 135 a\u00f1os del primer front\u00f3n de Gallarta. Lo que inicialmente iba a ser una investigaci\u00f3n limitada acab\u00f3 convirti\u00e9ndose en un trabajo de tres a\u00f1os debido a la enorme cantidad de material hist\u00f3rico encontrado.<\/p>\n<p>Actualmente, la Gallarta Pelotazale sigue siendo una de las escuelas de pelota m\u00e1s importantes de Bizkaia, con m\u00e1s de un centenar de deportistas federados y presencia en competiciones de primer nivel.<\/p>\n<p>Proyecci\u00f3n abierta a la ciudadan\u00eda<\/p>\n<p>El documental se estrenar\u00e1 los d\u00edas 10 y 11 de junio en la Ekoetxea de Gallarta. La sesi\u00f3n del d\u00eda 10 estar\u00e1 reservada para instituciones y colaboradores, mientras que la del 11 estar\u00e1 abierta a la ciudadan\u00eda mediante invitaci\u00f3n gratuita.<\/p>\n<p data-is-last-node=\"\" data-is-only-node=\"\">M\u00e1s que una pel\u00edcula, \u00abLa Pelota en Gallarta\u00bb se presenta como un homenaje a generaciones de pelotaris y vecinos que hicieron de este deporte una se\u00f1a de identidad de la cuenca minera, devolviendo a la memoria colectiva una historia que estuvo a punto de desaparecer bajo la tierra.<\/p>\n","protected":false},"excerpt":{"rendered":"Hubo un tiempo en que Gallarta era una referencia de la pelota vasca. Mucho antes de que el&hellip;\n","protected":false},"author":2,"featured_media":586370,"comment_status":"","ping_status":"","sticky":false,"template":"","format":"standard","meta":{"footnotes":""},"categories":[169],"tags":[177,146,147,25,24,176,52145,111263,111264,12180,175,111265,23],"class_list":["post-586369","post","type-post","status-publish","format-standard","has-post-thumbnail","category-cine","tag-cine","tag-entertainment","tag-entretenimiento","tag-es","tag-espana","tag-film","tag-fronton","tag-fronton-txikito","tag-gallarta","tag-minas","tag-movies","tag-pelotaris","tag-spain"],"share_on_mastodon":{"url":"https:\/\/pubeurope.com\/@es\/116687288964743131","error":""},"_links":{"self":[{"href":"https:\/\/www.europesays.com\/es\/wp-json\/wp\/v2\/posts\/586369","targetHints":{"allow":["GET"]}}],"collection":[{"href":"https:\/\/www.europesays.com\/es\/wp-json\/wp\/v2\/posts"}],"about":[{"href":"https:\/\/www.europesays.com\/es\/wp-json\/wp\/v2\/types\/post"}],"author":[{"embeddable":true,"href":"https:\/\/www.europesays.com\/es\/wp-json\/wp\/v2\/users\/2"}],"replies":[{"embeddable":true,"href":"https:\/\/www.europesays.com\/es\/wp-json\/wp\/v2\/comments?post=586369"}],"version-history":[{"count":0,"href":"https:\/\/www.europesays.com\/es\/wp-json\/wp\/v2\/posts\/586369\/revisions"}],"wp:featuredmedia":[{"embeddable":true,"href":"https:\/\/www.europesays.com\/es\/wp-json\/wp\/v2\/media\/586370"}],"wp:attachment":[{"href":"https:\/\/www.europesays.com\/es\/wp-json\/wp\/v2\/media?parent=586369"}],"wp:term":[{"taxonomy":"category","embeddable":true,"href":"https:\/\/www.europesays.com\/es\/wp-json\/wp\/v2\/categories?post=586369"},{"taxonomy":"post_tag","embeddable":true,"href":"https:\/\/www.europesays.com\/es\/wp-json\/wp\/v2\/tags?post=586369"}],"curies":[{"name":"wp","href":"https:\/\/api.w.org\/{rel}","templated":true}]}}