{"id":586622,"date":"2026-06-03T20:14:18","date_gmt":"2026-06-03T20:14:18","guid":{"rendered":"https:\/\/www.europesays.com\/es\/586622\/"},"modified":"2026-06-03T20:14:18","modified_gmt":"2026-06-03T20:14:18","slug":"tommy-marques-bendecido-por-pedri-y-senalado-por-el-barca","status":"publish","type":"post","link":"https:\/\/www.europesays.com\/es\/586622\/","title":{"rendered":"Tommy Marqu\u00e9s, bendecido por Pedri y \u2018se\u00f1alado\u2019 por el Bar\u00e7a"},"content":{"rendered":"<p class=\"ft-text\">El recorrido de <a class=\"ft-link ft-link--decoration\" href=\"https:\/\/www.sport.es\/es\/noticias\/barca\/futbol-base\/tommy-marques-sueno-americano-masia-126637614\" rel=\"nofollow noopener\" target=\"_blank\">Tommy Marqu\u00e9s<\/a> por cada etapa formativa del Bar\u00e7a ha estado, en general, marcado por la discreci\u00f3n. Sin hacer ruido, el centrocampista barcelon\u00e9s ha ido escalando y superando contratiempos.<\/p>\n<p><img decoding=\"async\" src=\"https:\/\/www.europesays.com\/es\/wp-content\/uploads\/2026\/06\/c794837f-e252-4928-9de7-bea3f5d0c2fd_alta-libre-aspect-ratio_default_0_x600y225.jpg\" width=\"1200\" height=\"675\" alt=\"Tommy Marqu\u00e9s se ha ganado la confianza de Flick\" class=\"ft-helper-img-rd\" loading=\"lazy\" fetchpriority=\"auto\"\/><\/p>\n<p class=\"ft-helper-fontColor-quaternary ft-helper-fontSize-body-S ft-helper-spacer-t-xxs\">Tommy Marqu\u00e9s se ha ganado la confianza de Flick  \/ Valent\u00ed Enrich<\/p>\n<p class=\"ft-text\">Consigui\u00f3 el curso pasado el triplete con el Juvenil A de Juliano Haus Belletti <strong>siendo el jugador n\u00famero 12. Un imprescindible que siempre rend\u00eda cuando era llamado a filas.<\/strong> Una esponja en los entrenamientos y un perfil con una actitud siempre ejemplar y constructiva. <\/p>\n<p>Llegada por la v\u00eda de la paciencia<\/p>\n<p class=\"ft-text\">Su llegada a la c\u00faspide del Bar\u00e7a ha sido por la v\u00eda del trabajo y del test\u00f3n. <strong>Subir con 15 o 16 a\u00f1os como hicieron Lamine o Cubars\u00ed es algo excepcional y lo m\u00e1s normal es seguir el ejemplo de Casad\u00f3, Ferm\u00edn o el propio Tommy (19 a\u00f1os)\u00a0<\/strong>que se estrenaron en la \u00e9lite una vez superada su etapa de juvenil.<\/p>\n<p><img decoding=\"async\" src=\"https:\/\/www.europesays.com\/es\/wp-content\/uploads\/2026\/06\/858da385-896f-47be-bd21-e5e2164d92d9_alta-libre-aspect-ratio_default_0_x600y225.jpg\" width=\"1200\" height=\"675\" alt=\"Tommy Marqu\u00e9s, junto a Joao Cancelo en la sesi\u00f3n de entrenamiento de este viernes\" class=\"ft-helper-img-rd\" loading=\"lazy\" fetchpriority=\"auto\"\/><\/p>\n<p class=\"ft-helper-fontColor-quaternary ft-helper-fontSize-body-S ft-helper-spacer-t-xxs\">Tommy Marqu\u00e9s, junto a Joao Cancelo en la sesi\u00f3n de entrenamiento de este viernes  \/ FCB<\/p>\n<p class=\"ft-text\">Flick vio algo en \u00e9l. Cabe recordar que el centrocampista no estuvo en la pasada pretemporada y s\u00ed fue llamado a filas cuando arranc\u00f3 el curso. El t\u00e9cnico alem\u00e1n confi\u00f3 en \u00e9l por las bajas en la medular y se top\u00f3 con un chico dispuesto a aprender y a no desaprovechar la oportunidad de entrenar con algunos de los mejores jugadores del mundo. <\/p>\n<p class=\"ft-text\">Tommy inici\u00f3 su etapa de blaugrana en el Benjam\u00edn B. <strong>En sus cuatro a\u00f1os de jugar del f\u00fatbol-7 estuvo a la sombra de jugadores como Alexis Olmedo, H\u00e9ctor Fort, Pau Prim, Arnau Pradas o Marc Guiu\u00a0<\/strong>que formaban parte de los equipos &#8216;A&#8217; mientras que Tommy formaba parte de la segunda l\u00ednea.<\/p>\n<p>Los focos, para otros<\/p>\n<p class=\"ft-text\">Mientras Tommy observaba como los focos alumbraban a sus compa\u00f1eros de generaci\u00f3n citados que crec\u00edan deslumbrando con su talento \u00e9l tuvo que dar un paso al lado y aceptar una cesi\u00f3n a la Damm.\u00a0<strong>En el conjunto cervecero, Tommy recuper\u00f3 la confianza en s\u00ed mismo y creci\u00f3 con formadores de gran nivel como Joan Verd\u00fa, <\/strong>como explicamos en el &#8216;ADN Masia&#8217; de SPORT hace unos meses. <\/p>\n<p><img decoding=\"async\" src=\"https:\/\/www.europesays.com\/es\/wp-content\/uploads\/2026\/05\/29deab67-9515-4229-97da-efe2438d9210_alta-libre-aspect-ratio_default_0_x600y225.jpg\" width=\"1200\" height=\"675\" alt=\"Tommy, con la camiseta de su debut\" class=\"ft-helper-img-rd\" loading=\"lazy\" fetchpriority=\"auto\"\/><\/p>\n<p class=\"ft-helper-fontColor-quaternary ft-helper-fontSize-body-S ft-helper-spacer-t-xxs\">Tommy, con la camiseta de su debut  \/ FCB<\/p>\n<p class=\"ft-text\">Tras cumplir el sue\u00f1o del debut con el primer equipo ante el Mallorca, Tommy ha terminado jugando algunos partidos con el filial, pero en din\u00e1mica permanente a las \u00f3rdenes de Flick. <\/p>\n<p class=\"ft-text\">El entrenador germano <strong>ve en el barcelon\u00e9s un perfil muy interesante de cara al futuro<\/strong> y, sobre todo, con mucho margen de crecimiento. En el Bar\u00e7a aprende d\u00eda a d\u00eda junto a uno de sus referentes, Frenkie de Jong. De hecho, se le atisban cosas del neerland\u00e9s en ciertos movimientos y &#8216;dejes&#8217;. <\/p>\n<p>Un aparte con Flick<\/p>\n<p class=\"ft-text\">Una vez termin\u00f3 la temporada en Mestalla ante el Valencia, Flick mantuvo charlas informales e individuales con todos los jugadores, <a class=\"ft-link ft-link--decoration\" href=\"https:\/\/www.sport.es\/es\/noticias\/barca\/flick-hablado-alvaro-cortes-xavi-130714089\" rel=\"nofollow noopener\" target=\"_blank\">como contamos en SPORT<\/a>. A Tommy, \u00c1lvaro y Xavi Espart, con los que ha terminado muy satisfecho este primer curso en primer equipo, les emplaz\u00f3 a afrontar la pretemporada \u00abal 150%\u00bb.<\/p>\n<p><img decoding=\"async\" src=\"https:\/\/www.europesays.com\/es\/wp-content\/uploads\/2026\/06\/e7035265-0589-4256-9c7e-a7224aef988b_alta-libre-aspect-ratio_default_0_x600y225.jpg\" width=\"1200\" height=\"675\" alt=\"Tommy Marqu\u00e9s debut\u00f3 contra el Mallorca\" class=\"ft-helper-img-rd\" loading=\"lazy\" fetchpriority=\"auto\"\/><\/p>\n<p class=\"ft-helper-fontColor-quaternary ft-helper-fontSize-body-S ft-helper-spacer-t-xxs\">Tommy Marqu\u00e9s debut\u00f3 contra el Mallorca  \/ Dani Barbeito<\/p>\n<p class=\"ft-text\">Su estatus y la decisi\u00f3n final se tomar\u00e1 tambi\u00e9n en base a lo que ocurra en este mercado. En el caso de Tommy puede estar relacionado a lo que pase con Casad\u00f3, que apunta a salir. No se va a realizar un gasto para llenar su vac\u00edo porque <strong>hay confianza en Marqu\u00e9s<\/strong>. <\/p>\n<p class=\"ft-text\">Nos da alguna pista de lo especial que es Tommy las palabras recientes de Pedri acerca de qu\u00e9 canterano le hab\u00eda sorprendido: \u201cSiempre hay una gran cantidad de talento en La Masia. <strong>Tommy Marqu\u00e9s es muy bueno, tiene que mejorar algunas cosas, pero va a tener un gran futuro<\/strong>\u201d.<\/p>\n<p>Escenarios y ofertas<\/p>\n<p class=\"ft-text\">El centrocampista de 19 a\u00f1os tiene ofertas importantes sobre la mesa, pero prioriza el Bar\u00e7a. Y hacer una buena pretemporada y poder tener ficha del primer plantel. L\u00f3gicamente, no se descarta ning\u00fan escenario , pero en el club est\u00e1n encantados con \u00e9l y aunque tuviera que salir siempre ser\u00eda manteniendo el control porque se le considera <strong>un estandarte de futuro<\/strong>.<\/p>\n","protected":false},"excerpt":{"rendered":"El recorrido de Tommy Marqu\u00e9s por cada etapa formativa del Bar\u00e7a ha estado, en general, marcado por la&hellip;\n","protected":false},"author":2,"featured_media":586623,"comment_status":"","ping_status":"","sticky":false,"template":"","format":"standard","meta":{"footnotes":""},"categories":[268],"tags":[2296,106,168,25,24,881,4970,280,282,2848,16809,281,23,167,74417,105653],"class_list":["post-586622","post","type-post","status-publish","format-standard","has-post-thumbnail","category-futbol","tag-barca","tag-contrato","tag-deportes","tag-es","tag-espana","tag-fc-barcelona","tag-flick","tag-football","tag-futbol","tag-futuro","tag-pedri","tag-soccer","tag-spain","tag-sports","tag-tommy","tag-tommy-marques"],"share_on_mastodon":{"url":"https:\/\/pubeurope.com\/@es\/116688013141457683","error":""},"_links":{"self":[{"href":"https:\/\/www.europesays.com\/es\/wp-json\/wp\/v2\/posts\/586622","targetHints":{"allow":["GET"]}}],"collection":[{"href":"https:\/\/www.europesays.com\/es\/wp-json\/wp\/v2\/posts"}],"about":[{"href":"https:\/\/www.europesays.com\/es\/wp-json\/wp\/v2\/types\/post"}],"author":[{"embeddable":true,"href":"https:\/\/www.europesays.com\/es\/wp-json\/wp\/v2\/users\/2"}],"replies":[{"embeddable":true,"href":"https:\/\/www.europesays.com\/es\/wp-json\/wp\/v2\/comments?post=586622"}],"version-history":[{"count":0,"href":"https:\/\/www.europesays.com\/es\/wp-json\/wp\/v2\/posts\/586622\/revisions"}],"wp:featuredmedia":[{"embeddable":true,"href":"https:\/\/www.europesays.com\/es\/wp-json\/wp\/v2\/media\/586623"}],"wp:attachment":[{"href":"https:\/\/www.europesays.com\/es\/wp-json\/wp\/v2\/media?parent=586622"}],"wp:term":[{"taxonomy":"category","embeddable":true,"href":"https:\/\/www.europesays.com\/es\/wp-json\/wp\/v2\/categories?post=586622"},{"taxonomy":"post_tag","embeddable":true,"href":"https:\/\/www.europesays.com\/es\/wp-json\/wp\/v2\/tags?post=586622"}],"curies":[{"name":"wp","href":"https:\/\/api.w.org\/{rel}","templated":true}]}}