{"id":586661,"date":"2026-06-03T20:42:19","date_gmt":"2026-06-03T20:42:19","guid":{"rendered":"https:\/\/www.europesays.com\/es\/586661\/"},"modified":"2026-06-03T20:42:19","modified_gmt":"2026-06-03T20:42:19","slug":"rulo-recibira-el-sabado-el-premio-cantabria-infinita-desision-vermu","status":"publish","type":"post","link":"https:\/\/www.europesays.com\/es\/586661\/","title":{"rendered":"Rulo recibir\u00e1 el s\u00e1bado el premio &#8216;Cantabria Infinita&#8217; de&#8217;Sisi\u00f3n Verm\u00fa&#8217;"},"content":{"rendered":"<p style=\"\">Torrelavega volver\u00e1 a convertirse este s\u00e1bado en el gran escaparate de la m\u00fasica c\u00e1ntabra con la celebraci\u00f3n de una nueva edici\u00f3n de los Premios de  &#8230; la M\u00fasica de Cantabria organizada por el programa radiof\u00f3nico &#8216;Sisi\u00f3n Verm\u00fa&#8217; y por el Ayuntamiento de la ciudad. La figura m\u00e1s destacada de la gala ser\u00e1 la de Rulo quien recibir\u00e1 el galard\u00f3n &#8216;Cantabria Infinita&#8217; en reconocimiento a una trayectoria que le ha convertido en uno de los artistas m\u00e1s influyentes y reconocidos de la comunidad aut\u00f3noma. Rulo, que suma este galard\u00f3n a otros obtenidos durante su carrera, el \u00faltimo de ellos el pasado mes de abril por parte de la Asociaci\u00f3n Profesional de Gu\u00edas de Turismo en Cantabria (APIT), se encuentra en un descanso en lo que respecta a conciertos mientras prepara su nuevo disco.<\/p>\n<p class=\"v-d-p\" style=\"\">La Gala, que cuenta con una participaci\u00f3n popular de m\u00e1s de 10.000 votos para elegir los premiados, mantendr\u00e1 su caracter\u00edstico formato de sobres cerrados para desvelar a los ganadores de categor\u00edas como Mejor Canci\u00f3n, Mejor Videoclip, Letra Original, Artista Joven, Mejor Artista, Dise\u00f1o Gr\u00e1fico, Producci\u00f3n Musical o el de Mejor Festival.<\/p>\n<p>\nM\u00e1s premios\n<\/p>\n<p class=\"v-d-p\" style=\"\">Junto al reconocimiento a Rulo, la organizaci\u00f3n entregar\u00e1 otros dos galardones honor\u00edficos. El premio &#8216;Matilde de la Torre&#8217; recaer\u00e1 en Los Marceros de Torrelavega por su labor de conservaci\u00f3n y difusi\u00f3n de las tradiciones c\u00e1ntabras. Por su parte, la directora santanderina Paula Sumillera recibir\u00e1 el premio &#8216;Universidad de Cantabria&#8217; tambi\u00e9n en reconocimiento a su trayectoria y a su trabajo al frente de la Orquesta Sinf\u00f3nica del Cant\u00e1brico (Oscan) y otros proyectos musicales.<\/p>\n<p class=\"v-d-p\" style=\"\">La programaci\u00f3n musical arrancar\u00e1 a las 18.00 horas en el Rinc\u00f3n de las Artes, junto al Teatro Concha Espina, con la actuaci\u00f3n de Copernicus Dreams, ganadora de la pasada edici\u00f3n como Mejor Banda C\u00e1ntabra, y una sesi\u00f3n musical a cargo del DJ Jes\u00fas Bomb\u00edn. Ya en el teatro y desde las 20.00 horas, la m\u00fasica no cesar\u00e1 durante la gala en la que actuar\u00e1n Mikan, Jerem\u00edas San Mart\u00edn, Golden Br\u00f3coli y Jim\u00e9nez con Jota. Adem\u00e1s, la ceremonia estar\u00e1 presentada por el productor musical Bambax y la creadora de contenido Teresa Gareche. Como broche final, el grupo El Nido, ganador del premio a Mejor Banda Nacional, ofrecer\u00e1 un concierto gratuito a las 22.00 horas.<\/p>\n","protected":false},"excerpt":{"rendered":"Torrelavega volver\u00e1 a convertirse este s\u00e1bado en el gran escaparate de la m\u00fasica c\u00e1ntabra con la celebraci\u00f3n de&hellip;\n","protected":false},"author":2,"featured_media":586662,"comment_status":"","ping_status":"","sticky":false,"template":"","format":"standard","meta":{"footnotes":""},"categories":[170],"tags":[2771,111295,146,147,25,24,16333,184,185,843,10795,2049,3397,23,111296],"class_list":["post-586661","post","type-post","status-publish","format-standard","has-post-thumbnail","category-musica","tag-cantabria","tag-desision","tag-entertainment","tag-entretenimiento","tag-es","tag-espana","tag-infinita","tag-music","tag-musica","tag-premio","tag-recibira","tag-rulo","tag-sabado","tag-spain","tag-vermu"],"share_on_mastodon":{"url":"https:\/\/pubeurope.com\/@es\/116688122529171477","error":""},"_links":{"self":[{"href":"https:\/\/www.europesays.com\/es\/wp-json\/wp\/v2\/posts\/586661","targetHints":{"allow":["GET"]}}],"collection":[{"href":"https:\/\/www.europesays.com\/es\/wp-json\/wp\/v2\/posts"}],"about":[{"href":"https:\/\/www.europesays.com\/es\/wp-json\/wp\/v2\/types\/post"}],"author":[{"embeddable":true,"href":"https:\/\/www.europesays.com\/es\/wp-json\/wp\/v2\/users\/2"}],"replies":[{"embeddable":true,"href":"https:\/\/www.europesays.com\/es\/wp-json\/wp\/v2\/comments?post=586661"}],"version-history":[{"count":0,"href":"https:\/\/www.europesays.com\/es\/wp-json\/wp\/v2\/posts\/586661\/revisions"}],"wp:featuredmedia":[{"embeddable":true,"href":"https:\/\/www.europesays.com\/es\/wp-json\/wp\/v2\/media\/586662"}],"wp:attachment":[{"href":"https:\/\/www.europesays.com\/es\/wp-json\/wp\/v2\/media?parent=586661"}],"wp:term":[{"taxonomy":"category","embeddable":true,"href":"https:\/\/www.europesays.com\/es\/wp-json\/wp\/v2\/categories?post=586661"},{"taxonomy":"post_tag","embeddable":true,"href":"https:\/\/www.europesays.com\/es\/wp-json\/wp\/v2\/tags?post=586661"}],"curies":[{"name":"wp","href":"https:\/\/api.w.org\/{rel}","templated":true}]}}