{"id":586768,"date":"2026-06-03T21:54:14","date_gmt":"2026-06-03T21:54:14","guid":{"rendered":"https:\/\/www.europesays.com\/es\/586768\/"},"modified":"2026-06-03T21:54:14","modified_gmt":"2026-06-03T21:54:14","slug":"lorlatinib-consolida-un-nuevo-horizonte-a-largo-plazo-en-cancer-de-pulmon-alk","status":"publish","type":"post","link":"https:\/\/www.europesays.com\/es\/586768\/","title":{"rendered":"Lorlatinib consolida un nuevo horizonte a largo plazo en c\u00e1ncer de pulm\u00f3n ALK+"},"content":{"rendered":"<p>Pfizer ha anunciado, en el congreso anual de la Sociedad Americana de Oncolog\u00eda Cl\u00ednica (ASCO, por sus siglas en ingl\u00e9s), los resultados del seguimiento a siete a\u00f1os del estudio CROWN, un ensayo de fase III que eval\u00faa lorlatinib (\u25bcLorviqua\u00ae), un inhibidor ALK positivo de tercera generaci\u00f3n, en comparaci\u00f3n con crizotinib, &#8230;            &#13;\n        <\/p>\n<p> &#13;<br \/>\n&#13;<\/p>\n<p><strong>Pfizer<\/strong> ha anunciado, en el congreso anual de la <strong>Sociedad Americana de Oncolog\u00eda Cl\u00ednica<\/strong> (ASCO, por sus siglas en ingl\u00e9s), los resultados del seguimiento a siete a\u00f1os del estudio <strong>CROWN<\/strong>, un ensayo de fase III que eval\u00faa <strong>lorlatinib<\/strong> (\u25bcLorviqua\u00ae), un inhibidor ALK positivo de tercera generaci\u00f3n, en comparaci\u00f3n con crizotinib, en pacientes con <strong>c\u00e1ncer de pulm\u00f3n no microc\u00edtico<\/strong> (CPNM) avanzado ALK positivo no tratados previamente.<\/p>\n<p>Tras siete a\u00f1os de seguimiento, los pacientes presentaron <strong>una probabilidad del 55% de supervivencia libre de progresi\u00f3n<\/strong> (SLP) (IC 95%, 46-63), en comparaci\u00f3n con el 3% (IC 95%, 1-8) con la terapia de control. Adem\u00e1s, se demostr\u00f3 que la mediana de SLP no se hab\u00eda alcanzado (HR 0,19; IC 95%, 0,13-0,26), lo que representa <strong>una reducci\u00f3n del 81% en el riesgo de progresi\u00f3n de la enfermedad<\/strong> o muerte en comparaci\u00f3n con la terapia de control.<\/p>\n<p>Los resultados de este seguimiento a siete a\u00f1os demostraron que <strong>lorlatinib previno y control\u00f3 de forma duradera las met\u00e1stasis cerebrales<\/strong>, con una reducci\u00f3n del 94% del riesgo de desarrollar progresi\u00f3n intracraneal (HR 0,06; IC 95%, 0,03-0,12), sin que se produjeran nuevos eventos de progresi\u00f3n intracraneal despu\u00e9s de los primeros 30 meses. La mediana de tiempo hasta que la enfermedad progres\u00f3 a nivel intracraneal no se alcanz\u00f3 con lorlatinib (IC 95%: NA-NA) y fue de 16,4 meses (12,7-21,9) con la terapia de control. En el momento del an\u00e1lisis, el 44% de los pacientes del estudio CROWN segu\u00eda recibiendo este tratamiento de nueva generaci\u00f3n, en comparaci\u00f3n con el 3% de los pacientes que recib\u00eda crizotinib.<\/p>\n<p>\u00abEstos resultados son extraordinarios, no solo por el mantenimiento de la respuesta tumoral, sino por lo que suponen para los pacientes: un cambio de paradigma en las expectativas del tratamiento del c\u00e1ncer de pulm\u00f3n no microc\u00edtico ALK+ en estadios avanzados. Observar este nivel de beneficio a largo plazo con una terapia oral diaria, tanto en el mantenimiento de la supervivencia libre de progresi\u00f3n como en la prevenci\u00f3n de met\u00e1stasis cerebrales, habr\u00eda sido dif\u00edcil de imaginar cuando se desarrollaron las primeras terapias dirigidas contra el ALK hace una d\u00e9cada\u00bb, ha comentado el doctor <strong>Javier de Castro Carpe\u00f1o<\/strong>, jefe de secci\u00f3n de Oncolog\u00eda M\u00e9dica del Hospital Universitario La Paz y presidente de la Sociedad Espa\u00f1ola de Oncolog\u00eda M\u00e9dica.<\/p>\n<p> &#13;<\/p>\n<p>Por su parte, la doctora <strong>Rosario Garc\u00eda Campelo<\/strong>, jefa del Servicio de Oncolog\u00eda M\u00e9dica del Hospital Universitario de A Coru\u00f1a, ha resaltado: \u00abDetr\u00e1s de cada ensayo cl\u00ednico hay alguien que sigue adelante con su vida, criando a sus hijos, desarrollando su carrera profesional, creando recuerdos, sin que la enfermedad avance. Estos datos refuerzan la posibilidad de controlar la enfermedad a largo plazo y suponen un avance relevante e hist\u00f3rico en c\u00e1ncer de pulm\u00f3n avanzado y para quienes conviven con esta patolog\u00eda\u00bb.<\/p>\n<p>\u00abLos \u00faltimos resultados del estudio CROWN reflejan un beneficio cl\u00ednico a largo plazo in\u00e9dito. Las estimaciones indican que la gran mayor\u00eda de los pacientes, tras siete a\u00f1os, contin\u00faan sin progresi\u00f3n de la enfermedad. Aunque no podemos hacer comparaciones directas de diferentes estudios, estar\u00edamos hablando de la supervivencia libre de progresi\u00f3n m\u00e1s prolongada registrada hasta la fecha en c\u00e1ncer de pulm\u00f3n\u00bb, ha comentado <strong>Jos\u00e9 Chaves<\/strong>, director m\u00e9dico de Pfizer Espa\u00f1a. \u00abEstos resultados reflejan nuestro compromiso por seguir impulsando terapias disruptivas que mejoren el abordaje y la calidad de vida de las personas con c\u00e1ncer de pulm\u00f3n avanzado\u00bb, ha a\u00f1adido.<\/p>\n<p>Los perfiles de seguridad de lorlatinib y crizotinib en el seguimiento a siete a\u00f1os han sido consistentes con los resultados anteriores. Los eventos adversos relacionados con el tratamiento que llevaron a discontinuar permanentemente el tratamiento fueron del <strong>5% y el 6% de los pacientes en los brazos de lorlatinib y crizotinib<\/strong>, respectivamente. No hubo discontinuaciones permanentes debido a eventos adversos relacionados con el tratamiento ocurridos tras los primeros 26 meses con lorlatinib.<\/p>\n<p><strong>El c\u00e1ncer de pulm\u00f3n avanzado en la actualidad<\/strong><\/p>\n<p>En 2026, se estima que cerca de 35.000 personas ser\u00e1n diagnosticadas de c\u00e1ncer de pulm\u00f3n en Espa\u00f1a, siendo el tercer tipo de tumor m\u00e1s frecuente tanto en hombres (23.079) como en mujeres (11.829). Adem\u00e1s, el c\u00e1ncer de pulm\u00f3n es la <strong>principal causa de muerte relacionada con procesos oncol\u00f3gicos a nivel mundial<\/strong> y, en Espa\u00f1a, es la principal causa de defunciones en hombres y, por primera vez, tambi\u00e9n en mujeres, superando al c\u00e1ncer de mama.<\/p>\n<p>El CPNM representa la inmensa mayor\u00eda de estos casos, entre el 75% y el 80%, y los tumores ALK positivos aparecen en alrededor del 3% al 5% de los pacientes. Aproximadamente, entre el 25% y el 40% de las personas con este tipo espec\u00edfico de c\u00e1ncer de pulm\u00f3n avanzado pueden llegar a <strong>desarrollar met\u00e1stasis en el cerebro durante los dos primeros a\u00f1os desde el diagn\u00f3stico inicial<\/strong>, lo que suele asociarse con un pron\u00f3stico m\u00e1s complejo y puede afectar de forma importante a su d\u00eda a d\u00eda y a su calidad de vida.<\/p>\n","protected":false},"excerpt":{"rendered":"Pfizer ha anunciado, en el congreso anual de la Sociedad Americana de Oncolog\u00eda Cl\u00ednica (ASCO, por sus siglas&hellip;\n","protected":false},"author":2,"featured_media":586769,"comment_status":"","ping_status":"","sticky":false,"template":"","format":"standard","meta":{"footnotes":""},"categories":[92],"tags":[58263,988,1066,10885,8111,2811,111302,111300,111301,25,24,1292,3419,165,14989,8918,111299,9785,4920,1156,524,10016,8392,3256,33362,1288,166,8707,5294,23],"class_list":["post-586768","post","type-post","status-publish","format-standard","has-post-thumbnail","category-salud","tag-alk","tag-anos","tag-cancer","tag-cerebrales","tag-consolida","tag-control","tag-crizotinib","tag-crown","tag-duradero","tag-es","tag-espana","tag-estudio","tag-frente","tag-health","tag-horizonte","tag-largo","tag-lorlatinib","tag-metastasis","tag-muerte","tag-muestra","tag-nuevo","tag-plazo","tag-progresion","tag-pulmon","tag-reduccion","tag-riesgo","tag-salud","tag-seguimiento","tag-siete","tag-spain"],"share_on_mastodon":{"url":"https:\/\/pubeurope.com\/@es\/116688405603357148","error":""},"_links":{"self":[{"href":"https:\/\/www.europesays.com\/es\/wp-json\/wp\/v2\/posts\/586768","targetHints":{"allow":["GET"]}}],"collection":[{"href":"https:\/\/www.europesays.com\/es\/wp-json\/wp\/v2\/posts"}],"about":[{"href":"https:\/\/www.europesays.com\/es\/wp-json\/wp\/v2\/types\/post"}],"author":[{"embeddable":true,"href":"https:\/\/www.europesays.com\/es\/wp-json\/wp\/v2\/users\/2"}],"replies":[{"embeddable":true,"href":"https:\/\/www.europesays.com\/es\/wp-json\/wp\/v2\/comments?post=586768"}],"version-history":[{"count":0,"href":"https:\/\/www.europesays.com\/es\/wp-json\/wp\/v2\/posts\/586768\/revisions"}],"wp:featuredmedia":[{"embeddable":true,"href":"https:\/\/www.europesays.com\/es\/wp-json\/wp\/v2\/media\/586769"}],"wp:attachment":[{"href":"https:\/\/www.europesays.com\/es\/wp-json\/wp\/v2\/media?parent=586768"}],"wp:term":[{"taxonomy":"category","embeddable":true,"href":"https:\/\/www.europesays.com\/es\/wp-json\/wp\/v2\/categories?post=586768"},{"taxonomy":"post_tag","embeddable":true,"href":"https:\/\/www.europesays.com\/es\/wp-json\/wp\/v2\/tags?post=586768"}],"curies":[{"name":"wp","href":"https:\/\/api.w.org\/{rel}","templated":true}]}}