{"id":58691,"date":"2025-08-19T20:39:07","date_gmt":"2025-08-19T20:39:07","guid":{"rendered":"https:\/\/www.europesays.com\/es\/58691\/"},"modified":"2025-08-19T20:39:07","modified_gmt":"2025-08-19T20:39:07","slug":"fuimos-una-familia-feliz-hasta-que-mi-hermana-cayo-en-coma","status":"publish","type":"post","link":"https:\/\/www.europesays.com\/es\/58691\/","title":{"rendered":"\u00abFuimos una familia feliz hasta que mi hermana cay\u00f3 en coma\u00bb"},"content":{"rendered":"<p class=\"voc-p\" style=\"\"><strong>Juan Esteban Aristiz\u00e1bal V\u00e1squez<\/strong> (52), mejor conocido como <a href=\"https:\/\/www.abc.es\/espana\/castilla-la-mancha\/juanes-recala-septiembre-tarancon-dentro-gira-europa-20230901115042-nt.html\" target=\"_self\" data-voc-vtm-id=\"in-text-traffic\" title=\"Juanes\" data-mrf-link=\"www.abc.es\" rel=\"nofollow noopener\">Juanes<\/a>, convers\u00f3 abiertamente con la periodista y empresaria chilena Javiera Quiroga <strong>sobre las tragedias que han ocurrido en su vida<\/strong> que, aunque le han dejado cicatrices profundas, tambi\u00e9n le han ayudado a forjar su car\u00e1cter y convertirse en un artista con gran sensibilidad.<\/p>\n<p class=\"voc-p\" style=\"\">De or\u00edgenes muy humildes, perteneciente a un n\u00facleo familiar donde el amor nunca falt\u00f3, <a href=\"https:\/\/www.abc.es\/queplan\/sevilla\/conciertos\/emocionante-concierto-juanes-cartuja-center-sevilla-imagenes-20230903230955-gas.html\" target=\"_self\" data-voc-vtm-id=\"in-text-traffic\" title=\"el cantante antioque\u00f1o\" data-mrf-link=\"www.abc.es\" rel=\"nofollow noopener\">el cantante antioque\u00f1o<\/a> vivi\u00f3 por primera vez l<strong>as consecuencias de la violencia en su pa\u00eds<\/strong> a los 15 a\u00f1os, cuando mataron a un primo cercano y uno de sus buenos amigos <strong>muri\u00f3 en una masacre en un bar de Medell\u00edn<\/strong>: \u00abLos que vivimos la \u00e9poca de los 80 en Medell\u00edn, decimos entre nosotros que sobrevivimos\u00bb.<\/p>\n<p class=\"voc-p\" style=\"\">La m\u00fasica fue esencial a partir de ese momento para Juanes, espec\u00edficamente el metal, el rock pesado y el punk. Encontr\u00f3 a trav\u00e9s de la distorsi\u00f3n de la guitarra y de esa cultura algo que <strong>le hizo sentir poderoso cuando sal\u00eda a la calle<\/strong>, lo suficiente como para empezar a so\u00f1ar con el futuro que le esperaba.<\/p>\n<p class=\"voc-p\" style=\"\">Pero cuando ten\u00eda 20 a\u00f1os ocurri\u00f3 \u00abel golpe m\u00e1s fuerte que ha tenido la familia\u00bb: Su hermana, Luz Cecilia, <strong>cay\u00f3 en coma despu\u00e9s de dar a luz a su sobrina<\/strong>, pues sufri\u00f3 una hemorragia interna severa y, como su tipo de sangre era poco com\u00fan, no lograron hacerle la cantidad de transfusiones necesaria, por lo que el da\u00f1o cerebral <strong>la dej\u00f3 en estado vegetativo durante 27 a\u00f1os<\/strong>. Falleci\u00f3 en el 2019: \u00abAunque suene raro, cuando falleci\u00f3, todos descansamos\u00bb.<\/p>\n<p class=\"voc-p\" style=\"\">Sobre las situaciones en las que las personas sufren traumas severos que les deja imposibilitados, el artista afirma que: <strong>\u00abUno deber\u00eda tener a libertad de decidir en una situaci\u00f3n de esas\u00bb<\/strong> y comparte una valiosa reflexi\u00f3n: \u00abLa vida no es f\u00e1cil para nadie, todos cargamos cruces, pero lo m\u00e1s importante es tener un prop\u00f3sito\u00bb.<\/p>\n<p class=\"voc-p\" style=\"\">Juanes define su carrera musical como un camino de \u00absubidas, bajadas, carreteras destapadas y autopistas\u00bb. Hace 15 a\u00f1os le angustiaba mucho la fama, ahora solo se siente un poco raro porque, fuera del escenario, <strong>es muy t\u00edmido<\/strong>. \u00abYo no empec\u00e9 a hacer esto porque quer\u00eda ser famoso o por el dinero, sino porque <strong>de verdad quer\u00eda hacer m\u00fasica<\/strong>, con el tiempo me di cuenta que hay muchas cosas que uno tiene que enfrentar\u00bb. <\/p>\n<p class=\"voc-p\" style=\"\">Fue tras el \u00e9xito de &#8216;la camisa negra&#8217; que se sinti\u00f3 totalmente perdido, <strong>la fama le confundi\u00f3 y se desconect\u00f3 de s\u00ed mismo<\/strong>: \u00abNadie est\u00e1 preparado para eso. Tu sentido de la realidad cambia por completo\u00bb.<\/p>\n<p class=\"voc-p\" style=\"\">En su lucha contra la depresi\u00f3n algunas personas le hicieron pensar que estaba loco <strong>mientras buscaba ayuda en el alcohol para anestesiar y seguir<\/strong>. \u00abYo pensaba que tomaba porque me encantaba o porque me desinhib\u00eda, no me daba cuenta que estaba tratando de llenar un vac\u00edo o de huir de la realidad\u00bb. <\/p>\n<p class=\"voc-p\" style=\"\">Con una carrera consolidada y una familia construida junto a Karen Mart\u00ednez, <strong>el antioque\u00f1o pas\u00f3 por la \u00e9poca m\u00e1s triste de su vida hace aproximadamente 13 a\u00f1os<\/strong>. Lleg\u00f3 a un punto de hast\u00edo total, pues cant\u00f3 durante mucho tiempo sin descansar y eso lo llev\u00f3 a un lugar muy oscuro: \u00abOdiaba mi m\u00fasica, odiaba mi voz y hasta odiaba mi cara frente al espejo, fue el punto de inflexi\u00f3n en el que decid\u00ed parar\u00bb. <\/p>\n<p class=\"voc-p\" style=\"\">Ahora el cantante ha descubierto el balance, seg\u00fan \u00e9l, <strong>no funciona ir radicalmente a un lado o a otro<\/strong>. Una vida en la que el autocuidado se priorice a trav\u00e9s del ejercicio, la buena alimentaci\u00f3n y la evasi\u00f3n de los excesos es lo que le mantiene saludable y <strong>con ganas de seguir conquistando los escenarios<\/strong>. <\/p>\n<p>Reportar un error<\/p>\n","protected":false},"excerpt":{"rendered":"Juan Esteban Aristiz\u00e1bal V\u00e1squez (52), mejor conocido como Juanes, convers\u00f3 abiertamente con la periodista y empresaria chilena Javiera&hellip;\n","protected":false},"author":2,"featured_media":58692,"comment_status":"","ping_status":"","sticky":false,"template":"","format":"standard","meta":{"footnotes":""},"categories":[91],"tags":[24800,8935,146,147,25,24,367,6664,11317,24799,23],"class_list":{"0":"post-58691","1":"post","2":"type-post","3":"status-publish","4":"format-standard","5":"has-post-thumbnail","7":"category-entretenimiento","8":"tag-cayo","9":"tag-coma","10":"tag-entertainment","11":"tag-entretenimiento","12":"tag-es","13":"tag-espana","14":"tag-familia","15":"tag-feliz","16":"tag-hermana","17":"tag-juanes","18":"tag-spain"},"share_on_mastodon":{"url":"","error":""},"_links":{"self":[{"href":"https:\/\/www.europesays.com\/es\/wp-json\/wp\/v2\/posts\/58691","targetHints":{"allow":["GET"]}}],"collection":[{"href":"https:\/\/www.europesays.com\/es\/wp-json\/wp\/v2\/posts"}],"about":[{"href":"https:\/\/www.europesays.com\/es\/wp-json\/wp\/v2\/types\/post"}],"author":[{"embeddable":true,"href":"https:\/\/www.europesays.com\/es\/wp-json\/wp\/v2\/users\/2"}],"replies":[{"embeddable":true,"href":"https:\/\/www.europesays.com\/es\/wp-json\/wp\/v2\/comments?post=58691"}],"version-history":[{"count":0,"href":"https:\/\/www.europesays.com\/es\/wp-json\/wp\/v2\/posts\/58691\/revisions"}],"wp:featuredmedia":[{"embeddable":true,"href":"https:\/\/www.europesays.com\/es\/wp-json\/wp\/v2\/media\/58692"}],"wp:attachment":[{"href":"https:\/\/www.europesays.com\/es\/wp-json\/wp\/v2\/media?parent=58691"}],"wp:term":[{"taxonomy":"category","embeddable":true,"href":"https:\/\/www.europesays.com\/es\/wp-json\/wp\/v2\/categories?post=58691"},{"taxonomy":"post_tag","embeddable":true,"href":"https:\/\/www.europesays.com\/es\/wp-json\/wp\/v2\/tags?post=58691"}],"curies":[{"name":"wp","href":"https:\/\/api.w.org\/{rel}","templated":true}]}}