{"id":587110,"date":"2026-06-04T02:26:13","date_gmt":"2026-06-04T02:26:13","guid":{"rendered":"https:\/\/www.europesays.com\/es\/587110\/"},"modified":"2026-06-04T02:26:13","modified_gmt":"2026-06-04T02:26:13","slug":"las-gotas-de-creatividad-de-pablo-zuriarrain","status":"publish","type":"post","link":"https:\/\/www.europesays.com\/es\/587110\/","title":{"rendered":"Las &#8216;gotas&#8217; de creatividad de Pablo Zuriarrain"},"content":{"rendered":"<p style=\"\">Quienes estos d\u00edas visitan el Aquarium tienen la oportunidad de conocer la exposici\u00f3n que protagoniza en la Sala T el escultor oiartzuarra Pablo Zuriarrain. Bajo  &#8230; el t\u00edtulo &#8216;Tanttak&#8217; (en castellano, &#8216;Gotas&#8217;), la muestra re\u00fane un total de trece creaciones salidas de las manos y la imaginaci\u00f3n del artista que tiene su taller en Lezo.<\/p>\n<p class=\"v-d-p\" style=\"\">Un norai recibe a cuantos se sumergen en el espacio de 150 metros cuadrados que Zuriarrain compara con una burbuja situada en el fondo del mar. A esta ilusi\u00f3n contribuyen las paredes pintadas de negro, el sonido ambiente y la tranquilidad que reina en el espacio situado a muy pocos metros de donde campan a sus anchas los caballitos de mar.<\/p>\n<p class=\"v-d-p\" style=\"\">La inmersi\u00f3n revela otras obras ideadas principalmente en madera, aunque tambi\u00e9n se incluyen propuestas construidas a partir de metal y cristal. Son un reflejo de la trayectoria art\u00edstica de este carpintero ya jubilado que desde muy joven se decant\u00f3 por los materiales naturales, quiz\u00e1s como consecuencia de que su infancia estuvo ligada a los bosques y al r\u00edo Oiartzun.<\/p>\n<p><img decoding=\"async\" loading=\"lazy\" src=\"https:\/\/www.europesays.com\/es\/wp-content\/uploads\/2026\/06\/escultor2-U02453234506FIn-680x476@Diario Vasco.jpg\" class=\"v-a-img\" width=\"680\" height=\"478\" alt=\"Los eslabones construidos a partir de poli\u00e9ster pintados de naranja que ya pudieron verse en el jard\u00edn de Arizmendienea.\" data-voc-vtm-id=\"in-text-traffic\"\/><\/p>\n<p>Los eslabones construidos a partir de poli\u00e9ster pintados de naranja que ya pudieron verse en el jard\u00edn de Arizmendienea.<\/p>\n<p>(Vi\u00f1as)<\/p>\n<p class=\"v-d-p\" style=\"\">\u00abLa que m\u00e1s se sale de lo que es mi trabajo es esta \u2013dice refiri\u00e9ndose a una pieza hecha a base de unos eslabones unidos\u2013. La hice para la feria de Durango. Por lo general, se llevan piezas m\u00e1s serias, pero a m\u00ed me parec\u00eda que quedaba un tanto soso. Pens\u00e9 en hacer algo en color. La hice en poli\u00e9ster y la pint\u00e9 de naranja. Fue un acierto. Posteriormente, ha estado en otras exposiciones, en el exterior, como en el jard\u00edn de Arizmendienea\u00bb, explica.<\/p>\n<p class=\"v-d-p\" style=\"\">El escultor confiesa que podr\u00eda trabajar con cualquier material, \u00abincluso si encuentro algo deshecho\u00bb. Sin embargo, asegura que siente predilecci\u00f3n por la madera y que siempre le ha emocionado crear con las manos, \u00abdesde que siendo un ni\u00f1o me toc\u00f3 aprender un oficio \u2013el de carpintero\u2013 porque mi madre era viuda y ten\u00eda siete hijos\u00bb.<\/p>\n<p class=\"v-d-p\" style=\"\">A\u00fan recuerda c\u00f3mo a finales de los sesenta \u00abErrenteria era lo que llamamos hoy China\u00bb. \u00abPod\u00edas ir all\u00ed y pedir cualquier cosa. Hab\u00eda carpinteros, modelistas, pintores, f\u00e1bricas&#8230; Era algo que me apasionaba\u00bb, se\u00f1ala, mientras a\u00f1ade que aquello le marc\u00f3 especialmente.<\/p>\n<p class=\"v-d-p\" style=\"\">Esa influencia est\u00e1 presente en sus gotas de madera, en la chipironera que ha bautizado con el nombre de su amigo Faustino y en los veleros que fondean en un mar imaginario esperando salir a navegar. \u00abBuena parte de la inspiraci\u00f3n me viene de la naturaleza. Todo lo que hago tiene que ver con ella porque es lo que siento, lo que me emociona\u00bb, declara.<\/p>\n<p class=\"v-d-p\" style=\"\">As\u00ed podr\u00e1n comprobarlo cuantos accedan al Aquarium, donde sus esculturas podr\u00e1n contemplarse hasta el 5 de julio.<\/p>\n","protected":false},"excerpt":{"rendered":"Quienes estos d\u00edas visitan el Aquarium tienen la oportunidad de conocer la exposici\u00f3n que protagoniza en la Sala&hellip;\n","protected":false},"author":2,"featured_media":587111,"comment_status":"","ping_status":"","sticky":false,"template":"","format":"standard","meta":{"footnotes":""},"categories":[173],"tags":[229,233,231,230,9610,232,234,146,147,25,24,18630,618,23,111337],"class_list":["post-587110","post","type-post","status-publish","format-standard","has-post-thumbnail","category-arte-y-diseno","tag-arte","tag-arte-y-diseno","tag-arts","tag-arts-and-design","tag-creatividad","tag-design","tag-diseno","tag-entertainment","tag-entretenimiento","tag-es","tag-espana","tag-gotas","tag-pablo","tag-spain","tag-zuriarrain"],"share_on_mastodon":{"url":"https:\/\/pubeurope.com\/@es\/116689475164323760","error":""},"_links":{"self":[{"href":"https:\/\/www.europesays.com\/es\/wp-json\/wp\/v2\/posts\/587110","targetHints":{"allow":["GET"]}}],"collection":[{"href":"https:\/\/www.europesays.com\/es\/wp-json\/wp\/v2\/posts"}],"about":[{"href":"https:\/\/www.europesays.com\/es\/wp-json\/wp\/v2\/types\/post"}],"author":[{"embeddable":true,"href":"https:\/\/www.europesays.com\/es\/wp-json\/wp\/v2\/users\/2"}],"replies":[{"embeddable":true,"href":"https:\/\/www.europesays.com\/es\/wp-json\/wp\/v2\/comments?post=587110"}],"version-history":[{"count":0,"href":"https:\/\/www.europesays.com\/es\/wp-json\/wp\/v2\/posts\/587110\/revisions"}],"wp:featuredmedia":[{"embeddable":true,"href":"https:\/\/www.europesays.com\/es\/wp-json\/wp\/v2\/media\/587111"}],"wp:attachment":[{"href":"https:\/\/www.europesays.com\/es\/wp-json\/wp\/v2\/media?parent=587110"}],"wp:term":[{"taxonomy":"category","embeddable":true,"href":"https:\/\/www.europesays.com\/es\/wp-json\/wp\/v2\/categories?post=587110"},{"taxonomy":"post_tag","embeddable":true,"href":"https:\/\/www.europesays.com\/es\/wp-json\/wp\/v2\/tags?post=587110"}],"curies":[{"name":"wp","href":"https:\/\/api.w.org\/{rel}","templated":true}]}}