{"id":587242,"date":"2026-06-04T04:11:21","date_gmt":"2026-06-04T04:11:21","guid":{"rendered":"https:\/\/www.europesays.com\/es\/587242\/"},"modified":"2026-06-04T04:11:21","modified_gmt":"2026-06-04T04:11:21","slug":"el-jefe-de-la-uco-declaro-que-el-exdirector-de-la-guardia-civil-ordeno-cambiar-un-informe-sobre-el-hermano-de-sanchez","status":"publish","type":"post","link":"https:\/\/www.europesays.com\/es\/587242\/","title":{"rendered":"El jefe de la UCO declar\u00f3 que el exdirector de la Guardia Civil orden\u00f3 cambiar un informe sobre el hermano de S\u00e1nchez"},"content":{"rendered":"<p class=\"article-text\">\n        El general Rafael Yuste, anterior jefe de la Unidad Central Operativa (UCO) de la Guardia Civil, relat\u00f3 ante los investigadores del caso Leire de su antigua unidad que el director de la Guardia Civil Leonardo Marcos, destituido en octubre de 2024, orden\u00f3 que se cambiara el contenido de un informe que perjudicaba a David S\u00e1nchez, hermano del presidente del Gobierno.\n    <\/p>\n<p class=\"article-text\">\n        El 12 de julio de 2024 Leonardo Marcos hab\u00eda citado al superior de Yuste, el general jefe de Polic\u00eda Judicial, Alfonso L\u00f3pez Malo, y le dijo en su despacho que \u201cestaba enfadado y contrariado respecto del informe emitido por la UCO relacionado con la investigaci\u00f3n entre cuyos encausados estaba el hermano del presidente del Gobierno, David S\u00e1nchez P\u00e9rez-Castej\u00f3n, reprochando al testigo que no hubiese tenido conocimiento previo de dicho informe de forma previa a su entrega\u201d. As\u00ed se lo traslad\u00f3 la semana pasada Yuste a los agentes de la UCO que se personaron en la Direcci\u00f3n General de la Guardia Civil.\n    <\/p>\n<p class=\"article-text\">\n        Yuste cont\u00f3 que ese mismo d\u00eda 12 de julio de 2024, por la la tarde, hubo otro encuentro en el que participaron los anteriores m\u00e1s el jefe de la UCO y el DAO Llamas. En esta reuni\u00f3n, Leonardo Marcos \u201cles manifest\u00f3 que se encontraba indignado porque hab\u00eda conocido por terceros una propuesta de actuaciones elaborada por UCO en el marco del procedimiento judicial abierto por la denominada operaci\u00f3n Cajir\u00f3n [sobre David S\u00e1nchez], en la que, seg\u00fan \u00e9l, se hac\u00edan presunciones falsas\u201d, seg\u00fan declar\u00f3 el general Yuste, anterior jefe de la UCO al instructor de la informaci\u00f3n reservada.\n    <\/p>\n<p class=\"article-text\">\n        Leonardo Marcos habr\u00eda dicho en esa reuni\u00f3n que el informe en el que la UCO propon\u00eda a la juez actuacione en el caso sobre el hermano de S\u00e1nchez era \u201cprospectivo y mal intencionado\u201d y a\u00f1adi\u00f3 que la credibilidad de la unidad estaba \u201cpor los suelos\u201d. Marcos habr\u00eda pedido que se elaborara otro informe en el que constara que \u201cno hab\u00eda nada\u201d y que si para ello hab\u00eda que dejar sin vacaciones a los agentes de la UCO que as\u00ed se hicera. Marcos quer\u00eda el siguiente informe exculpando a David S\u00e1nchez para el 19 de julio.\n    <\/p>\n<p class=\"article-text\">\n        Tres meses despu\u00e9s de estas reuniones, en octubre, el Ministerio del Interior destituy\u00f3 a Leonardo Marcos como director general de la Guardia Civil y le envi\u00f3 a un puesto en la Embajada espa\u00f1ola en Washington. El hermano de Pedro S\u00e1nchez ser\u00eda llamado igualmente a declarar como investigado en noviembre de 2024.\n    <\/p>\n<p class=\"article-text\">\n        Yuste tambi\u00e9n declar\u00f3 que el director adjunto operativo del instituto armado, el general Manuel Llamas [quien ocup\u00f3 el cargo con Leonardo Marcos y sigue ahora a las \u00f3rdenes de Mercedes Gonz\u00e1lez], orden\u00f3 que los agentes implicados que se pusieran \u201cde perfil\u201d en las investigaciones que \u201ctuvieran afectaci\u00f3n pol\u00edtica\u201d.\n    <\/p>\n<p class=\"article-text\">\n        Estas instrucciones de Llamas se habr\u00edan producido en una reuni\u00f3n el 16 de julio de 2024 cuando el director de la Guardia Civil era Leonardo Marcos. El encuentro se produjo en dependencias de la UCO y en ella participaron el citado DAO, Manuel Llamas; el entonces coronel jefe de la UCO, Rafael Yuste; el general jefe de Polic\u00eda Judicial, Alfonso L\u00f3pez Malo, y miembros de la UCO implicados en la investigaci\u00f3n al hermano de Pedro S\u00e1nchez.\n    <\/p>\n<p>    <a href=\"https:\/\/www.eldiario.es\/extremadura\/politica\/jefe-uco-sugiere-aportar-pruebas-creacion-plaza-david-nivel-sanchez-partio-superior-capacidad-politica_1_13271342.html\" data-mrf-recirculation=\"saber-mas-abajo\" data-dl-event=\"saber-mas-abajo\" rel=\"nofollow noopener\" target=\"_blank\"><\/p>\n<p class=\"know-more__title\">La UCO sugiere sin pruebas una \u201cinfluencia pol\u00edtica superior\u201d en la creaci\u00f3n de la plaza que gan\u00f3 David S\u00e1nchez\n<\/p>\n<p>            <img decoding=\"async\" class=\"lazy\" loading=\"lazy\" data-src=\"https:\/\/static.eldiario.es\/clip\/2499c93a-e462-4256-a4b3-cdfbff52d159_16-9-aspect-ratio_default_0.jpg\" src=\"data:image\/svg+xml,%3Csvg xmlns=\" http:=\"\" viewbox=\"0 0 880 495\" alt=\"La UCO sugiere sin pruebas una &quot;influencia pol\u00edtica superior&quot; en la creaci\u00f3n de la plaza que gan\u00f3 David S\u00e1nchez\"\/><\/p>\n<p>                        <\/a><\/p>\n<p class=\"article-text\">\n        \u201cEn esta reuni\u00f3n, por parte del DAO, se indic\u00f3 a los presentes en la misma que, en aquellos procediientos policiales que tuvieran afectaci\u00f3n pol\u00edtica, no se fuese proactivo en las mismas, bajo la indicaci\u00f3n de que &#8216;nos pusi\u00e9ramos de perfil&#8217;, debiendo ser, en este caso concreto, la autoridad judicial quien tomase la iniciativa\u201d, asegur\u00f3 el jefe de la UCO al instructor de una de las tres informaciones reservadas abiertas el pasado 27 de mayo.\n    <\/p>\n","protected":false},"excerpt":{"rendered":"El general Rafael Yuste, anterior jefe de la Unidad Central Operativa (UCO) de la Guardia Civil, relat\u00f3 ante&hellip;\n","protected":false},"author":2,"featured_media":587243,"comment_status":"","ping_status":"","sticky":false,"template":"","format":"standard","meta":{"footnotes":""},"categories":[5],"tags":[33512,17,18,2804,411,4169,25,24,13,14,2803,11,23392,19,20,61003,9,10,15,16,318,14333,111351,25378,23,12,2155,21,22],"class_list":["post-587242","post","type-post","status-publish","format-standard","has-post-thumbnail","category-titulares","tag-anterior","tag-breaking-news","tag-breakingnews","tag-civil","tag-director","tag-durante","tag-es","tag-espana","tag-featured-news","tag-featurednews","tag-guardia","tag-headlines","tag-jefe","tag-latest-news","tag-latestnews","tag-mandato","tag-news","tag-noticias","tag-noticias-destacadas","tag-noticiasdestacadas","tag-perfil","tag-presiones","tag-pusieramos","tag-relato","tag-spain","tag-titulares","tag-uco","tag-ultimas-noticias","tag-ultimasnoticias"],"share_on_mastodon":{"url":"https:\/\/pubeurope.com\/@es\/116689888092080089","error":""},"_links":{"self":[{"href":"https:\/\/www.europesays.com\/es\/wp-json\/wp\/v2\/posts\/587242","targetHints":{"allow":["GET"]}}],"collection":[{"href":"https:\/\/www.europesays.com\/es\/wp-json\/wp\/v2\/posts"}],"about":[{"href":"https:\/\/www.europesays.com\/es\/wp-json\/wp\/v2\/types\/post"}],"author":[{"embeddable":true,"href":"https:\/\/www.europesays.com\/es\/wp-json\/wp\/v2\/users\/2"}],"replies":[{"embeddable":true,"href":"https:\/\/www.europesays.com\/es\/wp-json\/wp\/v2\/comments?post=587242"}],"version-history":[{"count":0,"href":"https:\/\/www.europesays.com\/es\/wp-json\/wp\/v2\/posts\/587242\/revisions"}],"wp:featuredmedia":[{"embeddable":true,"href":"https:\/\/www.europesays.com\/es\/wp-json\/wp\/v2\/media\/587243"}],"wp:attachment":[{"href":"https:\/\/www.europesays.com\/es\/wp-json\/wp\/v2\/media?parent=587242"}],"wp:term":[{"taxonomy":"category","embeddable":true,"href":"https:\/\/www.europesays.com\/es\/wp-json\/wp\/v2\/categories?post=587242"},{"taxonomy":"post_tag","embeddable":true,"href":"https:\/\/www.europesays.com\/es\/wp-json\/wp\/v2\/tags?post=587242"}],"curies":[{"name":"wp","href":"https:\/\/api.w.org\/{rel}","templated":true}]}}