{"id":587383,"date":"2026-06-04T06:13:16","date_gmt":"2026-06-04T06:13:16","guid":{"rendered":"https:\/\/www.europesays.com\/es\/587383\/"},"modified":"2026-06-04T06:13:16","modified_gmt":"2026-06-04T06:13:16","slug":"amarillo-papal-para-la-velada-blanca-2","status":"publish","type":"post","link":"https:\/\/www.europesays.com\/es\/587383\/","title":{"rendered":"Amarillo papal para la velada blanca"},"content":{"rendered":"<p style=\"\">La gran noche de los museos ser\u00e1 este a\u00f1o albigualda. El amarillo, color de la bandera vaticana, lucir\u00e1 junto al blanco en los quince museos  &#8230; que abrir\u00e1n sus puertas gratis en la noche del s\u00e1bado 6 al domingo 7 de junio. Ser\u00e1 la Noche en Blanco (y Amarillo), una velada hist\u00f3rica a la que se suman varias parroquias e instituciones.<\/p>\n<p class=\"v-d-p\" style=\"\"> La iniciativa ampl\u00eda la dimensi\u00f3n cultural y art\u00edstica del hist\u00f3rico viaje de Le\u00f3n XIV, con su ic\u00f3nica etapa en la Sagrada Familia de Barcelona, Patrimonio de la Humanidad por la UNESCO. Esta noche de los museos \u00abes una de las muchas muestras de la cooperaci\u00f3n de la Iglesia con la sociedad civil y las instituciones culturales\u00bb, celebra Yago de la Cierva, el coordinador y cerebro de la visita papal a Espa\u00f1a.<\/p>\n<p class=\"v-d-p\" style=\"\">En esta especial y albigualda noche muse\u00edstica, los llegados a Madrid para asistir a los actos del viaje apost\u00f3lico, y todos quienes lo deseen, podr\u00e1n disfrutar en horario nocturno y gratuito de &#8216;Las meninas&#8217; en el Museo del Prado (hasta las 00:30 horas), del &#8216;Guernica&#8217; en el Reina Sof\u00eda (hasta las 23:30) o del &#8216;Mata Mua&#8217; en el Thyssen-Bornemisza (hasta las 00:00) entre otras maravillas.<\/p>\n<p class=\"v-d-p\" style=\"\">Participan en la iniciativa la Real Academia de Bellas Artes de San Fernando, la Galer\u00eda de las Colecciones Reales, el Museo Naval, el de Historia de Madrid y el de San Isidro. Algunos seleccionar\u00e1n piezas de sus colecciones por su consonancia con el magisterio papal. Es el caso de &#8216;Jesucristo y la samaritana&#8217; de Alonso Cano, joya de la Academia de Bellas Artes, que simboliza la superaci\u00f3n de los l\u00edmites ideol\u00f3gicos y humanos.<\/p>\n<p><img decoding=\"async\" loading=\"lazy\" src=\"https:\/\/www.europesays.com\/es\/wp-content\/uploads\/2026\/06\/1780553594_632_Jesucristo y la Samaritana-Alonso-Cano-U58331301160PSL-680x476@RC.jpg\" class=\"v-a-img\" width=\"680\" height=\"478\" alt=\"'Jesucristo y la samaritana' de Alonso Cano.\" data-voc-vtm-id=\"in-text-traffic\"\/><\/p>\n<p>&#8216;Jesucristo y la samaritana&#8217; de Alonso Cano.<\/p>\n<p>(Real Academia de Bellas Artes)<\/p>\n<p class=\"v-d-p\" style=\"\">Se suman instituciones privadas como CaixaForum, Fundaci\u00f3n Telef\u00f3nica o Fundaci\u00f3n Mapfre, la Banca March que abre sus jardines, como el templo de Debod. La Escuela Superior de M\u00fasica Reina Sof\u00eda ofrecer\u00e1 un concierto en su auditorio y los Teatros del Canal acoger\u00e1n el evento &#8216;No la debemos dormir&#8217;, con una programaci\u00f3n especial para j\u00f3venes que incluye conciertos, danza espa\u00f1ola o sesiones de DJ. <\/p>\n<p class=\"v-d-p\" style=\"\">Algunas parroquias madrile\u00f1as con valor arquitect\u00f3nico, hist\u00f3rico y art\u00edstico abrir\u00e1n sus puertas de madrugada como espacios de silencio y oraci\u00f3n, para que los peregrinos puedan visitarlas, rezar y descansar en ellas. <\/p>\n<p class=\"v-d-p\" style=\"\">La Noche en Blanco se instituy\u00f3 en Par\u00eds en el a\u00f1o 2002 para acercar el patrimonio cultural y art\u00edstico a la sociedad. A Madrid lleg\u00f3 en 2006, para extenderse luego a ciudades como Barcelona, Bilbao, Burgos, M\u00e1laga, Albacete o La Laguna.<\/p>\n<p>\nSimb\u00f3lico\n<\/p>\n<p class=\"v-d-p\" style=\"\">El amarillo es un gui\u00f1o a los colores de la bandera vaticana. De color gualda es una de dos franjas verticales de la ense\u00f1a papal. El blanco simboliza el cielo y la gracia de Cristo y sobre \u00e9l se dibujan las llaves del Reino de los Cielos. El amarillo evoca el oro de las celestiales llaves, s\u00edmbolo de san Pedro y de la suprema autoridad del santo padre. <\/p>\n<p><img decoding=\"async\" loading=\"lazy\" src=\"https:\/\/www.europesays.com\/es\/wp-content\/uploads\/2026\/06\/Bandera-Vaticano-U01270802051meH-680x476@RC.jpg\" class=\"v-a-img\" width=\"680\" height=\"478\" alt=\"Bandera del Vaticano.\" data-voc-vtm-id=\"in-text-traffic\"\/><\/p>\n<p>Bandera del Vaticano.<\/p>\n<p>(R. C.)<\/p>\n<p class=\"v-d-p\" style=\"\">El papa P\u00edo VII cre\u00f3 la actual bandera vaticana. Para evitar que Napole\u00f3n convirtiese en t\u00edtere al Estado Pontificio, orden\u00f3 el 13 de marzo de 1808 a los cuerpos que a\u00fan le eran fieles que sustituyeran la insignia rojigualda -los colores tradicionales del Senado y el Pueblo Romano adoptados por el papado-, por una blanca y amarilla.<\/p>\n<ul class=\"v-cmp-flg__u\">\n<li class=\"v-cmp-flg__l\">\n<p>Museos y entidades adheridas<\/p>\n<ul class=\"v-u\">\n<li class=\"v-u__l\">\n<p class=\"v-u__p\">\nMuseo Nacional del Prado.<br \/>\nHasta las 00:30 horas, con acceso gratuito desde las 19:00.\n<\/p>\n<\/li>\n<li class=\"v-u__l\">\n<p class=\"v-u__p\">\nMuseo Nacional Centro de Arte Reina Sof\u00eda.<br \/>\nHasta las 23:30 horas, con acceso gratuito desde las 19:00.\n<\/p>\n<\/li>\n<li class=\"v-u__l\">\n<p class=\"v-u__p\">\nMuseo Nacional Thyssen-Bornemisza.<br \/>\nHasta las 00:00 horas, con acceso gratuito desde las 19:00.\n<\/p>\n<\/li>\n<li class=\"v-u__l\">\n<p class=\"v-u__p\">\nGaler\u00eda de las Colecciones Reales.<br \/>\nHasta la 01:00 horas.\n<\/p>\n<\/li>\n<li class=\"v-u__l\">\n<p class=\"v-u__p\">\nReal Academia de Bellas Artes de San Fernando.<br \/>\nHasta las 02:00 horas, con acceso gratuito desde las 19:00.\n<\/p>\n<\/li>\n<li class=\"v-u__l\">\n<p class=\"v-u__p\">\nCaixaforum Madrid.<br \/>\nHasta las 00:00 horas, con acceso gratuito desde las 20:00.\n<\/p>\n<\/li>\n<li class=\"v-u__l\">\n<p class=\"v-u__p\">\nMuseo Naval.<br \/>\nHasta las 00:00 horas.\n<\/p>\n<\/li>\n<li class=\"v-u__l\">\n<p class=\"v-u__p\">\nEspacio Fundaci\u00f3n Telef\u00f3nica.<br \/>\nHasta las 00:00 horas.\n<\/p>\n<\/li>\n<li class=\"v-u__l\">\n<p class=\"v-u__p\">\nFundaci\u00f3n Mapfre.<br \/>\nHasta la 01:00, con acceso gratuito desde las 20:00 horas.\n<\/p>\n<\/li>\n<li class=\"v-u__l\">\n<p class=\"v-u__p\">\nMuseo de Historia de Madrid.<br \/>\nHasta las 02:00 horas.\n<\/p>\n<\/li>\n<li class=\"v-u__l\">\n<p class=\"v-u__p\">\nMuseo de San Isidro.<br \/>\nLos Or\u00edgenes de Madrid. Hasta las 02:00 horas.\n<\/p>\n<\/li>\n<li class=\"v-u__l\">\n<p class=\"v-u__p\">\nTemplo de Debod.<br \/>\nHasta las 02:00 horas.\n<\/p>\n<\/li>\n<li class=\"v-u__l\">\n<p class=\"v-u__p\">\nJard\u00edn de Banca March.<br \/>\nHasta las 04:00 horas.\n<\/p>\n<\/li>\n<li class=\"v-u__l\">\n<p class=\"v-u__p\">\nTeatros del Canal.<br \/>\nDesde las 00:00 a las 05:00 horas.\n<\/p>\n<\/li>\n<li class=\"v-u__l\">\n<p class=\"v-u__p\">\nEscuela Superior de M\u00fasica Reina Sof\u00eda.<br \/>\nConcierto de 22:00 a 23:00 horas con inscripci\u00f3n previa.\n<\/p>\n<\/li>\n<\/ul>\n<\/li>\n<\/ul>\n","protected":false},"excerpt":{"rendered":"La gran noche de los museos ser\u00e1 este a\u00f1o albigualda. El amarillo, color de la bandera vaticana, lucir\u00e1&hellip;\n","protected":false},"author":2,"featured_media":587059,"comment_status":"","ping_status":"","sticky":false,"template":"","format":"standard","meta":{"footnotes":""},"categories":[91],"tags":[4924,386,146,147,25,24,111333,23,2352],"class_list":["post-587383","post","type-post","status-publish","format-standard","has-post-thumbnail","category-entretenimiento","tag-amarillo","tag-blanca","tag-entertainment","tag-entretenimiento","tag-es","tag-espana","tag-papal","tag-spain","tag-velada"],"share_on_mastodon":{"url":"https:\/\/pubeurope.com\/@es\/116690367787689499","error":""},"_links":{"self":[{"href":"https:\/\/www.europesays.com\/es\/wp-json\/wp\/v2\/posts\/587383","targetHints":{"allow":["GET"]}}],"collection":[{"href":"https:\/\/www.europesays.com\/es\/wp-json\/wp\/v2\/posts"}],"about":[{"href":"https:\/\/www.europesays.com\/es\/wp-json\/wp\/v2\/types\/post"}],"author":[{"embeddable":true,"href":"https:\/\/www.europesays.com\/es\/wp-json\/wp\/v2\/users\/2"}],"replies":[{"embeddable":true,"href":"https:\/\/www.europesays.com\/es\/wp-json\/wp\/v2\/comments?post=587383"}],"version-history":[{"count":0,"href":"https:\/\/www.europesays.com\/es\/wp-json\/wp\/v2\/posts\/587383\/revisions"}],"wp:featuredmedia":[{"embeddable":true,"href":"https:\/\/www.europesays.com\/es\/wp-json\/wp\/v2\/media\/587059"}],"wp:attachment":[{"href":"https:\/\/www.europesays.com\/es\/wp-json\/wp\/v2\/media?parent=587383"}],"wp:term":[{"taxonomy":"category","embeddable":true,"href":"https:\/\/www.europesays.com\/es\/wp-json\/wp\/v2\/categories?post=587383"},{"taxonomy":"post_tag","embeddable":true,"href":"https:\/\/www.europesays.com\/es\/wp-json\/wp\/v2\/tags?post=587383"}],"curies":[{"name":"wp","href":"https:\/\/api.w.org\/{rel}","templated":true}]}}