{"id":587418,"date":"2026-06-04T06:40:13","date_gmt":"2026-06-04T06:40:13","guid":{"rendered":"https:\/\/www.europesays.com\/es\/587418\/"},"modified":"2026-06-04T06:40:13","modified_gmt":"2026-06-04T06:40:13","slug":"el-bce-detecta-factores-por-los-que-la-guerra-de-iran-puede-tener-un-alcance-mas-global-que-la-de-ucrania","status":"publish","type":"post","link":"https:\/\/www.europesays.com\/es\/587418\/","title":{"rendered":"El BCE detecta \u00abfactores\u00bb por los que la guerra de Ir\u00e1n puede tener un alcance m\u00e1s global que la de Ucrania"},"content":{"rendered":"<p class=\"c-paragraph\">Organismos nacionales e internacionales vienen insistiendo en que la crisis energ\u00e9tica que estall\u00f3 tras la invasi\u00f3n rusa de Ucrania difiere de la provocada por la guerra de Ir\u00e1n en el fondo y en la forma, por lo que es de esperar que el impacto de esta \u00faltima <a href=\"https:\/\/www.20minutos.es\/lainformacion\/economia-y-finanzas\/ocde-situa-espana-como-economia-avanzada-que-mas-crecera-2026-pero-le-pide-reducir-deficit-mas-rapido_6978399_0.html\" title=\"La OCDE sit\u00faa a Espa\u00f1a como la econom\u00eda avanzada que m\u00e1s crecer\u00e1 en 2026, pero le pide reducir el d\u00e9ficit m\u00e1s r\u00e1pido\" rel=\"nofollow noopener\" target=\"_blank\">en la actividad econ\u00f3mica y en la inflaci\u00f3n<\/a> no sea tan acusado. Sin embargo, la incertidumbre sobre la duraci\u00f3n e intensidad del conflicto en Oriente Pr\u00f3ximo sigue siendo extremadamente elevada y a esa falta de visibilidad se a\u00f1aden <b>una serie de factores que pueden hacer que su alcance sea m\u00e1s global <\/b>que el de la guerra en Ucrania, tal y como advierte el Banco Central Europeo (BCE).<\/p>\n<p class=\"c-paragraph\">El shock de 2022 lo fue sobre todo de gas, esencial para la calefacci\u00f3n y la generaci\u00f3n el\u00e9ctrica en Europa Central, mientras que el actual afecta al petr\u00f3leo y a los combustibles refinados, por lo que impacta de forma directa en el transporte, la aviaci\u00f3n y la industria petroqu\u00edmica. El alza de los precios del crudo ha sido m\u00e1s r\u00e1pida y la presi\u00f3n sobre sus derivados tambi\u00e9n ha sido mayor, <a href=\"https:\/\/www.20minutos.es\/lainformacion\/economia-y-finanzas\/precio-diesel-frena-su-tendencia-baja-vuelve-subir-pero-aun-sigue-por-debajo-los-1-7-euros_6976213_0.html\" title=\"El precio del di\u00e9sel frena su tendencia a la baja: vuelve a subir pero a\u00fan sigue por debajo de los 1,7 euros\" rel=\"nofollow noopener\" target=\"_blank\">como en el caso del di\u00e9sel<\/a>. El contexto en el que han tenido lugar ambos tambi\u00e9n es distinto.\u00a0<\/p>\n<p class=\"c-paragraph\">En una entrada publicada en el blog de la entidad, su director general de Econom\u00eda, \u00d3scar Arce, y los economistas\u00a0Niccol\u00f2 Battistini,\u00a0Othman Bouabdallah y\u00a0Eliza Lis inciden en que Europa estuvo m\u00e1s expuesta a la crisis de 2022 y menos preparada para ella, mientras que hoy d\u00eda el peso de las renovables (de la electricidad generada por esta v\u00eda) ha amortiguado el efecto en la cesta de la compra de las perturbaciones en los mercados mayoristas de la energ\u00eda. Con todo y, \u00absi bien estas diferencias <b>apuntan a una crisis energ\u00e9tica menos generalizada, otros factores indican lo contrario<\/b>\u00ab, advierten.\u00a0<\/p>\n<p class=\"c-paragraph\">Los economistas del BCE explican que las crisis de suministro de petr\u00f3leo se propagan a la <a href=\"https:\/\/www.20minutos.es\/lainformacion\/economia-y-finanzas\/ipc-eurozona-inflacion-mayo_6978088_0.html\" title=\"La inflaci\u00f3n de la eurozona repunta al 3,2% en mayo por la guerra en Ir\u00e1n y allana el camino al BCE para una subida de tipos\" rel=\"nofollow noopener\" target=\"_blank\">inflaci\u00f3n a pie de calle<\/a> m\u00e1s r\u00e1pidamente que las crisis de suministro de gas. \u00abEl aumento de los precios del crudo se refleja r\u00e1pidamente en lo que los consumidores pagan en las gasolineras, y los precios al alza tienden a tener un impacto mayor que los precios a la baja\u00bb, detallan. Por el contrario, pueden transcurrir varios meses antes de que los aumentos en los precios mayoristas del gas y la electricidad se reflejen en las facturas de servicios p\u00fablicos a las que tienen que hacer frente los consumidores.\u00a0<\/p>\n<p class=\"c-paragraph\">A la vez, apuntan a que la crisis actual tiene un car\u00e1cter \u00abm\u00e1s global\u00bb que la de 2022 e inciden en que una crisis global <b>tiene mayores efectos indirectos sobre la inflaci\u00f3n<\/b>, ya que las presiones sobre los costes se extienden a lo largo de las cadenas de valor mundiales. Esto, a su vez, provoca \u00abun aumento m\u00e1s pronunciado de los precios de las importaciones y una mayor repercusi\u00f3n de la crisis energ\u00e9tica en la econom\u00eda nacional\u00bb, precisan.<\/p>\n<p class=\"c-paragraph\">A lo anterior se suma el hecho de que los pa\u00edses cuentan con un margen fiscal limitado para adoptar medidas, lo que implica<b> \u00abmenos capacidad\u00bb para amortiguar el impacto de la crisis energ\u00e9tica<\/b> en la inflaci\u00f3n a corto plazo. Dado que la crisis actual es global, existe el riesgo de una fuerte amplificaci\u00f3n no lineal \u00absi resulta ser mayor, m\u00e1s extensa o m\u00e1s persistente de lo previsto\u00bb, advierte el documento elaborado por Arce y el resto de economistas del banco central.\u00a0<\/p>\n<p>Un seguimiento exhaustivo de la crisis actual<\/p>\n<p class=\"c-paragraph\">Finalmente, la experiencia reciente de los hogares y las empresas con una inflaci\u00f3n elevada puede influir en la intensidad con la que la actual crisis energ\u00e9tica repercute en los precios. aunque consideran que la intensidad en la que esto suceda es dif\u00edcil de predecir. En general, consideran que la actual crisis energ\u00e9tica se desarrolla en un contexto muy diferente al de hace cuatro a\u00f1os, lo que exige \u00abun seguimiento exhaustivo de sus efectos en la din\u00e1mica inflacionaria general\u00bb, prestando especial atenci\u00f3n a las caracter\u00edsticas macroecon\u00f3micas y financieras \u00abespec\u00edficas de la zona del euro en la actualidad\u00bb, sentencian.<\/p>\n<p class=\"c-paragraph\">En el lado opuesto est\u00e1n los indicadores que apuntan a menores riesgos inflacionarios ahora que en 2022. En primer lugar, cuando la crisis actual deton\u00f3, la inflaci\u00f3n se encontraba cerca del objetivo del 2% a medio plazo que tiene fijado la entidad. Tanto las condiciones de la demanda como las de la oferta parecen ahora menos inflacionarias que tras la invasi\u00f3n rusa de Ucrania. El mercado laboral se muestra menos ajustado en general y la combinaci\u00f3n de pol\u00edticas monetarias y fiscales es m\u00e1s neutral.<\/p>\n","protected":false},"excerpt":{"rendered":"Organismos nacionales e internacionales vienen insistiendo en que la crisis energ\u00e9tica que estall\u00f3 tras la invasi\u00f3n rusa de&hellip;\n","protected":false},"author":2,"featured_media":587419,"comment_status":"","ping_status":"","sticky":false,"template":"","format":"standard","meta":{"footnotes":""},"categories":[80],"tags":[1842,82,3319,95,94,25,24,3424,4417,5043,23],"class_list":["post-587418","post","type-post","status-publish","format-standard","has-post-thumbnail","category-economia","tag-bce","tag-business","tag-detecta","tag-economia","tag-economy","tag-es","tag-espana","tag-factores","tag-los","tag-por","tag-spain"],"share_on_mastodon":{"url":"https:\/\/pubeurope.com\/@es\/116690474207618369","error":""},"_links":{"self":[{"href":"https:\/\/www.europesays.com\/es\/wp-json\/wp\/v2\/posts\/587418","targetHints":{"allow":["GET"]}}],"collection":[{"href":"https:\/\/www.europesays.com\/es\/wp-json\/wp\/v2\/posts"}],"about":[{"href":"https:\/\/www.europesays.com\/es\/wp-json\/wp\/v2\/types\/post"}],"author":[{"embeddable":true,"href":"https:\/\/www.europesays.com\/es\/wp-json\/wp\/v2\/users\/2"}],"replies":[{"embeddable":true,"href":"https:\/\/www.europesays.com\/es\/wp-json\/wp\/v2\/comments?post=587418"}],"version-history":[{"count":0,"href":"https:\/\/www.europesays.com\/es\/wp-json\/wp\/v2\/posts\/587418\/revisions"}],"wp:featuredmedia":[{"embeddable":true,"href":"https:\/\/www.europesays.com\/es\/wp-json\/wp\/v2\/media\/587419"}],"wp:attachment":[{"href":"https:\/\/www.europesays.com\/es\/wp-json\/wp\/v2\/media?parent=587418"}],"wp:term":[{"taxonomy":"category","embeddable":true,"href":"https:\/\/www.europesays.com\/es\/wp-json\/wp\/v2\/categories?post=587418"},{"taxonomy":"post_tag","embeddable":true,"href":"https:\/\/www.europesays.com\/es\/wp-json\/wp\/v2\/tags?post=587418"}],"curies":[{"name":"wp","href":"https:\/\/api.w.org\/{rel}","templated":true}]}}