{"id":587465,"date":"2026-06-04T07:17:17","date_gmt":"2026-06-04T07:17:17","guid":{"rendered":"https:\/\/www.europesays.com\/es\/587465\/"},"modified":"2026-06-04T07:17:17","modified_gmt":"2026-06-04T07:17:17","slug":"el-barca-apuesta-por-hafiz-gariba-el-central-captado-en-accra-y-curtido-en-cuarta-catalana","status":"publish","type":"post","link":"https:\/\/www.europesays.com\/es\/587465\/","title":{"rendered":"El Bar\u00e7a apuesta por Hafiz Gariba, el central captado en Accra y curtido en Cuarta Catalana"},"content":{"rendered":"<p class=\"ft-text\">Hafiz<strong> Gariba lleg\u00f3 al Bar\u00e7a, seguramente, por la v\u00eda m\u00e1s bizarra que se recuerda en las categor\u00edas inferiores <\/strong>del club. Este central ghan\u00e9s, de origen muy humilde y captado por la Fundaci\u00f3n Marcet despu\u00e9s de despuntar en unas pruebas en una academia de la capital, Accra, se ha ganado a pulso su estatus actual en La Masia.<\/p>\n<p><img decoding=\"async\" src=\"https:\/\/www.europesays.com\/es\/wp-content\/uploads\/2026\/06\/1e430510-8c3e-47c3-85ed-19589b44b1db_alta-libre-aspect-ratio_default_0.jpg\" width=\"1200\" height=\"675\" alt=\"Hafiz Gariba y \u00c1lex Campos apuntan alto\" class=\"ft-helper-img-rd\" loading=\"lazy\" fetchpriority=\"auto\"\/><\/p>\n<p class=\"ft-helper-fontColor-quaternary ft-helper-fontSize-body-S ft-helper-spacer-t-xxs\">Hafiz Gariba y \u00c1lex Campos apuntan alto  \/ Dani Barbeito<\/p>\n<p class=\"ft-text\">Lleg\u00f3 con apenas 15 a\u00f1os a Barcelona dentro del plan que ofrece esta entidad de referencia en la formaci\u00f3n de j\u00f3venes talentos, extranjeros y nacionales. <strong>All\u00ed se fogue\u00f3, por ejemplo, el actual portero del Bar\u00e7a Atl\u00e8tic y del primer equipo Eder Aller. <\/strong>Gariba empez\u00f3 viviendo en la residencia de Marcet, que tambi\u00e9n le ofrec\u00eda estudiar y formarse, una prioridad para \u00e9l y su entorno. <\/p>\n<p>&#8216;Scouts&#8217; de Bar\u00e7a y Madrid viendo a un 4\u00aa Catalana<\/p>\n<p class=\"ft-text\">Pronto se empez\u00f3 a atisbar que era un talento a seguir. Es rapid\u00edsimo en los espacios cortos, potente, tiene envergadura y est\u00e1 ganando musculatura, quiz\u00e1s un apartado en el que a\u00fan pod\u00eda dar un salto.<\/p>\n<p class=\"ft-text\">Al no poder firmar por un club importante por tema bruocr\u00e1tico, <strong>Gariba empez\u00f3 a foguearse en el Codolar, un club de Cuarta Catalana, la categor\u00eda m\u00e1s baja del f\u00fatbol catal\u00e1n. <\/strong>Quedaba cerca de la Fundaci\u00f3n Marcet (juegan en el campo del Horta) y cuadraba para empezar a competir pese a que iba a hacerlo contra rivales de bastante m\u00e1s edad que \u00e9l.<\/p>\n<p><img decoding=\"async\" src=\"https:\/\/www.europesays.com\/es\/wp-content\/uploads\/2026\/06\/a90d306a-0ebf-4d1a-b8de-5b09c940ed92_alta-libre-aspect-ratio_default_0_x600y225.jpg\" width=\"1200\" height=\"675\" alt=\"Hafiz Gariba es un defensa muy completo\" class=\"ft-helper-img-rd\" loading=\"lazy\" fetchpriority=\"auto\"\/><\/p>\n<p class=\"ft-helper-fontColor-quaternary ft-helper-fontSize-body-S ft-helper-spacer-t-xxs\">Hafiz Gariba es un defensa muy completo  \/ Dani Barbeito<\/p>\n<p class=\"ft-text\">Pese a que el escaparate quiz\u00e1s no era el m\u00e1s atractivo, empez\u00f3 a correr la voz sobre la existencia de un central muy joven y con condiciones TOP. Y, aunque parezca curiosa, <strong>ojeadores de Bar\u00e7a o Real Madrid se acercaron a seguirlo en directo. Los dos clubes hicieron propuesta para llev\u00e1rselo, pero fue finalmente el club azulgrana quien se llev\u00f3 el gato al agua<\/strong>. Ah\u00ed fue clave la figura de Toni Hern\u00e1ndez (actualmente dirigiendo la cantera de Los Angeles FC en Estados Unidos), que apost\u00f3 por Hafiz.<\/p>\n<p>Del Juvenil B a pilar con Pol Planas<\/p>\n<p class=\"ft-text\">El ghan\u00e9s empez\u00f3 en enero de 2025 en el Juvenil B del Bar\u00e7a y en esta campa\u00f1a 2025\/26 dio el salto al Juvenil A. A\u00f1o importante en su carrera y en el que se ha ganado la confianza de Pol Planas. Se ha convertido en indiscutible y<strong> fue titular en los partidos decisivos de la Copa de Campeones. <\/strong>Se qued\u00f3 con la miel en los labios en la final ante el Madrid, pero fue uno de los m\u00e1s destacados del cuadro barcelonista. Y eso que ven\u00eda de sufrir una lesi\u00f3n de rodilla a principios de 2026.<\/p>\n<p class=\"ft-text\">En el club valoran mucho su perfil r\u00e1pido, su envergadura y su potencia en los duelos. Tiene buena salida de bal\u00f3n. Deber\u00eda corregir algunos errores de concentraci\u00f3n y ser capaz de ganar regularidad y fiabilidad, pero hay mucho margen. De momento, <strong>tiene dos a\u00f1os m\u00e1s de contrato con el Bar\u00e7a Atl\u00e8tic <\/strong>y se espera que sea uno de los hombres importantes del filial. <\/p>\n<p>De origen muy humilde<\/p>\n<p class=\"ft-text\">Tampoco se descarta que inicie la pretemporada con el primer equipo, si bien es algo que est\u00e1 por decidir. De momento, <strong>el 20 de julio estar\u00e1 citado, seguro, a las \u00f3rdenes de Belletti para seguir con su viaje. Hafiz, con sus primeros sueldos en el Bar\u00e7a, tambi\u00e9n ha podido ayudar a su familia en Accra<\/strong>, como dec\u00edamos de origen muy humilde. Intenta ir a visitarles cuando puede pese a la distancia y las complicaciones.<\/p>\n<p class=\"ft-text\">Adem\u00e1s, es un perfil muy discreto, apenas est\u00e1 pendiente de las redes sociales. Una figura, sin duda, a seguir en la formaci\u00f3n azulgrana.<\/p>\n","protected":false},"excerpt":{"rendered":"Hafiz Gariba lleg\u00f3 al Bar\u00e7a, seguramente, por la v\u00eda m\u00e1s bizarra que se recuerda en las categor\u00edas inferiores&hellip;\n","protected":false},"author":2,"featured_media":587466,"comment_status":"","ping_status":"","sticky":false,"template":"","format":"standard","meta":{"footnotes":""},"categories":[268],"tags":[304,2296,59564,106,882,168,25,24,881,6077,280,282,111381,111380,281,23,167],"class_list":["post-587465","post","type-post","status-publish","format-standard","has-post-thumbnail","category-futbol","tag-apuesta","tag-barca","tag-barca-atletic","tag-contrato","tag-deco","tag-deportes","tag-es","tag-espana","tag-fc-barcelona","tag-filial","tag-football","tag-futbol","tag-gariba","tag-hafiz-gariba","tag-soccer","tag-spain","tag-sports"],"share_on_mastodon":{"url":"https:\/\/pubeurope.com\/@es\/116690619664531769","error":""},"_links":{"self":[{"href":"https:\/\/www.europesays.com\/es\/wp-json\/wp\/v2\/posts\/587465","targetHints":{"allow":["GET"]}}],"collection":[{"href":"https:\/\/www.europesays.com\/es\/wp-json\/wp\/v2\/posts"}],"about":[{"href":"https:\/\/www.europesays.com\/es\/wp-json\/wp\/v2\/types\/post"}],"author":[{"embeddable":true,"href":"https:\/\/www.europesays.com\/es\/wp-json\/wp\/v2\/users\/2"}],"replies":[{"embeddable":true,"href":"https:\/\/www.europesays.com\/es\/wp-json\/wp\/v2\/comments?post=587465"}],"version-history":[{"count":0,"href":"https:\/\/www.europesays.com\/es\/wp-json\/wp\/v2\/posts\/587465\/revisions"}],"wp:featuredmedia":[{"embeddable":true,"href":"https:\/\/www.europesays.com\/es\/wp-json\/wp\/v2\/media\/587466"}],"wp:attachment":[{"href":"https:\/\/www.europesays.com\/es\/wp-json\/wp\/v2\/media?parent=587465"}],"wp:term":[{"taxonomy":"category","embeddable":true,"href":"https:\/\/www.europesays.com\/es\/wp-json\/wp\/v2\/categories?post=587465"},{"taxonomy":"post_tag","embeddable":true,"href":"https:\/\/www.europesays.com\/es\/wp-json\/wp\/v2\/tags?post=587465"}],"curies":[{"name":"wp","href":"https:\/\/api.w.org\/{rel}","templated":true}]}}