{"id":587560,"date":"2026-06-04T08:27:25","date_gmt":"2026-06-04T08:27:25","guid":{"rendered":"https:\/\/www.europesays.com\/es\/587560\/"},"modified":"2026-06-04T08:27:25","modified_gmt":"2026-06-04T08:27:25","slug":"jennifer-garner-habla-del-trastorno-en-su-familia-y-la-crianza-compartida-de-violet-y-sus-otros-hijos-con-ben-affleck","status":"publish","type":"post","link":"https:\/\/www.europesays.com\/es\/587560\/","title":{"rendered":"Jennifer Garner habla del \u00abtrastorno\u00bb en su familia y la crianza compartida de Violet y sus otros hijos con Ben Affleck"},"content":{"rendered":"<p id=\"e7gHkEVUmX\" data-wc=\"108\">Jennifer Garner (54) siempre ha sido muy sincera al hablar de su vida privada, especialmente a todo lo relacionado con su exmarido, Ben Affleck (53), y <strong>la modern family que han formado junto a sus tres hijos<\/strong>: <a class=\"hm-link ho-link\" href=\"https:\/\/www.hola.com\/belleza\/20260512901057\/violet-affleck-cambio-de-look-corte-pelo\/\" data-mrf-recirculation=\"article-body-link\" rel=\"nofollow noopener\" target=\"_blank\">Violet<\/a>, de 20 a\u00f1os, Finn, de 17, y Samuel, de 14. Ahora, la protagonista de Alias\u00a0ha vuelto a hacerlo, confes\u00e1ndose sobre los retos que ha supuesto para ella compaginar su carrera como actriz con la crianza de sus hijos, especialmente en los a\u00f1os posteriores a su divorcio del actor y director de Hollywood. \u00abTienes que criarte a ti misma al mismo tiempo\u00bb, ha dicho sobre la experiencia de ser madre.<\/p>\n<p> <img src=\"https:\/\/www.europesays.com\/es\/wp-content\/uploads\/2026\/06\/f11c5f7c968c-gettyimages-2261707888.jpg\"   width=\"1080\" height=\"1080\" loading=\"lazy\" decoding=\"async\" alt=\"Jennifer Garner en el programa &quot;The Jennifer Hudson Show&quot; en febrero de 2026\" fetchpriority=\"auto\" class=\"image ho-image\"\/>\u00a9 Getty ImagesJennifer Garner en el programa \u00abThe Jennifer Hudson Show\u00bb en febrero<br \/>\nLa sincera confesi\u00f3n de Jennifer Garner sobre la maternidad<\/p>\n<p id=\"e0QbVh74tCm\" data-wc=\"120\">Garner ha reflexionado sobre esta etapa de su vida en una entrevista con InStyle\u00a0coincidiendo con su regreso a la ficci\u00f3n como protagonista de la pr\u00f3xima adaptaci\u00f3n de <strong>The Five Star Weekend<\/strong>, de Peacock. La actriz ha explicado c\u00f3mo ha aprendido a convivir con los desaf\u00edos que acompa\u00f1an a la maternidad. \u00abTienes que criarte a ti misma al mismo tiempo\u00bb, ha dicho sobre la experiencia de ser madre. \u00abY ser radicalmente amable contigo misma con lo imperfecto que es todo. Porque simplemente va a ser imperfecto. <strong>No existe el equilibrio. No existe hacerlo bien<\/strong>. Y cuando llegan los grandes momentos, t\u00fa est\u00e1s bien, y depende de ti saberlo y entenderlo para que tu hijo sienta que t\u00fa est\u00e1s bien\u00bb, asegura.<\/p>\n<p> <img src=\"https:\/\/www.europesays.com\/es\/wp-content\/uploads\/2026\/06\/0af1f0d064b1-dlu592596002.jpg\"   width=\"1080\" height=\"1080\" loading=\"lazy\" decoding=\"async\" alt=\"Jennifer Garner y Finn paseando por Los \u00c1ngeles\" fetchpriority=\"auto\" class=\"image ho-image\"\/>\u00a9 GTRESLa actriz junto a Finn Affleck en un paseo por Los \u00c1ngeles<\/p>\n<p id=\"e3ErvAPfueA\" data-wc=\"74\">Jennifer tambi\u00e9n ha contado que no pide perd\u00f3n a sus hijos cuando tiene que cumplir con sus compromisos profesionales, viajar o ausentarse de casa. \u00abCuando trabajo, no me disculpo con mis hijos por ello. Les doy las gracias por ser tan dulces al respecto. Pero eso forma parte de la vida. <strong>Trabajar duro forma parte de la vida<\/strong>, y equivocarse forma parte de la vida. Tropezar y caer\u2026 hay espacio para todo\u00bb, ha explicado.<\/p>\n<p> <img src=\"https:\/\/www.europesays.com\/es\/wp-content\/uploads\/2026\/06\/ad57f8091323-sipa01267475000002.jpg\"   width=\"1024\" height=\"874\" loading=\"lazy\" decoding=\"async\" alt=\"Violet Affleck en Nueva York\" fetchpriority=\"auto\" class=\"image ho-image\"\/>\u00a9 Cordon PressViolet Affleck, de 20 a\u00f1os<br \/>\nAffleck-Garner: una bonita historia de amor y un final inesperado<\/p>\n<p id=\"eGc3UIBPcku\" data-wc=\"63\">Jennifer Garner y Ben Affleck estuvieron casados entre 2005 y 2015. Tras su separaci\u00f3n, la actriz decidi\u00f3 dar un paso atr\u00e1s en su carrera para centrarse en la crianza de sus hijos. \u00ab<strong>Cuando mis hijos eran peque\u00f1os, trabaj\u00e9 muy poco<\/strong>, y despu\u00e9s tuvimos un gran cambio en nuestra familia, as\u00ed que apenas trabaj\u00e9 durante mucho tiempo\u00bb, reconoce haciendo referencia a su medi\u00e1tico divorcio.<\/p>\n<p> <img src=\"https:\/\/www.europesays.com\/es\/wp-content\/uploads\/2026\/06\/5a2aa389f8c4-dlu601238002.jpg\"   width=\"819\" height=\"1024\" loading=\"lazy\" decoding=\"async\" alt=\"Ben Affleck y Jennifer Garner haciendo un plan familiar por el cumplea\u00f1os de su hijo Samnuel en el Combat Paintball Park in Castaic, California\" fetchpriority=\"auto\" class=\"image ho-image\"\/>\u00a9 GTRESBen y Jennifer hacen muchos planes junto a sus hijos<br \/>\n\u00abEste trabajo es muy ego\u00edsta\u00bb<\/p>\n<p id=\"eCzAs9QpMs9\" data-wc=\"81\">Ahora, la int\u00e9rprete vive su regreso al trabajo desde un lugar muy distinto. \u00abEs un regalo haber tenido este a\u00f1o y medio en el que simplemente me he entregado a la interpretaci\u00f3n, porque<strong>\u00a0este trabajo es muy ego\u00edsta<\/strong>. <strong>Todo gira en torno a tu horario. No gira en torno a lo que los ni\u00f1os tienen en el colegio<\/strong>. No gira en torno a recogerlos, llevarlos o llegar a casa para cenar\u00bb, ha se\u00f1alado en unas declaraciones que han sido muy aplaudidas.<\/p>\n<p id=\"enijDPHgBdG\" data-wc=\"56\">Aun as\u00ed, Jennifer Garner asegura que est\u00e1 feliz de retomar su carrera. \u00ab<strong>Me siento afortunada porque me acerco a la interpretaci\u00f3n desde un lugar de alegr\u00eda. No es algo que me torture<\/strong>. No estoy intentando llenar un vac\u00edo. Simplemente me encanta hacerlo. Y me encanta estar rodeada de gente a la que tambi\u00e9n le encanta hacerlo\u00bb.<\/p>\n<p> <img src=\"https:\/\/www.europesays.com\/es\/wp-content\/uploads\/2026\/06\/e7fa14afe789-dlu557501004.jpg\"   width=\"682\" height=\"1024\" loading=\"lazy\" decoding=\"async\" alt=\"El actor Ben Affleck y Jennifer Garner con su hijo Samuel en Santa Monica\" fetchpriority=\"auto\" class=\"image ho-image\"\/>\u00a9 GTRESBen y Jennifer con su hijo Samuel en Santa Monica<br \/>\nAs\u00ed es\u00a0The Five Star Weekend, su nuevo proyecto<\/p>\n<p id=\"eysNuSwOuqn\" data-wc=\"69\">En la nueva serie de Peacock basada en la novela de Elin Hilderbrand, Jennifer <strong>interpreta a Hollis Shaw, una querida influencer\u00a0gastron\u00f3mica<\/strong> que atraviesa un momento de p\u00e9rdida y decide reunir durante un fin de semana en Nantucket a cuatro amigas de diferentes etapas de su vida. Entre lujo costero, secretos y v\u00ednculos que evolucionan, la historia muestra c\u00f3mo afloran verdades ocultas y nuevas formas de entender las relaciones.<\/p>\n","protected":false},"excerpt":{"rendered":"Jennifer Garner (54) siempre ha sido muy sincera al hablar de su vida privada, especialmente a todo lo&hellip;\n","protected":false},"author":2,"featured_media":587561,"comment_status":"","ping_status":"","sticky":false,"template":"","format":"standard","meta":{"footnotes":""},"categories":[174],"tags":[517,3710,255,146,147,25,24,256,21961,23,111393],"class_list":["post-587560","post","type-post","status-publish","format-standard","has-post-thumbnail","category-famosos","tag-actualidad","tag-ben-affleck","tag-celebrities","tag-entertainment","tag-entretenimiento","tag-es","tag-espana","tag-famosos","tag-jennifer-garner","tag-spain","tag-violet-affleck"],"share_on_mastodon":{"url":"https:\/\/pubeurope.com\/@es\/116690895200631000","error":""},"_links":{"self":[{"href":"https:\/\/www.europesays.com\/es\/wp-json\/wp\/v2\/posts\/587560","targetHints":{"allow":["GET"]}}],"collection":[{"href":"https:\/\/www.europesays.com\/es\/wp-json\/wp\/v2\/posts"}],"about":[{"href":"https:\/\/www.europesays.com\/es\/wp-json\/wp\/v2\/types\/post"}],"author":[{"embeddable":true,"href":"https:\/\/www.europesays.com\/es\/wp-json\/wp\/v2\/users\/2"}],"replies":[{"embeddable":true,"href":"https:\/\/www.europesays.com\/es\/wp-json\/wp\/v2\/comments?post=587560"}],"version-history":[{"count":0,"href":"https:\/\/www.europesays.com\/es\/wp-json\/wp\/v2\/posts\/587560\/revisions"}],"wp:featuredmedia":[{"embeddable":true,"href":"https:\/\/www.europesays.com\/es\/wp-json\/wp\/v2\/media\/587561"}],"wp:attachment":[{"href":"https:\/\/www.europesays.com\/es\/wp-json\/wp\/v2\/media?parent=587560"}],"wp:term":[{"taxonomy":"category","embeddable":true,"href":"https:\/\/www.europesays.com\/es\/wp-json\/wp\/v2\/categories?post=587560"},{"taxonomy":"post_tag","embeddable":true,"href":"https:\/\/www.europesays.com\/es\/wp-json\/wp\/v2\/tags?post=587560"}],"curies":[{"name":"wp","href":"https:\/\/api.w.org\/{rel}","templated":true}]}}