{"id":587564,"date":"2026-06-04T08:30:18","date_gmt":"2026-06-04T08:30:18","guid":{"rendered":"https:\/\/www.europesays.com\/es\/587564\/"},"modified":"2026-06-04T08:30:18","modified_gmt":"2026-06-04T08:30:18","slug":"el-nuevo-canal-de-movistar-plus-que-empieza-a-emitir-desde-este-jueves","status":"publish","type":"post","link":"https:\/\/www.europesays.com\/es\/587564\/","title":{"rendered":"El nuevo canal de Movistar Plus+ que empieza a emitir desde este jueves"},"content":{"rendered":"<p style=\"\">La oferta televisiva sigue creciendo en Espa\u00f1a. Concretamente, este jueves, 4 de junio, nace un nuevo canal en Movistar Plus+. Se llama &#8216;M+ Vacaciones&#8217; y  &#8230; ocupar\u00e1 de forma temporal el dial 15 hasta el pr\u00f3ximo 6 de septiembre.<\/p>\n<p class=\"v-d-p\" style=\"\">Con \u00e9l, Movistar Plus+ apuesta por una programaci\u00f3n especial para el verano con una oferta centrada en cine familiar, animaci\u00f3n, aventuras, comedias, cl\u00e1sicos populares y grandes \u00e9xitos de taquilla. <\/p>\n<p class=\"v-d-p\" style=\"\">&#8216;M+ Vacaciones&#8217; estar\u00e1 disponible tanto para los clientes tradicionales de Movistar Plus+ como para los usuarios de sus planes de contrataci\u00f3n independiente.<\/p>\n<p class=\"v-d-p\" style=\"\">Concretamente, para este jueves 4 de junio la programaci\u00f3n es la siguiente:<\/p>\n<p class=\"v-d-p\" style=\"\">&#8211; &#8216;Shrek&#8217;, a las 07:00 horas.<\/p>\n<p class=\"v-d-p\" style=\"\">&#8211; &#8216;Shreck 2&#8217;, a las 08:33 horas. <\/p>\n<p class=\"v-d-p\" style=\"\">&#8211; &#8216;Matlock&#8217; (T1): Ep.1 Piloto, a las 10:05 horas<\/p>\n<p class=\"v-d-p\" style=\"\">&#8211; &#8216;Matlock&#8217; (T1): Ep.2 Roma no se construy\u00f3 en un d\u00eda, a las 10:50 horas.<\/p>\n<p class=\"v-d-p\" style=\"\">&#8211; &#8216;Carmen y la cuchara de palo&#8217; (cortometraje), a las 11:35 horas.<\/p>\n<p class=\"v-d-p\" style=\"\">&#8211; &#8216;Fama, a las 12:02 horas.<\/p>\n<p class=\"v-d-p\" style=\"\">&#8211; &#8216;Los Juegos del Hambre: Balada de p\u00e1jaros cantores y serpientes&#8217;, a las 14:14 horas.<\/p>\n<p class=\"v-d-p\" style=\"\">&#8211; &#8216;Lo importante&#8217; (cortometraje), a las 16:50 horas.<\/p>\n<p class=\"v-d-p\" style=\"\">&#8211; &#8216;El chip prodigioso&#8217;, a las 17:06 horas.<\/p>\n<p class=\"v-d-p\" style=\"\">&#8211; &#8216;Le llamaban Trinidad&#8217;, a las 19:06 horas.<\/p>\n<p class=\"v-d-p\" style=\"\">&#8211; &#8216;Espiando en el oc\u00e9ano: Pensamientos&#8217; (documental), a las 21:02 horas.<\/p>\n<p class=\"v-d-p\" style=\"\">&#8211; &#8216;T\u00fa la letra, yo la m\u00fasica&#8217;, a las 22:00 horas.<\/p>\n<p class=\"v-d-p\" style=\"\">&#8211; &#8216;Te puede pasar a ti&#8217;, a las 23:46 horas.<\/p>\n<p class=\"v-d-p\" style=\"\">Adem\u00e1s, y durante los pr\u00f3ximos d\u00edas, los amantes del s\u00e9ptimo arte podr\u00e1n ver en este canal otros t\u00edtulos taquilleros como &#8216;Gru 4. Mi villano favorito&#8217;, &#8216;Top Gun: Maverick&#8217; o &#8216;Batman v Superman: El amanecer de la justicia&#8217;, as\u00ed como series de la talla de &#8216;Alex Rider&#8217; y &#8216;Rescue Hi-Surf&#8217;, documentales y otros espacios de entretenimiento.<\/p>\n","protected":false},"excerpt":{"rendered":"La oferta televisiva sigue creciendo en Espa\u00f1a. Concretamente, este jueves, 4 de junio, nace un nuevo canal en&hellip;\n","protected":false},"author":2,"featured_media":587565,"comment_status":"","ping_status":"","sticky":false,"template":"","format":"standard","meta":{"footnotes":""},"categories":[171],"tags":[4632,11418,7954,146,147,25,24,315,887,303,524,7741,23,214],"class_list":["post-587564","post","type-post","status-publish","format-standard","has-post-thumbnail","category-tv","tag-canal","tag-emitir","tag-empieza","tag-entertainment","tag-entretenimiento","tag-es","tag-espana","tag-hoy","tag-jueves","tag-movistar","tag-nuevo","tag-plus","tag-spain","tag-tv"],"share_on_mastodon":{"url":"https:\/\/pubeurope.com\/@es\/116690906546259005","error":""},"_links":{"self":[{"href":"https:\/\/www.europesays.com\/es\/wp-json\/wp\/v2\/posts\/587564","targetHints":{"allow":["GET"]}}],"collection":[{"href":"https:\/\/www.europesays.com\/es\/wp-json\/wp\/v2\/posts"}],"about":[{"href":"https:\/\/www.europesays.com\/es\/wp-json\/wp\/v2\/types\/post"}],"author":[{"embeddable":true,"href":"https:\/\/www.europesays.com\/es\/wp-json\/wp\/v2\/users\/2"}],"replies":[{"embeddable":true,"href":"https:\/\/www.europesays.com\/es\/wp-json\/wp\/v2\/comments?post=587564"}],"version-history":[{"count":0,"href":"https:\/\/www.europesays.com\/es\/wp-json\/wp\/v2\/posts\/587564\/revisions"}],"wp:featuredmedia":[{"embeddable":true,"href":"https:\/\/www.europesays.com\/es\/wp-json\/wp\/v2\/media\/587565"}],"wp:attachment":[{"href":"https:\/\/www.europesays.com\/es\/wp-json\/wp\/v2\/media?parent=587564"}],"wp:term":[{"taxonomy":"category","embeddable":true,"href":"https:\/\/www.europesays.com\/es\/wp-json\/wp\/v2\/categories?post=587564"},{"taxonomy":"post_tag","embeddable":true,"href":"https:\/\/www.europesays.com\/es\/wp-json\/wp\/v2\/tags?post=587564"}],"curies":[{"name":"wp","href":"https:\/\/api.w.org\/{rel}","templated":true}]}}