{"id":587582,"date":"2026-06-04T08:39:14","date_gmt":"2026-06-04T08:39:14","guid":{"rendered":"https:\/\/www.europesays.com\/es\/587582\/"},"modified":"2026-06-04T08:39:14","modified_gmt":"2026-06-04T08:39:14","slug":"euskadi-registra-tres-de-cada-diez-muertes-por-la-ola-de-calor-de-mayo-en-espana","status":"publish","type":"post","link":"https:\/\/www.europesays.com\/es\/587582\/","title":{"rendered":"Euskadi registra tres de cada diez muertes por la ola de calor de mayo en Espa\u00f1a"},"content":{"rendered":"<p style=\"\">El adelanto de verano que vivi\u00f3 la pen\u00ednsula durante varias jornadas del mes de mayo y las altas temperaturas registradas se sald\u00f3 con la muerte  &#8230; de 101 personas en Espa\u00f1a y oblig\u00f3 al Ministerio de Sanidad a adelantar la activaci\u00f3n del Plan de Calor desde el d\u00eda 13 del pasado mes, cuando lo normal es que entre en vigor desde la segunda quincena de mayo y se prolongue hasta el \u00faltimo d\u00eda de septiembre.<\/p>\n<p class=\"v-d-p\" style=\"\">Euskadi sufri\u00f3 una de las peores partes del episodio extraordinario, con term\u00f3metros por encima de los 35 grados. Como consecuencia, Salud cifra en 31 los fallecimientos atribuibles al calor en Pa\u00eds Vasco. Los mayores de 65 a\u00f1os residentes en Euskadi supusieron el 90% de los muertos vascos del conjunto de grupos de edad. Dos de cada tres superaba los 85 a\u00f1os y no se registr\u00f3 ning\u00fan deceso por esta causa de menores de 45 a\u00f1os. <\/p>\n<p class=\"v-d-p\" style=\"\">\u00abEl problema ya no es \u00fanicamente que haga m\u00e1s calor. Es que cada vez llega antes. Y nuestros organismos todav\u00eda no se han aclimatado y es cuando tenemos la percepci\u00f3n social de que el riesgo todav\u00eda no existe\u00bb, advirti\u00f3 este mi\u00e9rcoles la ministra de Sanidad, M\u00f3nica Garc\u00eda, en la presentaci\u00f3n del documento para aseverar que \u00ablos primeros episodios de calor extremo suelen tener un impacto sanitario especialmente elevado\u00bb.<\/p>\n<p class=\"v-d-p\" style=\"\">La ministra subray\u00f3 que el calor extremo \u00abes una amenaza para la salud p\u00fablica\u00bb y record\u00f3 que, entre 2015 y 2025, el Sistema de Monitorizaci\u00f3n de la Mortalidad Diaria (MoMo), que es el que se emplea para medir las muertes atribuibles al calor, estima en m\u00e1s de 27.500 los fallecimientos por las altas temperaturas. \u00abSolo el a\u00f1o pasado fueron 3.832 personas, el segundo peor dato de toda la serie hist\u00f3rica\u00bb, a\u00f1adi\u00f3.<\/p>\n<p>\n\u00abNo afecta a todos por igual\u00bb\n<\/p>\n<p class=\"v-d-p\" style=\"\">M\u00f3nica Garc\u00eda hizo hincapi\u00e9 en que \u00abel calor no afecta por igual a todo el mundo\u00bb ni a \u00abtodos los lugares\u00bb del pa\u00eds. \u00abNo se enfrenta de la misma manera una ola de calor desde una vivienda bien aislada que desde una vivienda precaria. No tiene las mismas consecuencias para quien puede modificar sus horarios que para quien trabaja durante horas al aire libre\u00bb, explic\u00f3.<\/p>\n<p class=\"v-d-p\" style=\"\">Seg\u00fan los expertos, el verano dura en la actualidad \u00abcasi seis semanas\u00bb m\u00e1s que en los a\u00f1os 80 y, durante la \u00faltima semana de mayo, se registraron temperaturas entre 10 y 15 grados por encima de lo habitual para estas fechas. Fuentes de Euskalmet, la Agencia Vasca de la Meteorolog\u00eda, se\u00f1alaron a este peri\u00f3dico que lo \u00abexcepcional\u00bb del episodio de calor que azot\u00f3 Euskadi a lo largo de una semana, adem\u00e1s de las intensas temperaturas, residi\u00f3 en la duraci\u00f3n del evento meteorol\u00f3gico. \u00abNo tenemos constancia de una sucesi\u00f3n de siete d\u00edas con temperaturas rondando los 33-35 grados\u00bb, aseguraron fuentes de Euskalmet. Y parece que a los mercurios les espera un verano \u00abm\u00e1s c\u00e1lido de lo normal en buena parte de Espa\u00f1a\u00bb, vaticinan en la Agencia Estatal de Meteorolog\u00eda.<\/p>\n<p class=\"v-d-p\" style=\"\">Tras resaltar que los ni\u00f1os son uno de los colectivos \u00abm\u00e1s vulnerables\u00bb ante estos escenarios, la ministra hizo un llamamiento a las comunidades aut\u00f3nomas para que impulsen sus planes de adaptaci\u00f3n clim\u00e1tica en los centros educativos. \u00abLos alumnos y profesores se est\u00e1n achicharrando\u00bb, denunci\u00f3. El Plan Calor del ministerio contempla un sistema de avisos a trav\u00e9s de &#8216;meteosalud.es&#8217;, al que la poblaci\u00f3n se puede suscribir para recibir informaci\u00f3n diaria sobre el riesgo en su zona v\u00eda SMS o email. Cada d\u00eda se actualiza y se define el riesgo y una predicci\u00f3n para las pr\u00f3ximos tres jornadas.<\/p>\n","protected":false},"excerpt":{"rendered":"El adelanto de verano que vivi\u00f3 la pen\u00ednsula durante varias jornadas del mes de mayo y las altas&hellip;\n","protected":false},"author":2,"featured_media":587583,"comment_status":"","ping_status":"","sticky":false,"template":"","format":"standard","meta":{"footnotes":""},"categories":[8],"tags":[17,18,4922,1630,25,24,5691,13,14,11,19,20,4809,9,10,15,16,2269,23,12,603,21,22],"class_list":["post-587582","post","type-post","status-publish","format-standard","has-post-thumbnail","category-espana","tag-breaking-news","tag-breakingnews","tag-calor","tag-diez","tag-es","tag-espana","tag-euskadi","tag-featured-news","tag-featurednews","tag-headlines","tag-latest-news","tag-latestnews","tag-muertes","tag-news","tag-noticias","tag-noticias-destacadas","tag-noticiasdestacadas","tag-registra","tag-spain","tag-titulares","tag-tres","tag-ultimas-noticias","tag-ultimasnoticias"],"share_on_mastodon":{"url":"https:\/\/pubeurope.com\/@es\/116690941815845568","error":""},"_links":{"self":[{"href":"https:\/\/www.europesays.com\/es\/wp-json\/wp\/v2\/posts\/587582","targetHints":{"allow":["GET"]}}],"collection":[{"href":"https:\/\/www.europesays.com\/es\/wp-json\/wp\/v2\/posts"}],"about":[{"href":"https:\/\/www.europesays.com\/es\/wp-json\/wp\/v2\/types\/post"}],"author":[{"embeddable":true,"href":"https:\/\/www.europesays.com\/es\/wp-json\/wp\/v2\/users\/2"}],"replies":[{"embeddable":true,"href":"https:\/\/www.europesays.com\/es\/wp-json\/wp\/v2\/comments?post=587582"}],"version-history":[{"count":0,"href":"https:\/\/www.europesays.com\/es\/wp-json\/wp\/v2\/posts\/587582\/revisions"}],"wp:featuredmedia":[{"embeddable":true,"href":"https:\/\/www.europesays.com\/es\/wp-json\/wp\/v2\/media\/587583"}],"wp:attachment":[{"href":"https:\/\/www.europesays.com\/es\/wp-json\/wp\/v2\/media?parent=587582"}],"wp:term":[{"taxonomy":"category","embeddable":true,"href":"https:\/\/www.europesays.com\/es\/wp-json\/wp\/v2\/categories?post=587582"},{"taxonomy":"post_tag","embeddable":true,"href":"https:\/\/www.europesays.com\/es\/wp-json\/wp\/v2\/tags?post=587582"}],"curies":[{"name":"wp","href":"https:\/\/api.w.org\/{rel}","templated":true}]}}