{"id":587700,"date":"2026-06-04T10:04:35","date_gmt":"2026-06-04T10:04:35","guid":{"rendered":"https:\/\/www.europesays.com\/es\/587700\/"},"modified":"2026-06-04T10:04:35","modified_gmt":"2026-06-04T10:04:35","slug":"clara-sanchez-le-manda-un-mensaje-a-bad-bunny-en-la-revuelta","status":"publish","type":"post","link":"https:\/\/www.europesays.com\/es\/587700\/","title":{"rendered":"Clara S\u00e1nchez le manda un mensaje a Bad Bunny en &#8216;La Revuelta&#8217;: \u00ab"},"content":{"rendered":"<p class=\"c-paragraph\">Clara S\u00e1nchez fue la invitada de este mi\u00e9rcoles en <a href=\"https:\/\/www.20minutos.es\/tags\/temas\/la-revuelta.html\" title=\"La Revuelta\" rel=\"nofollow noopener\" target=\"_blank\">La Revuelta<\/a>. La escritora visit\u00f3 el programa de <a href=\"https:\/\/www.20minutos.es\/tags\/personas\/broncano.html\" title=\"David Broncano\" rel=\"nofollow noopener\" target=\"_blank\">David Broncano<\/a> para<b> presentar Lo inexplicable, su \u00faltima novela <\/b>publicada el pasado 20 de mayo.<\/p>\n<p class=\"c-paragraph\">Nada m\u00e1s recibir a la responsable de ocupar la silla &#8216;X&#8217; de la Real Academia Espa\u00f1ola desde 2023, el presentador expres\u00f3, una vez m\u00e1s, su deseo de formar parte de la instituci\u00f3n. \u00ab<b>Est\u00e1s en la edad, dentro de 15 a\u00f1os podr\u00edas entrar\u00bb<\/b>, le asegur\u00f3 la novelista en tono de broma.<\/p>\n<p class=\"c-paragraph\">\u00abNo hay personas de todas las edades, el m\u00e1s peque\u00f1o tiene 65 a\u00f1os\u00bb, apunt\u00f3 el jiennense a su invitada, quien le desminti\u00f3 esa informaci\u00f3n. \u00abPara nada. <b>No voy a decir nombres porque hubo un acad\u00e9mico que vino aqu\u00ed y se pill\u00f3 los dedos dando nombres y edades<\/b>\u00ab, reconoci\u00f3 ella al respecto.<\/p>\n<p class=\"c-paragraph\">A ra\u00edz de la conversaci\u00f3n, Broncano le pregunt\u00f3 si en la instituci\u00f3n utilizan anglicismos. \u00abEl de six-seven se utiliza mucho en la RAE\u00bb, brome\u00f3 Grison. \u00ab<b>Usamos whisky constantemente&#8230; bueno, yo no, que no bebo<\/b>\u00ab, recul\u00f3 Clara S\u00e1nchez con su respuesta.\u00a0<\/p>\n<p class=\"c-paragraph\">\u00abEn la Academia hay una palabra que usamos mucho y esa palabra es whisky\u00bb, repiti\u00f3 este con sorna, pero su invitada insisti\u00f3 en que ella no toma esta bebida. \u00abHe dicho que a m\u00ed se me ocurre que hay palabras que para m\u00ed<b> son como una marca que queda as\u00ed<\/b>; es como Volkswagen o parking\u00bb, se defendi\u00f3 la ganadora del premio Planeta.<\/p>\n<p class=\"c-paragraph\">En el hilo de la conversaci\u00f3n y hablando un poco de todo, sacaron a relucir el tema de los hor\u00f3scopos. Clara S\u00e1nchez dijo que ella es Piscis y Grison indic\u00f3 que <b>Bad Bunny comparte signo del zodiaco con ella.\u00a0<\/b><\/p>\n<p class=\"c-paragraph\">\u00ab\u00bfTe ha invitado?\u00bb, quiso saber Broncano. \u00abA &#8216;La Casita&#8217; esa no. Ni al concierto\u00bb, apunt\u00f3 ella. \u00abPegabas totalmente\u00bb, la consol\u00f3 el andaluz. Con la respuesta del presentador, su invitada aprovech\u00f3 para pedirle al puertorrique\u00f1o entradas: \u00ab<b>Me est\u00e1n dando ganas de llorar<\/b> [&#8230;] Mira, Benito, si me invitas, y tambi\u00e9n dos o tres m\u00e1s para mi familia, que si no les da envidia, te entronizo donde sea\u00bb.<\/p>\n","protected":false},"excerpt":{"rendered":"Clara S\u00e1nchez fue la invitada de este mi\u00e9rcoles en La Revuelta. La escritora visit\u00f3 el programa de David&hellip;\n","protected":false},"author":2,"featured_media":587701,"comment_status":"","ping_status":"","sticky":false,"template":"","format":"standard","meta":{"footnotes":""},"categories":[174],"tags":[255,108229,9029,146,147,25,24,256,6870,29956,23],"class_list":["post-587700","post","type-post","status-publish","format-standard","has-post-thumbnail","category-famosos","tag-celebrities","tag-clara-sanchez","tag-david-broncano","tag-entertainment","tag-entretenimiento","tag-es","tag-espana","tag-famosos","tag-la-1","tag-la-revuelta","tag-spain"],"share_on_mastodon":{"url":"https:\/\/pubeurope.com\/@es\/116691276190462740","error":""},"_links":{"self":[{"href":"https:\/\/www.europesays.com\/es\/wp-json\/wp\/v2\/posts\/587700","targetHints":{"allow":["GET"]}}],"collection":[{"href":"https:\/\/www.europesays.com\/es\/wp-json\/wp\/v2\/posts"}],"about":[{"href":"https:\/\/www.europesays.com\/es\/wp-json\/wp\/v2\/types\/post"}],"author":[{"embeddable":true,"href":"https:\/\/www.europesays.com\/es\/wp-json\/wp\/v2\/users\/2"}],"replies":[{"embeddable":true,"href":"https:\/\/www.europesays.com\/es\/wp-json\/wp\/v2\/comments?post=587700"}],"version-history":[{"count":0,"href":"https:\/\/www.europesays.com\/es\/wp-json\/wp\/v2\/posts\/587700\/revisions"}],"wp:featuredmedia":[{"embeddable":true,"href":"https:\/\/www.europesays.com\/es\/wp-json\/wp\/v2\/media\/587701"}],"wp:attachment":[{"href":"https:\/\/www.europesays.com\/es\/wp-json\/wp\/v2\/media?parent=587700"}],"wp:term":[{"taxonomy":"category","embeddable":true,"href":"https:\/\/www.europesays.com\/es\/wp-json\/wp\/v2\/categories?post=587700"},{"taxonomy":"post_tag","embeddable":true,"href":"https:\/\/www.europesays.com\/es\/wp-json\/wp\/v2\/tags?post=587700"}],"curies":[{"name":"wp","href":"https:\/\/api.w.org\/{rel}","templated":true}]}}