{"id":58777,"date":"2025-08-19T21:28:08","date_gmt":"2025-08-19T21:28:08","guid":{"rendered":"https:\/\/www.europesays.com\/es\/58777\/"},"modified":"2025-08-19T21:28:08","modified_gmt":"2025-08-19T21:28:08","slug":"tenia-que-ser-el-viaje-de-nuestra-vida-y-ha-acabado-siendo-un-fiasco","status":"publish","type":"post","link":"https:\/\/www.europesays.com\/es\/58777\/","title":{"rendered":"\u00abTen\u00eda que ser el viaje de nuestra vida y ha acabado siendo un fiasco\u00bb"},"content":{"rendered":"<p>\u00abTen\u00eda que ser el viaje de nuestra vida y ha acabado siendo un fiasco\u00bb. As\u00ed definen los sollerics <strong>Lloren\u00e7 Salv\u00e1 y Juanjo Bauz\u00e1 su periplo por <a href=\"https:\/\/www.ultimahora.es\/etiqueta\/canad%C3%A1.html?utm_source=Inline-tag&amp;utm_medium=internal\" rel=\"nofollow noopener\" target=\"_blank\">Canad\u00e1<\/a><\/strong>, que arranc\u00f3 el 11 de agosto en Toronto y ten\u00eda que seguir hasta el pr\u00f3ximo domingo por varias ciudades. Una huelga de la compa\u00f1\u00eda Air Canada ha interrumpido su viaje so\u00f1ado y desde el lunes han quedado atrapados en el aeropuerto de Montreal.<\/p>\n<p>Lloren\u00e7 relata que \u00abcontratamos un viaje car\u00edsimo a trav\u00e9s de Halc\u00f3n Viajes de S\u00f3ller, la \u00fanica empresa que nos ha hecho caso y nos ha atendido. Lo hicimos a trav\u00e9s del touroperador Catai, que cuenta con una buena reputaci\u00f3n y adem\u00e1s decidimos hacernos con el seguro Platinum, el m\u00e1s elevado\u00bb.<\/p>\n<p class=\"responsive\">\n<p>\u00abLlegamos a Toronto y fuimos recorriendo con el tour otras ciudades como Ottawa o Quebec. El 17 de agosto deb\u00edamos llegar a Calgary para afrontar la segunda parte del viaje por la costa oeste,<strong> pero en el grupo de viaje se extendi\u00f3 la noticia de que los trabajadores de Air Canada iban a la huelga<\/strong>\u00bb.<\/p>\n<p>El matrimonio lleg\u00f3 a las cuatro de la ma\u00f1ana al aeropuerto de Montreal, \u00abdonde vimos los mostradores de la compa\u00f1\u00eda precintados. Nadie nos respond\u00eda y desde Catai nos dec\u00edan que era responsabilidad de la compa\u00f1\u00eda. Ni Catai ni la compa\u00f1\u00eda nos dieron respuesta alguna, <strong>solo dos botellines de agua y dos bolsas de cacahuetes<\/strong>\u00bb. Fue entonces, \u00abcuando decidimos contratar un hotel por nuestra cuenta y mirar a ver si pod\u00edamos coger alg\u00fan vuelo pagado de nuestros bolsillos, pero no hab\u00eda ninguna\u00bb.<\/p>\n<p>Desde el lunes se encuentran en Montreal y sin esperanzas de poder acabar su viaje. Lloren\u00e7 explica que \u00abnos obligan a quedarnos hasta el jueves aqu\u00ed porque han encontrado un vuelo hasta Par\u00eds, con escala en Nueva York, y finalmente podremos regresar a Mallorca\u00bb.<\/p>\n","protected":false},"excerpt":{"rendered":"\u00abTen\u00eda que ser el viaje de nuestra vida y ha acabado siendo un fiasco\u00bb. As\u00ed definen los sollerics&hellip;\n","protected":false},"author":2,"featured_media":58778,"comment_status":"","ping_status":"","sticky":false,"template":"","format":"standard","meta":{"footnotes":""},"categories":[42],"tags":[17,18,3730,13,14,11,24822,61,62,63,64,19,20,24821,1528,9,10,15,16,1527,12,1529,21,22,65,66,67],"class_list":{"0":"post-58777","1":"post","2":"type-post","3":"status-publish","4":"format-standard","5":"has-post-thumbnail","7":"category-internacional","8":"tag-breaking-news","9":"tag-breakingnews","10":"tag-canada","11":"tag-featured-news","12":"tag-featurednews","13":"tag-headlines","14":"tag-huelga-de-trabajadores","15":"tag-internacional","16":"tag-international","17":"tag-international-news","18":"tag-internationalnews","19":"tag-latest-news","20":"tag-latestnews","21":"tag-mallorquines-por-el-mundo","22":"tag-municipios-de-mallorca","23":"tag-news","24":"tag-noticias","25":"tag-noticias-destacadas","26":"tag-noticiasdestacadas","27":"tag-part-forana","28":"tag-titulares","29":"tag-ultima-hora","30":"tag-ultimas-noticias","31":"tag-ultimasnoticias","32":"tag-world","33":"tag-world-news","34":"tag-worldnews"},"share_on_mastodon":{"url":"","error":""},"_links":{"self":[{"href":"https:\/\/www.europesays.com\/es\/wp-json\/wp\/v2\/posts\/58777","targetHints":{"allow":["GET"]}}],"collection":[{"href":"https:\/\/www.europesays.com\/es\/wp-json\/wp\/v2\/posts"}],"about":[{"href":"https:\/\/www.europesays.com\/es\/wp-json\/wp\/v2\/types\/post"}],"author":[{"embeddable":true,"href":"https:\/\/www.europesays.com\/es\/wp-json\/wp\/v2\/users\/2"}],"replies":[{"embeddable":true,"href":"https:\/\/www.europesays.com\/es\/wp-json\/wp\/v2\/comments?post=58777"}],"version-history":[{"count":0,"href":"https:\/\/www.europesays.com\/es\/wp-json\/wp\/v2\/posts\/58777\/revisions"}],"wp:featuredmedia":[{"embeddable":true,"href":"https:\/\/www.europesays.com\/es\/wp-json\/wp\/v2\/media\/58778"}],"wp:attachment":[{"href":"https:\/\/www.europesays.com\/es\/wp-json\/wp\/v2\/media?parent=58777"}],"wp:term":[{"taxonomy":"category","embeddable":true,"href":"https:\/\/www.europesays.com\/es\/wp-json\/wp\/v2\/categories?post=58777"},{"taxonomy":"post_tag","embeddable":true,"href":"https:\/\/www.europesays.com\/es\/wp-json\/wp\/v2\/tags?post=58777"}],"curies":[{"name":"wp","href":"https:\/\/api.w.org\/{rel}","templated":true}]}}