{"id":58782,"date":"2025-08-19T21:31:10","date_gmt":"2025-08-19T21:31:10","guid":{"rendered":"https:\/\/www.europesays.com\/es\/58782\/"},"modified":"2025-08-19T21:31:10","modified_gmt":"2025-08-19T21:31:10","slug":"el-caja-rural-cleba-arranca-la-2025-26","status":"publish","type":"post","link":"https:\/\/www.europesays.com\/es\/58782\/","title":{"rendered":"El Caja Rural Cleba arranca la 2025\/26"},"content":{"rendered":"<p>                                    <img decoding=\"async\" loading=\"lazy\" src=\"https:\/\/www.europesays.com\/es\/wp-content\/uploads\/2025\/08\/65f85562cf2a7.jpeg\" alt=\"\u00c1ngel Fraguas\" width=\"40\" height=\"40\" data-full-src=\"https:\/\/www.europesays.com\/es\/wp-content\/uploads\/2025\/08\/65f85562cf2a7.jpeg\"\/><\/p>\n<p class=\"paragraph\">El Caja Rural Cleba Le\u00f3n Balonmano arranca la pretemporada con los primeros entrenamientos y sesiones muy f\u00edsicas en el Palacio de Deportes de la capital leonesa, a las \u00f3rdenes del entrenador Leo \u00c1lvarez. El equipo que milita en Divisi\u00f3n de Honor Oro vuelve a los ejercicios con las m\u00e1ximas expectativas para la nueva campa\u00f1a con ilusiones renovadas.<\/p>\n","protected":false},"excerpt":{"rendered":"El Caja Rural Cleba Le\u00f3n Balonmano arranca la pretemporada con los primeros entrenamientos y sesiones muy f\u00edsicas en&hellip;\n","protected":false},"author":2,"featured_media":58783,"comment_status":"","ping_status":"","sticky":false,"template":"","format":"standard","meta":{"footnotes":""},"categories":[278],"tags":[376,17316,168,25,24,375,9792,23,167],"class_list":{"0":"post-58782","1":"post","2":"type-post","3":"status-publish","4":"format-standard","5":"has-post-thumbnail","7":"category-balonmano","8":"tag-balonmano","9":"tag-cleba","10":"tag-deportes","11":"tag-es","12":"tag-espana","13":"tag-handball","14":"tag-palacio-de-los-deportes-de-leon","15":"tag-spain","16":"tag-sports"},"share_on_mastodon":{"url":"","error":""},"_links":{"self":[{"href":"https:\/\/www.europesays.com\/es\/wp-json\/wp\/v2\/posts\/58782","targetHints":{"allow":["GET"]}}],"collection":[{"href":"https:\/\/www.europesays.com\/es\/wp-json\/wp\/v2\/posts"}],"about":[{"href":"https:\/\/www.europesays.com\/es\/wp-json\/wp\/v2\/types\/post"}],"author":[{"embeddable":true,"href":"https:\/\/www.europesays.com\/es\/wp-json\/wp\/v2\/users\/2"}],"replies":[{"embeddable":true,"href":"https:\/\/www.europesays.com\/es\/wp-json\/wp\/v2\/comments?post=58782"}],"version-history":[{"count":0,"href":"https:\/\/www.europesays.com\/es\/wp-json\/wp\/v2\/posts\/58782\/revisions"}],"wp:featuredmedia":[{"embeddable":true,"href":"https:\/\/www.europesays.com\/es\/wp-json\/wp\/v2\/media\/58783"}],"wp:attachment":[{"href":"https:\/\/www.europesays.com\/es\/wp-json\/wp\/v2\/media?parent=58782"}],"wp:term":[{"taxonomy":"category","embeddable":true,"href":"https:\/\/www.europesays.com\/es\/wp-json\/wp\/v2\/categories?post=58782"},{"taxonomy":"post_tag","embeddable":true,"href":"https:\/\/www.europesays.com\/es\/wp-json\/wp\/v2\/tags?post=58782"}],"curies":[{"name":"wp","href":"https:\/\/api.w.org\/{rel}","templated":true}]}}