{"id":587882,"date":"2026-06-04T12:33:14","date_gmt":"2026-06-04T12:33:14","guid":{"rendered":"https:\/\/www.europesays.com\/es\/587882\/"},"modified":"2026-06-04T12:33:14","modified_gmt":"2026-06-04T12:33:14","slug":"estos-son-los-medicamentos-que-pueden-resultar-peligrosos-durante-una-ola-de-calor","status":"publish","type":"post","link":"https:\/\/www.europesays.com\/es\/587882\/","title":{"rendered":"Estos son los medicamentos que pueden resultar peligrosos durante una ola de calor"},"content":{"rendered":"<p><img decoding=\"async\" class=\"v-ath__i\" loading=\"lazy\" src=\"https:\/\/www.europesays.com\/es\/wp-content\/uploads\/2026\/06\/1780576393_300_autor-7593-foto-1.jpeg\" alt=\"Luc\u00eda Merch\u00e1n\"\/><\/p>\n<p>04\/06\/2026 a las 13:45h.<\/p>\n<p class=\"v-d-p\" style=\"\">Las altas temperaturas no solo obligan a extremar la hidrataci\u00f3n o evitar la exposici\u00f3n al sol en las horas centrales del d\u00eda. Tambi\u00e9n pueden afectar a las personas que toman determinados medicamentos.<\/p>\n<p class=\"v-d-p\" style=\"\">La Agencia Espa\u00f1ola de Medicamentos y Productos Sanitarios (AEMPS) recuerda que algunos <a href=\"https:\/\/www.hoy.es\/sociedad\/retiran-mascarilla-facial-vendida-supermercados-dia-20260529165629-nt.html\" data-voc-vtm-id=\"in-text-traffic\" title=\"tratamientos\" data-mrf-link=\"www.hoy.es\" rel=\"nofollow noopener\" target=\"_blank\">tratamientos<\/a> pueden interferir en los mecanismos que utiliza el organismo para regular la temperatura corporal o mantener un correcto equilibrio de l\u00edquidos. Esto puede aumentar el riesgo de sufrir deshidrataci\u00f3n, agotamiento por calor o incluso un golpe de calor durante los episodios de temperaturas extremas.<\/p>\n<p>\nLos medicamentos que m\u00e1s preocupan a los expertos\n<\/p>\n<ul class=\"v-u v-u--t2\">\n<li class=\"v-u__l\">\n<p class=\"v-d-p\">\nDiur\u00e9ticos (como la furosemida): aumentan la p\u00e9rdida de l\u00edquidos y favorecen la deshidrataci\u00f3n.\n<\/p>\n<\/li>\n<li class=\"v-u__l\">\n<p class=\"v-d-p\">\nAntiinflamatorios (AINE) como el ibuprofeno o el naproxeno: pueden aumentar el riesgo de problemas renales cuando existe deshidrataci\u00f3n.\n<\/p>\n<\/li>\n<li class=\"v-u__l\">\n<p class=\"v-d-p\">\nMedicamentos para la hipertensi\u00f3n arterial: algunos tratamientos pueden dificultar el equilibrio de l\u00edquidos del organismo durante las olas de calor.\n<\/p>\n<\/li>\n<li class=\"v-u__l\">\n<p class=\"v-d-p\">\nDeterminados antibi\u00f3ticos y antivirales: pueden afectar al funcionamiento de los ri\u00f1ones cuando el cuerpo pierde agua.\n<\/p>\n<\/li>\n<li class=\"v-u__l\">\n<p class=\"v-d-p\">\nAntidepresivos y antipsic\u00f3ticos: pueden alterar los mecanismos que regulan la temperatura corporal.\n<\/p>\n<\/li>\n<li class=\"v-u__l\">\n<p class=\"v-d-p\">\nAntihistam\u00ednicos: pueden reducir la sudoraci\u00f3n y dificultar que el organismo se enfr\u00ede correctamente.\n<\/p>\n<\/li>\n<li class=\"v-u__l\">\n<p class=\"v-d-p\">\nTratamientos para el p\u00e1rkinson: algunos f\u00e1rmacos pueden interferir en la regulaci\u00f3n del calor corporal.\n<\/p>\n<\/li>\n<li class=\"v-u__l\">\n<p class=\"v-d-p\">\nBroncodilatadores: tambi\u00e9n pueden afectar a los mecanismos naturales de refrigeraci\u00f3n del cuerpo.\n<\/p>\n<\/li>\n<p> ul&gt;\n<\/ul>\n<ul class=\"v-cmp-rld__u\">\n<li class=\"v-cmp-rld__l\">\n<p><a class=\"v-a-lnk\" href=\"http:\/\/www.hoy.es\/sociedad\/sanidad-alerta-conocido-postre-nestle-20260604124308-nt.html#vtm_modulosEngag=noticiasrelacionadas-cmp-uno:sociedad:noticia:1\" title=\"Alerta alimentaria por un conocido postre deNestl\u00e9\" data-voc-vtm-id=\"in-text-traffic\" rel=\"nofollow noopener\" target=\"_blank\"><br \/>\n<img decoding=\"async\" loading=\"lazy\" src=\"https:\/\/www.europesays.com\/es\/wp-content\/uploads\/2026\/06\/natillas-k9KC--366x256@Hoy.png\" class=\"v-a-img\" width=\"258\" height=\"180\" alt=\"Alerta alimentaria por un conocido postre deNestl\u00e9\"\/><br \/>\n<\/a><\/p>\n<\/li>\n<\/ul>\n<p class=\"v-d-p\" style=\"\">Los expertos recuerdan que nunca debe suspenderse un tratamiento sin consultar previamente con un m\u00e9dico o farmac\u00e9utico. Ante cualquier duda, especialmente durante una ola de calor, es recomendable pedir consejo a un profesional sanitario y mantener una correcta hidrataci\u00f3n.<\/p>\n<p class=\"v-d-p\" style=\"\">.<\/p>\n","protected":false},"excerpt":{"rendered":"04\/06\/2026 a las 13:45h. Las altas temperaturas no solo obligan a extremar la hidrataci\u00f3n o evitar la exposici\u00f3n&hellip;\n","protected":false},"author":2,"featured_media":587883,"comment_status":"","ping_status":"","sticky":false,"template":"","format":"standard","meta":{"footnotes":""},"categories":[92],"tags":[70177,111454,3830,111455,2215,12227,111458,111457,58194,40655,111460,4922,111456,25,24,165,2382,5698,3007,1374,39133,9671,7171,8642,166,1811,23,111459,1793],"class_list":["post-587882","post","type-post","status-publish","format-standard","has-post-thumbnail","category-salud","tag-aemps","tag-agencia-esnola-de-medicamentos-y-productos-sanitarios","tag-alerta","tag-altas-temperatuas","tag-antibioticos","tag-antidepresivos","tag-antihistqminicos","tag-antiinflamatorios","tag-antipsicoticos","tag-antivirales","tag-broncodilatadores","tag-calor","tag-diureticos","tag-es","tag-espana","tag-health","tag-hipertension","tag-medicamentos","tag-ola","tag-ola-de-calor","tag-pastillas","tag-peligrosos","tag-pueden","tag-resultar","tag-salud","tag-sanidad","tag-spain","tag-tratamientos-para-el-parkinson","tag-verano"],"share_on_mastodon":{"url":"https:\/\/pubeurope.com\/@es\/116691861974273434","error":""},"_links":{"self":[{"href":"https:\/\/www.europesays.com\/es\/wp-json\/wp\/v2\/posts\/587882","targetHints":{"allow":["GET"]}}],"collection":[{"href":"https:\/\/www.europesays.com\/es\/wp-json\/wp\/v2\/posts"}],"about":[{"href":"https:\/\/www.europesays.com\/es\/wp-json\/wp\/v2\/types\/post"}],"author":[{"embeddable":true,"href":"https:\/\/www.europesays.com\/es\/wp-json\/wp\/v2\/users\/2"}],"replies":[{"embeddable":true,"href":"https:\/\/www.europesays.com\/es\/wp-json\/wp\/v2\/comments?post=587882"}],"version-history":[{"count":0,"href":"https:\/\/www.europesays.com\/es\/wp-json\/wp\/v2\/posts\/587882\/revisions"}],"wp:featuredmedia":[{"embeddable":true,"href":"https:\/\/www.europesays.com\/es\/wp-json\/wp\/v2\/media\/587883"}],"wp:attachment":[{"href":"https:\/\/www.europesays.com\/es\/wp-json\/wp\/v2\/media?parent=587882"}],"wp:term":[{"taxonomy":"category","embeddable":true,"href":"https:\/\/www.europesays.com\/es\/wp-json\/wp\/v2\/categories?post=587882"},{"taxonomy":"post_tag","embeddable":true,"href":"https:\/\/www.europesays.com\/es\/wp-json\/wp\/v2\/tags?post=587882"}],"curies":[{"name":"wp","href":"https:\/\/api.w.org\/{rel}","templated":true}]}}