{"id":587904,"date":"2026-06-04T12:54:15","date_gmt":"2026-06-04T12:54:15","guid":{"rendered":"https:\/\/www.europesays.com\/es\/587904\/"},"modified":"2026-06-04T12:54:15","modified_gmt":"2026-06-04T12:54:15","slug":"real-madrid-candidato-presidente-el-hormiguero-enrique-riquelme-explica-en-el-hormiguero-como-consiguio-su-fortuna-no-soy-mexicano-soy-de-alicante","status":"publish","type":"post","link":"https:\/\/www.europesays.com\/es\/587904\/","title":{"rendered":"REAL MADRID, CANDIDATO, PRESIDENTE, EL HORMIGUERO | Enrique Riquelme explica en &#8216;El Hormiguero&#8217; c\u00f3mo consigui\u00f3 su fortuna: \u00abNo soy mexicano, soy de Alicante\u00bb"},"content":{"rendered":"<p class=\"v-d-p\" style=\"\">Pablo Motos recib\u00eda este mi\u00e9rcoles en &#8216;El Hormiguero&#8217; a Enrique Riquelme, el alicantino que se ha presentado a las elecciones del Real Madrid contra Florentino P\u00e9rez que se celebran el pr\u00f3ximo domingo 7 de junio.<\/p>\n<p class=\"v-d-p\" style=\"\">Nada m\u00e1s comenzar el programa, Pablo Motos ha mostrado en plat\u00f3 una camiseta del Real Madrid y ha anunciado que el nombre que lleva ser\u00e1 el de un fichaje. Junto a ello, un acta notarial con la que se compromete a pagar el 100% de la cuota de los socios del equipo blanco si no cumple sus promesas.<\/p>\n<p class=\"v-d-p\" style=\"\">Riquelme ha comenzado explicando sus or\u00edgenes: \u00abNo soy mexicano como alguna imitaci\u00f3n me hicieron. Soy de Alicante, del pueblo de Cox en La Vega Baja. En 2008, 2009 mi familia se dedicaba al hormig\u00f3n y se vend\u00eda poco. Decid\u00ed que quer\u00eda emprender y separarme profesionalmente de mi familia. Me fui a Am\u00e9rica Latina, ve\u00eda que hab\u00eda oportunidades y se estaban haciendo obras de infraestructura. En uno de los viajes conoc\u00ed a gente que consum\u00eda hormig\u00f3n, hice un estudio de mercado y vi que hab\u00eda una oportunidad\u00ab.<\/p>\n<p class=\"v-d-p\" style=\"\">Riquelme ha explicado c\u00f3mo surgi\u00f3 su oportunidad: \u00abVolv\u00ed a Espa\u00f1a y ped\u00ed dinero, me dieron un cr\u00e9dito y volv\u00ed a Panam\u00e1. Tuve la suerte de que me hab\u00edan regalado un apartamento en Torrevieja y me dieron un cr\u00e9dito. Mi familia me apoy\u00f3 con tres camiones\u00bb.<\/p>\n<p class=\"v-f__p v-d-p v-f__p--1\">Descubre la nueva app de TODOAlicante, desc\u00e1rgatela: <\/p>\n<p class=\"v-d-p\" style=\"\">Pese a todo, estuvo a punto de tirar la toalla porque el negocio no funcionaba como esperaba, aunque todo cambi\u00f3: \u00abEn 2011 empec\u00e9 a crecer y luego comenc\u00e9 en el sector de la energ\u00eda, hab\u00eda mucho sol y dije por qu\u00e9 no poner paneles solares aqu\u00ed\u00bb.<\/p>\n<p class=\"v-d-p\" style=\"\">El alicantino ha incidido que a diferencia de Florentino P\u00e9rez, \u00abla base de nuestra candidatura es que me he comprometido por notario a no vender\u00bb.<\/p>\n<p class=\"v-d-p\" style=\"\">Durante la entrevista, Florentino ha anunciado el fichaje de Mourinho como entrenador, algo que ha valorado Riquelme: \u00abYa lo tuvo en su momento, en un buen entrenador pero nuestro proyecto es con un estilo totalmente diferente. Yo tengo otro entrenador\u00bb.<\/p>\n<p class=\"v-d-p\" style=\"\">De igual modo, ha ofrecido informaci\u00f3n sobre sus futuros fichajes: \u00abSi soy presidente Rodri ser\u00e1 jugador del Real Madrid\u00bb. A \u00faltima hora, ha desvelado el fichaje bomba que har\u00e1, Erling Haaland.<\/p>\n","protected":false},"excerpt":{"rendered":"Pablo Motos recib\u00eda este mi\u00e9rcoles en &#8216;El Hormiguero&#8217; a Enrique Riquelme, el alicantino que se ha presentado a&hellip;\n","protected":false},"author":2,"featured_media":587905,"comment_status":"","ping_status":"","sticky":false,"template":"","format":"standard","meta":{"footnotes":""},"categories":[171],"tags":[2206,17949,12096,146,147,25,24,5134,2400,17775,10764,2763,23,214],"class_list":["post-587904","post","type-post","status-publish","format-standard","has-post-thumbnail","category-tv","tag-alicante","tag-consiguio","tag-enrique","tag-entertainment","tag-entretenimiento","tag-es","tag-espana","tag-explica","tag-fortuna","tag-hormiguero","tag-mexicano","tag-riquelme","tag-spain","tag-tv"],"share_on_mastodon":{"url":"https:\/\/pubeurope.com\/@es\/116691944435260279","error":""},"_links":{"self":[{"href":"https:\/\/www.europesays.com\/es\/wp-json\/wp\/v2\/posts\/587904","targetHints":{"allow":["GET"]}}],"collection":[{"href":"https:\/\/www.europesays.com\/es\/wp-json\/wp\/v2\/posts"}],"about":[{"href":"https:\/\/www.europesays.com\/es\/wp-json\/wp\/v2\/types\/post"}],"author":[{"embeddable":true,"href":"https:\/\/www.europesays.com\/es\/wp-json\/wp\/v2\/users\/2"}],"replies":[{"embeddable":true,"href":"https:\/\/www.europesays.com\/es\/wp-json\/wp\/v2\/comments?post=587904"}],"version-history":[{"count":0,"href":"https:\/\/www.europesays.com\/es\/wp-json\/wp\/v2\/posts\/587904\/revisions"}],"wp:featuredmedia":[{"embeddable":true,"href":"https:\/\/www.europesays.com\/es\/wp-json\/wp\/v2\/media\/587905"}],"wp:attachment":[{"href":"https:\/\/www.europesays.com\/es\/wp-json\/wp\/v2\/media?parent=587904"}],"wp:term":[{"taxonomy":"category","embeddable":true,"href":"https:\/\/www.europesays.com\/es\/wp-json\/wp\/v2\/categories?post=587904"},{"taxonomy":"post_tag","embeddable":true,"href":"https:\/\/www.europesays.com\/es\/wp-json\/wp\/v2\/tags?post=587904"}],"curies":[{"name":"wp","href":"https:\/\/api.w.org\/{rel}","templated":true}]}}