{"id":587967,"date":"2026-06-04T13:44:14","date_gmt":"2026-06-04T13:44:14","guid":{"rendered":"https:\/\/www.europesays.com\/es\/587967\/"},"modified":"2026-06-04T13:44:14","modified_gmt":"2026-06-04T13:44:14","slug":"la-depresion-acelera-el-crecimiento-maligno-en-modelos-de-cancer","status":"publish","type":"post","link":"https:\/\/www.europesays.com\/es\/587967\/","title":{"rendered":"La depresi\u00f3n acelera el crecimiento maligno en modelos de c\u00e1ncer"},"content":{"rendered":"<p class=\"mostrar_fragmento\">Un estudio realizado en ratones con melanoma revela que la exposici\u00f3n a estr\u00e9s cr\u00f3nico leve e impredecible estimula el crecimiento tumoral. En comparaci\u00f3n con los animales control, el volumen tumoral aument\u00f3 m\u00e1s r\u00e1pidamente, con diferencias significativas a partir de las dos semanas. Adem\u00e1s, se constat\u00f3 un mayor peso de la &#8230;            &#13;\n        <\/p>\n<p> &#13;<\/p>\n<p>Un estudio realizado en ratones con melanoma revela que <strong>la exposici\u00f3n a estr\u00e9s cr\u00f3nico leve e impredecible estimula el crecimiento tumoral<\/strong>. En comparaci\u00f3n con los animales control, el volumen tumoral aument\u00f3 m\u00e1s r\u00e1pidamente, con diferencias significativas a partir de las dos semanas. Adem\u00e1s, se constat\u00f3 un mayor peso de la masa tumoral al finalizar el periodo de observaci\u00f3n, as\u00ed como un mayor \u00edndice de proliferaci\u00f3n de las c\u00e9lulas cancerosas.<\/p>\n<p>En el examen del microambiente tumoral, los investigadores observaron una marcada <strong>reducci\u00f3n en la abundancia de linfocitos T<\/strong>, que exhibieron signos de agotamiento funcional, reflejado en la expresi\u00f3n del punto de control inmunitario PD-1. Asimismo, <strong>disminuy\u00f3 la expresi\u00f3n de genes asociados a v\u00edas de activaci\u00f3n inmunitaria<\/strong>, incluidas las relacionadas con quimiocinas y reguladores de la tolerancia inmunol\u00f3gica.<\/p>\n<p><strong>Ran Gao<\/strong>, cient\u00edfico del Institute of Laboratory Animal Science de Pek\u00edn y director del <a href=\"https:\/\/onlinelibrary.wiley.com\/doi\/10.1002\/aro2.70075\" rel=\"nofollow noopener\" target=\"_blank\">estudio<\/a>, afirma que estos ratones exhibieron niveles casi dos veces mayores de hormonas circulantes asociadas al estr\u00e9s y comportamientos propios de la depresi\u00f3n, como la <strong>anhedonia<\/strong>. Los hallazgos son consistentes con evidencia previa seg\u00fan la cual la coexistencia de c\u00e1ncer y trastornos depresivos se vincula a peores resultados cl\u00ednicos y a menor supervivencia en los pacientes.<\/p>\n<p>Gao se\u00f1ala que el estr\u00e9s psicol\u00f3gico es un potente activador hormonal que <strong>eleva los niveles de glucocorticoides<\/strong>, los cuales ejercen efectos reguladores negativos sobre el sistema inmunitario. Estos resultados ofrecen una base te\u00f3rica para considerar las intervenciones psicosociales como un componente integral en el tratamiento de los pacientes oncol\u00f3gicos, concluye el investigador.<\/p>\n<p>&#13;<br \/>\n            SEGUIR LEYENDO&#13;\n        <\/p>\n","protected":false},"excerpt":{"rendered":"Un estudio realizado en ratones con melanoma revela que la exposici\u00f3n a estr\u00e9s cr\u00f3nico leve e impredecible estimula&hellip;\n","protected":false},"author":2,"featured_media":587968,"comment_status":"","ping_status":"","sticky":false,"template":"","format":"standard","meta":{"footnotes":""},"categories":[92],"tags":[14603,1066,1021,8112,7766,2378,25,24,53841,11909,74550,165,11026,10010,10012,90728,77979,3383,35923,111475,166,23,11027],"class_list":["post-587967","post","type-post","status-publish","format-standard","has-post-thumbnail","category-salud","tag-acelera","tag-cancer","tag-celulas","tag-crecimiento","tag-cronico","tag-depresion","tag-es","tag-espana","tag-estas","tag-estres","tag-funcionalidad","tag-health","tag-infiltracion","tag-inmunitarias","tag-linfocitos","tag-maligno","tag-microambiente","tag-modelos","tag-reduciendo","tag-remodela","tag-salud","tag-spain","tag-tumoral"],"share_on_mastodon":{"url":"https:\/\/pubeurope.com\/@es\/116692141398223106","error":""},"_links":{"self":[{"href":"https:\/\/www.europesays.com\/es\/wp-json\/wp\/v2\/posts\/587967","targetHints":{"allow":["GET"]}}],"collection":[{"href":"https:\/\/www.europesays.com\/es\/wp-json\/wp\/v2\/posts"}],"about":[{"href":"https:\/\/www.europesays.com\/es\/wp-json\/wp\/v2\/types\/post"}],"author":[{"embeddable":true,"href":"https:\/\/www.europesays.com\/es\/wp-json\/wp\/v2\/users\/2"}],"replies":[{"embeddable":true,"href":"https:\/\/www.europesays.com\/es\/wp-json\/wp\/v2\/comments?post=587967"}],"version-history":[{"count":0,"href":"https:\/\/www.europesays.com\/es\/wp-json\/wp\/v2\/posts\/587967\/revisions"}],"wp:featuredmedia":[{"embeddable":true,"href":"https:\/\/www.europesays.com\/es\/wp-json\/wp\/v2\/media\/587968"}],"wp:attachment":[{"href":"https:\/\/www.europesays.com\/es\/wp-json\/wp\/v2\/media?parent=587967"}],"wp:term":[{"taxonomy":"category","embeddable":true,"href":"https:\/\/www.europesays.com\/es\/wp-json\/wp\/v2\/categories?post=587967"},{"taxonomy":"post_tag","embeddable":true,"href":"https:\/\/www.europesays.com\/es\/wp-json\/wp\/v2\/tags?post=587967"}],"curies":[{"name":"wp","href":"https:\/\/api.w.org\/{rel}","templated":true}]}}