{"id":587986,"date":"2026-06-04T13:59:14","date_gmt":"2026-06-04T13:59:14","guid":{"rendered":"https:\/\/www.europesays.com\/es\/587986\/"},"modified":"2026-06-04T13:59:14","modified_gmt":"2026-06-04T13:59:14","slug":"este-es-el-ganador-de-las-elecciones-del-real-madrid-entre-florentino-perez-y-enrique-riquelme-segun-la-inteligencia-artificial-los-cambios-llegan-con-una-crisis-grande","status":"publish","type":"post","link":"https:\/\/www.europesays.com\/es\/587986\/","title":{"rendered":"Este es el ganador de las elecciones del Real Madrid entre Florentino P\u00e9rez y Enrique Riquelme, seg\u00fan la inteligencia artificial: \u00abLos cambios llegan con una crisis grande\u00bb"},"content":{"rendered":"<p><img decoding=\"async\" class=\"v-ath__i\" loading=\"lazy\" src=\"https:\/\/www.europesays.com\/es\/wp-content\/uploads\/2026\/05\/autor-5051-foto-8.png\" alt=\"In\u00e9s Romero\"\/><\/p>\n<p>04\/06\/2026<\/p>\n<p>Actualizado a las 14:22h.<\/p>\n<p class=\"v-d-p\" style=\"\">Este domingo 7 de junio se celebran las <a href=\"https:\/\/www.abc.es\/deportes\/real-madrid\/elecciones-real-madrid-domingo-junio-20260526112248-nt.html\" title=\"www.abc.es\" data-voc-vtm-id=\"in-text-traffic\" data-mrf-link=\"www.abc.es\" rel=\"nofollow noopener\" target=\"_blank\">elecciones del Real Madrid<\/a>. Se trata de una cita importante, pues hace 20 a\u00f1os que no ocurr\u00eda. Desde las 9.00 horas hasta las 20.00 horas, los socios tendr\u00e1n la oportunidad de elegir al pr\u00f3ximo presidente.<\/p>\n<p class=\"v-d-p\" style=\"\"><a href=\"https:\/\/www.abc.es\/deportes\/futbol\/florentino-perez-sobre-riquelme-parece-preocupado-hacerse-20260603060640-nt.html\" title=\"www.abc.es\" data-voc-vtm-id=\"in-text-traffic\" data-mrf-link=\"www.abc.es\" rel=\"nofollow noopener\" target=\"_blank\">Florentino P\u00e9rez<\/a> se mide a <a href=\"https:\/\/www.abc.es\/gente\/vida-personal-enrique-riquelme-candidato-presidencia-real-madrid-patrimonio-novia-20260603125709-nt.html\" title=\"www.abc.es\" data-voc-vtm-id=\"in-text-traffic\" data-mrf-link=\"www.abc.es\" rel=\"nofollow noopener\" target=\"_blank\">Enrique Riquelme<\/a>. Y es que el empresario logr\u00f3 <a href=\"https:\/\/www.abc.es\/deportes\/real-madrid\/enrique-riquelme-firma-aval-andbank-espana-presentarse-20260523151833-nt.html\" title=\"www.abc.es\" data-voc-vtm-id=\"in-text-traffic\" data-mrf-link=\"www.abc.es\" rel=\"nofollow noopener\" target=\"_blank\">firmar el aval con Andbank Espa\u00f1a<\/a> para poder presentarse a los comicios. El actual presidente parte como favorito tras m\u00e1s de dos d\u00e9cadas al frente del club blanco y una amplia trayectoria repleta de t\u00edtulos. Adem\u00e1s, este jueves 3 de junio ha adelantado la <a href=\"https:\/\/www.abc.es\/deportes\/florentino-perez-adelanta-fichaje-mourinho-enrique-riquelme-20260603234312-nt.html\" title=\"www.abc.es\" data-voc-vtm-id=\"in-text-traffic\" data-mrf-link=\"www.abc.es\" rel=\"nofollow noopener\" target=\"_blank\">vuelta de Mourinho como entrenador y el fichaje de Konat\u00e9 si sale reelegido<\/a>.<\/p>\n<p class=\"v-d-p\" style=\"\">Riquelme, por su parte, ha aprovechado su aparici\u00f3n en &#8216;El Hormiguero&#8217; para explica cu\u00e1les son sus intenciones de cara a la pr\u00f3xima temporada. El alicantino ha asegurado en el programa de Antena 3 que <a href=\"https:\/\/www.abc.es\/deportes\/real-madrid\/riquelme-xxx-jugador-real-madrid-gano-elecciones-20260603230429-nt.html\" title=\"www.abc.es\" data-voc-vtm-id=\"in-text-traffic\" data-mrf-link=\"www.abc.es\" rel=\"nofollow noopener\" target=\"_blank\">Haaland ser\u00e1 jugador del Real Madrid si se convierte en el m\u00e1ximo dirigente<\/a>. \u00abMe comprometo a que, en caso de incumplir alguna de mis promesas, he firmado una garant\u00eda notarial para hacer frente al pago de la cuota de todos los socios\u00bb, ha indicado.<\/p>\n<p class=\"v-d-p\" style=\"\">En cualquier caso, el desenlace del domingo sigue rodeado de incertidumbre. Por ello, desde ABC le hemos preguntado a la <a href=\"https:\/\/www.abc.es\/viajar\/mejor-destino-espana-pasar-vacaciones-verano-2026-20260407165922-nt.html\" title=\"www.abc.es\" data-voc-vtm-id=\"in-text-traffic\" data-mrf-link=\"www.abc.es\" rel=\"nofollow noopener\" target=\"_blank\">inteligencia artificial<\/a> qui\u00e9n cree que ganar\u00e1 las elecciones del Real Madrid. Esta tecnolog\u00eda ha revelado un nombre.<\/p>\n<p>\nEste es el ganador de las elecciones del Real Madrid entre Florentino P\u00e9rez y Enrique Riquelme, seg\u00fan la inteligencia artificial\n<\/p>\n<p class=\"v-d-p\" style=\"\">\u00ab\u00bfQui\u00e9n crees que va a ganar las elecciones a la presidencia del Real Madrid, Florentino P\u00e9rez o Enrique Riquelme?\u00bb. Esta es la pregunta que se le ha hecho a la inteligencia artificial y su respuesta ha sido clara. \u00abSi tengo que mojarme ahora mismo, <strong>pienso que ser\u00e1 Florentino P\u00e9rez<\/strong>\u00bb, revela. <\/p>\n<ul class=\"v-cmp-rld__u\">\n<li class=\"v-cmp-rld__l\">\n<p><a class=\"v-a-lnk\" href=\"http:\/\/www.abc.es\/deportes\/real-madrid\/juanma-castano-convencido-pasar-elecciones-real-madrid-20260603081530-nt.html#vtm_modulosEngag=noticiasrelacionadas-cmp-uno:deportes:noticia:1\" title=\"Juanma Casta\u00f1o, convencido de lo que va a pasar en las elecciones del Real Madrid\" data-voc-vtm-id=\"in-text-traffic\" rel=\"nofollow noopener\" target=\"_blank\"><br \/>\n<img decoding=\"async\" loading=\"lazy\" src=\"https:\/\/www.europesays.com\/es\/wp-content\/uploads\/2026\/06\/flor-k4p--366x256@diario_abc.jpg\" class=\"v-a-img\" width=\"258\" height=\"180\" alt=\"Juanma Casta\u00f1o, convencido de lo que va a pasar en las elecciones del Real Madrid\"\/><br \/>\n<\/a><\/p>\n<\/li>\n<\/ul>\n<p class=\"v-d-p\" style=\"\">Esta tecnolog\u00eda considera que el actual presidente conseguir\u00e1 la victoria \u00abno porque Riquelme no tenga proyecto o dinero, sino por c\u00f3mo funciona el club\u00bb.<\/p>\n<p class=\"v-d-p\" style=\"\">La IA aclara sus palabras: \u00abEl equipo est\u00e1 en un momento deportivo y econ\u00f3mico fuerte. Eso suele favorecer al dirigente en ejercicio. Adem\u00e1s, los cambios solo entran cuando hay una crisis grande o un desgaste y ahora mismo no se ve eso\u00bb.<\/p>\n<p class=\"v-d-p\" style=\"\">Desde su punto de vista, Riquelme presenta una alternativa \u00abinteresante y ambiciosa\u00bb, pero \u00abes el nuevo\u00bb. \u00abFlorentino ya ha demostrado que gana y sabe gestionar el club a ese nivel\u00bb, sostiene.<\/p>\n<p class=\"v-d-p\" style=\"\">\u00abPor todo ello, mi apuesta personal: Florentino gana y, probablemente, con margen c\u00f3modo\u00bb, concluye la inteligencia artificial.<\/p>\n","protected":false},"excerpt":{"rendered":"04\/06\/2026 Actualizado a las 14:22h. Este domingo 7 de junio se celebran las elecciones del Real Madrid. Se&hellip;\n","protected":false},"author":2,"featured_media":587987,"comment_status":"","ping_status":"","sticky":false,"template":"","format":"standard","meta":{"footnotes":""},"categories":[268],"tags":[5099,3463,4170,168,4374,12096,25,24,13335,280,282,5138,699,7446,6752,205,738,798,2763,5153,281,23,167],"class_list":["post-587986","post","type-post","status-publish","format-standard","has-post-thumbnail","category-futbol","tag-artificial","tag-cambios","tag-crisis","tag-deportes","tag-elecciones","tag-enrique","tag-es","tag-espana","tag-florentino","tag-football","tag-futbol","tag-ganador","tag-grande","tag-inteligencia","tag-llegan","tag-madrid","tag-perez","tag-real","tag-riquelme","tag-segun","tag-soccer","tag-spain","tag-sports"],"share_on_mastodon":{"url":"https:\/\/pubeurope.com\/@es\/116692200683004487","error":""},"_links":{"self":[{"href":"https:\/\/www.europesays.com\/es\/wp-json\/wp\/v2\/posts\/587986","targetHints":{"allow":["GET"]}}],"collection":[{"href":"https:\/\/www.europesays.com\/es\/wp-json\/wp\/v2\/posts"}],"about":[{"href":"https:\/\/www.europesays.com\/es\/wp-json\/wp\/v2\/types\/post"}],"author":[{"embeddable":true,"href":"https:\/\/www.europesays.com\/es\/wp-json\/wp\/v2\/users\/2"}],"replies":[{"embeddable":true,"href":"https:\/\/www.europesays.com\/es\/wp-json\/wp\/v2\/comments?post=587986"}],"version-history":[{"count":0,"href":"https:\/\/www.europesays.com\/es\/wp-json\/wp\/v2\/posts\/587986\/revisions"}],"wp:featuredmedia":[{"embeddable":true,"href":"https:\/\/www.europesays.com\/es\/wp-json\/wp\/v2\/media\/587987"}],"wp:attachment":[{"href":"https:\/\/www.europesays.com\/es\/wp-json\/wp\/v2\/media?parent=587986"}],"wp:term":[{"taxonomy":"category","embeddable":true,"href":"https:\/\/www.europesays.com\/es\/wp-json\/wp\/v2\/categories?post=587986"},{"taxonomy":"post_tag","embeddable":true,"href":"https:\/\/www.europesays.com\/es\/wp-json\/wp\/v2\/tags?post=587986"}],"curies":[{"name":"wp","href":"https:\/\/api.w.org\/{rel}","templated":true}]}}