{"id":588076,"date":"2026-06-04T15:05:30","date_gmt":"2026-06-04T15:05:30","guid":{"rendered":"https:\/\/www.europesays.com\/es\/588076\/"},"modified":"2026-06-04T15:05:30","modified_gmt":"2026-06-04T15:05:30","slug":"alex-corretja-adelanta-la-decision-clave-en-la-carrera-de-rafa-jodar-en-un-mundo-tan-profesionalizado-tener-alguien-en-quien-confias-sera-importante","status":"publish","type":"post","link":"https:\/\/www.europesays.com\/es\/588076\/","title":{"rendered":"\u00c1lex Corretja adelanta la decisi\u00f3n clave en la carrera de Rafa J\u00f3dar: \u00abEn un mundo tan profesionalizado tener alguien en quien conf\u00edas ser\u00e1 importante\u00bb"},"content":{"rendered":"<p><img decoding=\"async\" class=\"v-ath__i\" loading=\"lazy\" src=\"https:\/\/www.europesays.com\/es\/wp-content\/uploads\/2026\/05\/autor-7263-foto-1.jpeg\" alt=\"Daniel Dom\u00ednguez\"\/><\/p>\n<p>02\/06\/2026 a las 20:06h.<\/p>\n<p class=\"v-d-p\" style=\"\">Rafa J\u00f3dar <strong>se volvi\u00f3 a quedar en la barrera de los cuartos<\/strong>. Sinner le ape\u00f3 a esas alturas del Mutua Madrid Open, Darderi hizo lo propio contra el madrile\u00f1o en el Masters 1000 de Roma y en el cierre de la gira de tierra batida, en <strong>Roland Garros<\/strong>, &#8216;Sascha&#8217; Zverev <a href=\"https:\/\/www.abc.es\/deportes\/tenis\/jodar-cae-ante-zverev-superior-aprendizaje-continua-20260602171829-nt.html\" title=\"www.abc.es\" data-voc-vtm-id=\"in-text-traffic\" data-mrf-link=\"www.abc.es\" rel=\"nofollow noopener\" target=\"_blank\">se deshizo de J\u00f3dar en tres sets<\/a>.<\/p>\n<p class=\"v-d-p\" style=\"\">J\u00f3dar est\u00e1 cerca, pero todav\u00eda hay una diferencia evidente entre los principales tenistas del circuito y el joven jugador de Legan\u00e9s de 19 a\u00f1os reci\u00e9n llegado al tenis profesional en este a\u00f1o.<\/p>\n<p class=\"v-d-p\" style=\"\">M\u00e1s all\u00e1 de su irrupci\u00f3n y su salto en el ranking y en la Race (<strong>al borde del top-10 si se tiene en cuenta solamente este 2026<\/strong>), ha llamado especialmente la atenci\u00f3n la configuraci\u00f3n de su banquillo.<\/p>\n<ul class=\"v-cmp-rld__u\">\n<li class=\"v-cmp-rld__l\">\n<p><a class=\"v-a-lnk\" href=\"http:\/\/www.abc.es\/deportes\/tenis\/padre-rafa-jodar-figura-entrenador-hombre-orquesta-20260429120000-nt.html#vtm_modulosEngag=noticiasrelacionadas-cmp-uno:deportes:noticia:1\" title=\"Qui\u00e9n es el padre de Rafa J\u00f3dar, la figura que hace de hombre orquesta de la joven promesa espa\u00f1ola\" data-voc-vtm-id=\"in-text-traffic\" rel=\"nofollow noopener\" target=\"_blank\"><br \/>\n<img decoding=\"async\" loading=\"lazy\" src=\"https:\/\/www.europesays.com\/es\/wp-content\/uploads\/2026\/04\/padre-rafa-jodar-k0G--366x256@diario_abc.jpg\" class=\"v-a-img\" width=\"258\" height=\"180\" alt=\"Qui\u00e9n es el padre de Rafa J\u00f3dar, la figura que hace de hombre orquesta de la joven promesa espa\u00f1ola\"\/><br \/>\n<\/a><\/p>\n<\/li>\n<\/ul>\n<p class=\"v-d-p\" style=\"\">Su <a href=\"https:\/\/www.abc.es\/deportes\/tenis\/padre-rafa-jodar-figura-entrenador-hombre-orquesta-20260429120000-nt.html\" title=\"www.abc.es\" data-voc-vtm-id=\"in-text-traffic\" data-mrf-link=\"www.abc.es\" rel=\"nofollow noopener\" target=\"_blank\">padre<\/a>, tambi\u00e9n Rafael J\u00f3dar, es el <strong>\u00fanico fijo en el banquillo<\/strong> del madrile\u00f1o. Nadie m\u00e1s le est\u00e1 acompa\u00f1ando en los torneos, con las contadas excepciones de m\u00e9dicos de la Federaci\u00f3n (a \u00c1ngel Ruiz Cotorro, jefe de los servicios m\u00e9dicos de la RFET, se le vio en su palco en Madrid, o a Ignacio P\u00e9rez Buend\u00eda, tambi\u00e9n perteneciente a la RFET, en su partido de despedida en Par\u00eds).<\/p>\n<p class=\"v-d-p\" style=\"\">Una imagen, sin duda, comentada por muchos y que aviva el debate sobre <strong>si se requiere un amplio equipo de trabajo<\/strong> para alcanzar la \u00e9lite del tenis. \u00c1lex Corretja se pronunci\u00f3 en &#8216;Eurosport&#8217; al respecto.<\/p>\n<p>\nUn mundo tan profesionalizado\n<\/p>\n<p class=\"v-d-p\" style=\"\">El extenista, que aplaudi\u00f3 el rendimiento de J\u00f3dar en su primer Roland Garros, donde solo ha sido eliminado por el cabeza de serie m\u00e1s alto de su lado del cuadro, coment\u00f3 una de las decisiones que tendr\u00e1 que tomar Rafa J\u00f3dar en un futuro no muy lejano: de qui\u00e9n se va a rodear.<\/p>\n<p class=\"v-d-p\" style=\"\">\u00abAdmiraci\u00f3n m\u00e1xima por los dos Rafa J\u00f3dar. Uno por c\u00f3mo lo est\u00e1 haciendo en pista y otro por c\u00f3mo lo est\u00e1 haciendo fuera de ella. Veremos cu\u00e1les son sus pr\u00f3ximos pasos en los pr\u00f3ximos meses, porque no hay duda que a medida que vas creciendo en el circuito vas necesitando m\u00e1s apoyo. <strong>Hasta ahora me parece que ha sido lo normal<\/strong>, y despu\u00e9s el padre y el hijo decidir\u00e1n\u00bb, asegur\u00f3 \u00c1lex Corretja en &#8216;Eurosport&#8217; durante la narraci\u00f3n del partido entre J\u00f3dar y el alem\u00e1n Alexander Zverev.<\/p>\n<p class=\"v-a-t\">\n\u00abNo hay duda que a medida que vas creciendo en el circuito vas necesitando m\u00e1s apoyo\u00bb\n<\/p>\n<p class=\"v-d-p\" style=\"\">No obstante, entiende Corretja, ser\u00e1 \u00abimportante\u00bb que los J\u00f3dar vayan incorporando personas a su equipo de trabajo. \u00ab<strong>Tiene much\u00edsimo m\u00e9rito hasta d\u00f3nde est\u00e1n llegando<\/strong>, pero en un mundo tan profesionalizado, en el que se necesitan tantas cosas, es que incluso para el padre abarcar todo ah\u00ed fuera es dificil\u00edsimo. Tener alguien en quien t\u00fa conf\u00edas tambi\u00e9n ser\u00e1 importante\u00bb.<\/p>\n<p class=\"v-d-p\" style=\"\">Aun as\u00ed, Corretja no puede ocultar la admiraci\u00f3n con lo que est\u00e1n consiguiendo juntos en sus primeros meses como profesional. \u00abHasta el momento dejemos que disfruten de su camino, que lo est\u00e1n haciendo excelente los dos. Ellos ir\u00e1n viendo, como lo han hecho durante los \u00faltimos meses, qu\u00e9 es lo que van necesitando\u00bb.<\/p>\n","protected":false},"excerpt":{"rendered":"02\/06\/2026 a las 20:06h. Rafa J\u00f3dar se volvi\u00f3 a quedar en la barrera de los cuartos. Sinner le&hellip;\n","protected":false},"author":2,"featured_media":588077,"comment_status":"","ping_status":"","sticky":false,"template":"","format":"standard","meta":{"footnotes":""},"categories":[274],"tags":[2865,20948,12395,4860,12554,111484,2866,2347,168,25,24,908,23438,3013,111483,12830,23,167,9162,327,326],"class_list":["post-588076","post","type-post","status-publish","format-standard","has-post-thumbnail","category-tenis","tag-alex","tag-alguien","tag-anticipa","tag-carrera","tag-clave","tag-confias","tag-corretja","tag-decision","tag-deportes","tag-es","tag-espana","tag-importante","tag-jodar","tag-mundo","tag-profesionalizado","tag-rafa","tag-spain","tag-sports","tag-tener","tag-tenis","tag-tennis"],"share_on_mastodon":{"url":"https:\/\/pubeurope.com\/@es\/116692460476233249","error":""},"_links":{"self":[{"href":"https:\/\/www.europesays.com\/es\/wp-json\/wp\/v2\/posts\/588076","targetHints":{"allow":["GET"]}}],"collection":[{"href":"https:\/\/www.europesays.com\/es\/wp-json\/wp\/v2\/posts"}],"about":[{"href":"https:\/\/www.europesays.com\/es\/wp-json\/wp\/v2\/types\/post"}],"author":[{"embeddable":true,"href":"https:\/\/www.europesays.com\/es\/wp-json\/wp\/v2\/users\/2"}],"replies":[{"embeddable":true,"href":"https:\/\/www.europesays.com\/es\/wp-json\/wp\/v2\/comments?post=588076"}],"version-history":[{"count":0,"href":"https:\/\/www.europesays.com\/es\/wp-json\/wp\/v2\/posts\/588076\/revisions"}],"wp:featuredmedia":[{"embeddable":true,"href":"https:\/\/www.europesays.com\/es\/wp-json\/wp\/v2\/media\/588077"}],"wp:attachment":[{"href":"https:\/\/www.europesays.com\/es\/wp-json\/wp\/v2\/media?parent=588076"}],"wp:term":[{"taxonomy":"category","embeddable":true,"href":"https:\/\/www.europesays.com\/es\/wp-json\/wp\/v2\/categories?post=588076"},{"taxonomy":"post_tag","embeddable":true,"href":"https:\/\/www.europesays.com\/es\/wp-json\/wp\/v2\/tags?post=588076"}],"curies":[{"name":"wp","href":"https:\/\/api.w.org\/{rel}","templated":true}]}}