{"id":588080,"date":"2026-06-04T15:08:15","date_gmt":"2026-06-04T15:08:15","guid":{"rendered":"https:\/\/www.europesays.com\/es\/588080\/"},"modified":"2026-06-04T15:08:15","modified_gmt":"2026-06-04T15:08:15","slug":"las-dos-estrellas-del-barca-de-basket-que-haran-las-maletas-siete-millones-de-salario-para-nuevos-fichajes","status":"publish","type":"post","link":"https:\/\/www.europesays.com\/es\/588080\/","title":{"rendered":"Las dos estrellas del Bar\u00e7a de basket que har\u00e1n las maletas: siete millones de salario para nuevos fichajes"},"content":{"rendered":"<p>                <a href=\"https:\/\/cronicaglobal.elespanol.com\/culemania\/secciones\/\" class=\"kicker--section\" rel=\"nofollow noopener\" target=\"_blank\">Secciones<\/a><\/p>\n<p>\n    El club azulgrana confecciona la plantilla de la temporada 2026-27, pese a que todav\u00eda no se ha elegido un sustituto para Xavi Pascual\n<\/p>\n<p>    Noticias relacionadas<\/p>\n<p class=\"paragraph\" id=\"paragraph_1\">El <a data-forcefollow=\"false\" data-sponsored=\"false\" href=\"https:\/\/cronicaglobal.elespanol.com\/culemania\/secciones\/20260603\/obradovic-spanoulis-barca-xavi-pascual-banquillo-palau\/1003742767094_0.html?utm_cmp_rs=linksinline\" target=\"_blank\" rel=\"nofollow noopener\"><strong>Bar\u00e7a de basket<\/strong><\/a> agota sus objetivos en la <strong>Liga ACB<\/strong> con el playoff hacia el t\u00edtulo. El \u00faltimo baile de <strong>Xavi Pascual <\/strong>comenz\u00f3 mejor de lo esperado. Despu\u00e9s de recibir un severo correctivo en el Palau Blaugrana a manos del<strong> <\/strong><a data-forcefollow=\"false\" data-sponsored=\"false\" href=\"https:\/\/cronicaglobal.elespanol.com\/culemania\/secciones\/20260531\/barca-ridiculo-espantoso-polemico-xavi-pascual-palau\/1003742766268_0.html?utm_cmp_rs=linksinline\" target=\"_blank\" rel=\"nofollow noopener\"><strong>Valencia Basket<\/strong><\/a> (<strong>77-102<\/strong>), el equipo azulgrana se levant\u00f3 de la lona para sumar la primera victoria de los cuartos ante el <a data-forcefollow=\"false\" data-sponsored=\"false\" href=\"https:\/\/cronicaglobal.elespanol.com\/culemania\/secciones\/20260602\/suplente-kevin-punter-senalado-barca-resurreccion-playoff\/1003742766984_0.html?utm_cmp_rs=linksinline\" target=\"_blank\" rel=\"nofollow noopener\"><strong>UCAM Murcia<\/strong><\/a> en una serie a tres partidos (<strong>68-91<\/strong>).<\/p>\n<p class=\"paragraph\" id=\"paragraph_2\">En el mercado de fichajes, la direcci\u00f3n deportiva ha cerrado las llegadas de Mike James, Olivier Nkamhoua y los p\u00edvots Moses Wright y Josh Nebo. La secci\u00f3n se prepara para la despedida de una estrella se\u00f1alado y de uno de los cracks m\u00e1s respetados del vestuario. Se trata de <strong>Willy Hernang\u00f3mez<\/strong> y <strong>Nicol\u00e1s Laprovittola<\/strong>, cuyos salarios suman alrededor de <strong>7 millones de euros brutos anuales<\/strong>.<\/p>\n<p class=\"paragraph\" id=\"paragraph_3\">La entidad catalana liberar\u00e1 su contrato franquicia, de <strong>4,5 millones de euros <\/strong>en la \u00faltima campa\u00f1a. El m\u00e1nager <strong>Juan Carlos Navarro<\/strong>, fulminado de cara a la temporada 2026-27, trat\u00f3 de llegar a un acuerdo con el p\u00edvot madrile\u00f1o para la rescisi\u00f3n de su contrato en 2026. Finalmente, se marchar\u00eda como agente libre al Baskonia, como informan varios medios.<\/p>\n<p><img decoding=\"async\" alt=\"Willy Hernang\u00f3mez, contra el Joventut\" data-imgm=\"true\" height=\"180\" loading=\"lazy\"  src=\"https:\/\/www.europesays.com\/es\/wp-content\/uploads\/2026\/06\/1003742741863_15896384_1024x576.jpg\"  width=\"320\"\/><\/p>\n<p>                                                            Willy Hernang\u00f3mez, contra el Joventut<\/p>\n<p>                    EFE<\/p>\n<p class=\"paragraph\" id=\"paragraph_4\">El equipo vitoriano necesitar\u00e1 un interior para suplir a <strong>Mamadi Diakit\u00e9<\/strong>, que emprender\u00e1 el camino rumbo al Dubai Basketball. Curiosamente, el posible sustituto de Navarro en el Palau, Xevi Pujol, podr\u00eda llevarse a Willy hacia el Fernando Buesa Arena antes de desembarcar en la capital catalana. El mediano de los hermanos Hernang\u00f3mez ha firmado <strong>5,6 puntos y 3,8 rebotes <\/strong>por partido en la Euroliga 2025-26 y <strong>8,7 puntos y 4,2 capturas<\/strong> por encuentro en la Liga ACB, unos registros alejados de su cach\u00e9 de estrella que lidera la escala salarial.<\/p>\n<p class=\"paragraph\" id=\"paragraph_5\">Por su parte, Lapro planea quedarse en Barcelona y seguir\u00eda los pasos de otros cracks como Ante Tomic y Adam Hanga, que han dado unos \u00faltimos a\u00f1os a un nivel m\u00e1s que notable en el <strong>Joventut de Badalona<\/strong>. Las lesiones han martirizado al base argentino en los dos \u00faltimos cursos, desde que se rompiera el ligamento cruzado anterior de la rodilla derecha. Su ficha <strong>superaba los 2 millones<\/strong> por temporada.<\/p>\n<p><img decoding=\"async\" alt=\"Nico Laprovittola dirige el ataque frente al Manresa\" data-imgm=\"true\" height=\"180\" loading=\"lazy\"  src=\"https:\/\/www.europesays.com\/es\/wp-content\/uploads\/2026\/06\/1003742732886_15721082_1024x576.jpg\"  width=\"320\"\/><\/p>\n<p>                                                            Nico Laprovittola dirige el ataque frente al Manresa<\/p>\n<p>                    FCB<\/p>\n<p class=\"paragraph\" id=\"paragraph_6\">Tras cinco campa\u00f1as vestido de azulgrana, el director de juego de <strong>36 a\u00f1os <\/strong>volver\u00eda al lugar donde despleg\u00f3 su mejor baloncesto como MVP de la Liga ACB en 2019. Esta \u00faltima campa\u00f1a de contrato, castigado por numerosas dolencias musculares, ha anotado 8 puntos y ha entregado 3,8 asistencias por partido en competici\u00f3n europea, mientras que ha encestado otros 10,7 puntos y ha repartido 3,4 asistencias en el campeonato dom\u00e9stico.<\/p>\n","protected":false},"excerpt":{"rendered":"Secciones El club azulgrana confecciona la plantilla de la temporada 2026-27, pese a que todav\u00eda no se ha&hellip;\n","protected":false},"author":2,"featured_media":588081,"comment_status":"","ping_status":"","sticky":false,"template":"","format":"standard","meta":{"footnotes":""},"categories":[269],"tags":[299,298,168,25,24,4469,4470,23,167,5943],"class_list":["post-588080","post","type-post","status-publish","format-standard","has-post-thumbnail","category-baloncesto","tag-baloncesto","tag-basketball","tag-deportes","tag-es","tag-espana","tag-fcb-basket","tag-secciones","tag-spain","tag-sports","tag-willy-hernangomez"],"share_on_mastodon":{"url":"https:\/\/pubeurope.com\/@es\/116692472209307667","error":""},"_links":{"self":[{"href":"https:\/\/www.europesays.com\/es\/wp-json\/wp\/v2\/posts\/588080","targetHints":{"allow":["GET"]}}],"collection":[{"href":"https:\/\/www.europesays.com\/es\/wp-json\/wp\/v2\/posts"}],"about":[{"href":"https:\/\/www.europesays.com\/es\/wp-json\/wp\/v2\/types\/post"}],"author":[{"embeddable":true,"href":"https:\/\/www.europesays.com\/es\/wp-json\/wp\/v2\/users\/2"}],"replies":[{"embeddable":true,"href":"https:\/\/www.europesays.com\/es\/wp-json\/wp\/v2\/comments?post=588080"}],"version-history":[{"count":0,"href":"https:\/\/www.europesays.com\/es\/wp-json\/wp\/v2\/posts\/588080\/revisions"}],"wp:featuredmedia":[{"embeddable":true,"href":"https:\/\/www.europesays.com\/es\/wp-json\/wp\/v2\/media\/588081"}],"wp:attachment":[{"href":"https:\/\/www.europesays.com\/es\/wp-json\/wp\/v2\/media?parent=588080"}],"wp:term":[{"taxonomy":"category","embeddable":true,"href":"https:\/\/www.europesays.com\/es\/wp-json\/wp\/v2\/categories?post=588080"},{"taxonomy":"post_tag","embeddable":true,"href":"https:\/\/www.europesays.com\/es\/wp-json\/wp\/v2\/tags?post=588080"}],"curies":[{"name":"wp","href":"https:\/\/api.w.org\/{rel}","templated":true}]}}