{"id":588236,"date":"2026-06-04T17:10:20","date_gmt":"2026-06-04T17:10:20","guid":{"rendered":"https:\/\/www.europesays.com\/es\/588236\/"},"modified":"2026-06-04T17:10:20","modified_gmt":"2026-06-04T17:10:20","slug":"un-reconocido-periodista-primer-invitado-de-joseba-arguinano-en-su-nuevo-programa","status":"publish","type":"post","link":"https:\/\/www.europesays.com\/es\/588236\/","title":{"rendered":"Un reconocido periodista, primer invitado de Joseba Argui\u00f1ano en su nuevo programa"},"content":{"rendered":"<p>\n        <a href=\"https:\/\/www.noticiasdealava.eus\/tags\/joseba-arguinano\/\" title=\"Joseba Argui\u00f1ano\" class=\"link copy\" rel=\"nofollow noopener\" target=\"_blank\"><strong>Joseba Argui\u00f1ano<\/strong><\/a><strong> se pondr\u00e1 este viernes al frente de &#8216;Cocina Abierto&#8217;, el programa de su padre, Karlos Argui\u00f1ano.<\/strong>\n<\/p>\n<p class=\"article-body__text \">\n        <strong>El joven vasco coger\u00e1 el testigo de su padre y presentar\u00e1 el programa cada viernes, tal y como anunci\u00f3 recientemente <\/strong><a href=\"https:\/\/www.noticiasdealava.eus\/tags\/atresmedia\/\" title=\"Atresmedia\" class=\"link copy\" rel=\"nofollow noopener\" target=\"_blank\"><strong>Atresmedia<\/strong><\/a><strong>.<\/strong>\n<\/p>\n<p class=\"article-body__text \">\n        Asimismo, <strong>el programa contar\u00e1 cada viernes con un invitado de excepci\u00f3n, <\/strong>y, tal y como ha anunciado Joseba en sus redes,<strong> el primer invitado en su cocina ser\u00e1 <\/strong><a href=\"https:\/\/www.noticiasdealava.eus\/tags\/inaki-lopez\/\" title=\"I\u00f1aki L\u00f3pez.\" class=\"link copy\" rel=\"nofollow noopener\" target=\"_blank\"><strong>I\u00f1aki L\u00f3pez.<\/strong><\/a>\n<\/p>\n<p class=\"article-photo__footer\">\n            I\u00f1aki L\u00f3pez, primer invitado de &#8216;Cocina Abierta&#8217;            @josebaarguinano        <\/p>\n<p>  Cambios en &#8216;Cocina Abierta&#8217;<\/p>\n<p class=\"article-body__text \">\n        <a href=\"https:\/\/www.noticiasdegipuzkoa.eus\/tags\/joseba-arguinano\/\" title=\"Joseba Argui\u00f1ano\" class=\"link copy\" rel=\"nofollow noopener\" target=\"_blank\"><strong>Joseba Argui\u00f1ano<\/strong><\/a><strong>\u00a0se pondr\u00e1 al frente de &#8216;Cocina Abierta&#8217; a partir del pr\u00f3ximo 5 de junio.<\/strong>\n<\/p>\n<p class=\"article-body__text \">\n        Tal y como public\u00f3 este diario hace dos semanas,\u00a0<a href=\"https:\/\/www.noticiasdegipuzkoa.eus\/vivir\/television\/2026\/05\/20\/giro-inesperado-atresmedia-karlos-arguinano-cede-programa-hijo-11093012.html\" title=\"el chef guipuzcoano ocupar\u00e1 el lugar de su padre en su programa cada viernes\" class=\"link copy\" rel=\"nofollow noopener\" target=\"_blank\">el chef guipuzcoano ocupar\u00e1 el lugar de su padre en su programa cada viernes<\/a>.\n<\/p>\n<p>            <a href=\"https:\/\/www.noticiasdealava.eus\/gente\/2026\/06\/03\/joseba-arguinano-sustituira-padre-antena-3-contar-11150441.html\" title=\"Joseba Argui\u00f1ano sustituir\u00e1 a su padre en Antena 3: &quot;Por fin puedo contar esto&quot;\" class=\"new__media\" rel=\"nofollow noopener\" target=\"_blank\"><\/p>\n<p>                <img alt=\"Joseba Argui\u00f1ano sustituir\u00e1 a su padre en Antena 3: &quot;Por fin puedo contar esto&quot;\" data-src=\"https:\/\/www.europesays.com\/es\/wp-content\/uploads\/2026\/06\/1780530216_ed3723a6-96f9-4d65-864c-e33b7e23afc6_16-9-aspect-ratio_default_0.jpg\" class=\"lozad\"\/><\/p>\n<p>        <\/a><\/p>\n<p>        <a href=\"https:\/\/www.noticiasdealava.eus\/gente\/2026\/06\/03\/joseba-arguinano-sustituira-padre-antena-3-contar-11150441.html\" title=\"Joseba Argui\u00f1ano sustituir\u00e1 a su padre en Antena 3: &quot;Por fin puedo contar esto&quot;\" class=\"new__headline\" rel=\"nofollow noopener\" target=\"_blank\"><br \/>\n            Joseba Argui\u00f1ano sustituir\u00e1 a su padre en Antena 3: \u00abPor fin puedo contar esto\u00bb<br \/>\n        <\/a><\/p>\n<p class=\"article-body__text \">\n        Tras 40 a\u00f1os de carrera como presentador de televisi\u00f3n,\u00a0<a href=\"https:\/\/www.noticiasdegipuzkoa.eus\/tags\/karlos-arguinano\/\" title=\"Karlos Argui\u00f1ano\" class=\"link copy\" rel=\"nofollow noopener\" target=\"_blank\"><strong>Karlos Argui\u00f1ano<\/strong><\/a><strong>\u00a0se apartar\u00e1 de su programa &#8216;Cocina abierta&#8217; los viernes para dejarle su puesto a Joseba Argui\u00f1ano. Aunque ya hab\u00eda sido publicado hace unas semanas, la cadena lo ha hecho oficial con un v\u00eddeo promocional compartido por el propio Joseba en Instagram.<\/strong>\n<\/p>\n<p class=\"article-body__text \">\n        <strong>\u00abArranca el verano con &#8216;Cocina Abierta&#8217; de Joseba Argui\u00f1ano. Invitados top, recetas de 10 y momentazos. \u00a1Ya ver\u00e9is!\u00bb,<\/strong>\u00a0se\u00f1ala.\n<\/p>\n<p>  Presentador titular<\/p>\n<p class=\"article-body__text \">\n        <a href=\"https:\/\/www.deia.eus\/tags\/atresmedia\/\" title=\"Atresmedia\" class=\"link copy\" rel=\"nofollow noopener\" target=\"_blank\">Atresmedia<\/a>\u00a0premia as\u00ed el carisma y buen hacer del chef,<strong>\u00a0ascendi\u00e9ndole a presentador titular de &#8216;Cocina Abierta&#8217; los viernes.<\/strong>\n<\/p>\n<p class=\"article-body__text \">\n        <strong>Joseba, que comenz\u00f3 a colaborar en &#8216;Cocina Abierta&#8217; en 2019, gana peso en la cadena de cara a una futura jubilaci\u00f3n de su padre. Todo apunta a que Atresmedia apuesta por el joven guipuzcoano para sustituir a su padre, de 77 a\u00f1os, cuando \u00e9ste decida retirarse del foco medi\u00e1tico.<\/strong>\n<\/p>\n<p class=\"article-body__text \">\n        A sus 41 a\u00f1os,<strong>\u00a0el chef presentar\u00e1 en solitario su primer programa en\u00a0<\/strong><a href=\"https:\/\/www.deia.eus\/tags\/antena-3\/\" title=\"Antena 3\" class=\"link copy\" rel=\"nofollow noopener\" target=\"_blank\"><strong>Antena 3<\/strong><\/a><strong>\u00a0tras consolidarse como todo un referente de la EITB con programas como\u00a0&#8216;Sukalerrian&#8217;.<\/strong>\n<\/p>\n<p>  Pasi\u00f3n por la cocina<\/p>\n<p class=\"article-body__text \">\n        <strong>Joseba Argui\u00f1ano\u00a0es una de los chefs m\u00e1s populares de la televisi\u00f3n vasca.<\/strong>\n<\/p>\n<p class=\"article-body__text \">\n        El hijo de<strong>\u00a0<\/strong><a href=\"https:\/\/www.noticiasdegipuzkoa.eus\/tags\/karlos-arguinano\/\" title=\"Karlos Argui\u00f1ano\" class=\"link copy\" rel=\"nofollow noopener\" target=\"_blank\"><strong>Karlos Argui\u00f1ano<\/strong><\/a><strong>\u00a0<\/strong>ha conseguido abrirse hueco en el mundo de la gastronom\u00eda, y\u00a0<strong>cada d\u00eda una audiencia fiel le acompa\u00f1a en su programa de ETB1\u00a0&#8216;Joseba Argui\u00f1ano Sukalerrian&#8217;.<\/strong>\n<\/p>\n<p class=\"article-body__text \">\n        Nacido en Zarautz en 1985,\u00a0<strong>es un destacado chef y repostero que ha sabido forjar su propio nombre dentro del mundo culinario. Joseba ha heredado la pasi\u00f3n de su aita por la cocina,\u00a0pero ha logrado destacar gracias a su estilo fresco, creativo y su enfoque innovador.<\/strong>\n<\/p>\n<p class=\"article-body__text \">\n        Su formaci\u00f3n comenz\u00f3 en la prestigiosa\u00a0<strong>Escuela de Hosteler\u00eda Aiala\u00a0de\u00a0<\/strong><a href=\"https:\/\/www.noticiasdegipuzkoa.eus\/tags\/zarautz\/\" title=\"Zarautz\" class=\"link copy\" rel=\"nofollow noopener\" target=\"_blank\"><strong>Zarautz<\/strong><\/a><strong>, dirigida por su padre, donde adquiri\u00f3 una\u00a0s\u00f3lida base t\u00e9cnica en cocina y reposter\u00eda.<\/strong>\n<\/p>\n<p class=\"article-body__text \">\n        Posteriormente,\u00a0<strong>ampli\u00f3 su experiencia trabajando en reconocidos restaurantes y obradores, lo que le permiti\u00f3 perfeccionar sus habilidades y desarrollar su particular visi\u00f3n de la gastronom\u00eda.<\/strong>\n<\/p>\n<p class=\"article-body__text \">\n        Especializado en reposter\u00eda,\u00a0<strong>Joseba ha conseguido combinar el respeto por las t\u00e9cnicas tradicionales con toques modernos y creativos. Su cocina destaca por el\u00a0uso de productos locales, de temporada y por una cuidada est\u00e9tica, donde los postres se convierten en peque\u00f1as obras de arte.<\/strong>\n<\/p>\n<p class=\"article-body__text \">\n        Actualmente, adem\u00e1s de ser una figura medi\u00e1tica,\u00a0<strong>lidera proyectos gastron\u00f3micos propios, consolid\u00e1ndose como uno de los chefs m\u00e1s prometedores del panorama culinario vasco.<\/strong>\n<\/p>\n<p class=\"article-body__text \">\n        Con su dedicaci\u00f3n, creatividad y compromiso con los ingredientes de calidad,\u00a0<strong>Joseba Argui\u00f1ano contin\u00faa el legado familiar, aportando su sello personal y manteniendo viva la esencia de la\u00a0cocina vasca.<\/strong>\n<\/p>\n<p>  Gran popularidad<\/p>\n<p class=\"article-body__text \">\n        Adem\u00e1s de su trabajo en los fogones,\u00a0<strong>Joseba Argui\u00f1ano\u00a0ha ganado popularidad gracias a su participaci\u00f3n en programas de televisi\u00f3n y colaboraciones en medios, donde demuestra su\u00a0car\u00e1cter cercano, espont\u00e1neo y su amor por la\u00a0<\/strong><a href=\"https:\/\/www.noticiasdegipuzkoa.eus\/tags\/gastronomia\/\" title=\"gastronom\u00eda\" class=\"link copy\" rel=\"nofollow noopener\" target=\"_blank\"><strong>gastronom\u00eda<\/strong><\/a><strong>.\u00a0<\/strong>\n<\/p>\n<p class=\"article-body__text \">\n        Su carisma y estilo natural lo han convertido en un\u00a0<strong>referente para las nuevas generaciones de cocineros y aficionados a la\u00a0<\/strong><a href=\"https:\/\/www.noticiasdegipuzkoa.eus\/tags\/cocina\/\" title=\"cocina.\" class=\"link copy\" rel=\"nofollow noopener\" target=\"_blank\"><strong>cocina.<\/strong><\/a>\n<\/p>\n<p class=\"article-photo__footer\">\n            Joseba Argui\u00f1ano en la presentaci\u00f3n de uno de sus libros            E.P.        <\/p>\n<p>  Sobre I\u00f1aki L\u00f3pez<\/p>\n<p class=\"article-body__text \">\n        <strong>I\u00f1aki L\u00f3pez, primer invitado de Joseba Argui\u00f1ano,\u00a0<\/strong><strong>es un conocido\u00a0<\/strong><strong>periodista y presentador nacido en el municipio vizca\u00edno de\u00a0<\/strong><a href=\"https:\/\/www.noticiasdegipuzkoa.eus\/tags\/portugalete\/\" title=\"Portugalete\" class=\"link copy\" rel=\"nofollow noopener\" target=\"_blank\"><strong>Portugalete<\/strong><\/a><strong>.<\/strong>\n<\/p>\n<p class=\"article-body__text \">\n        Comenz\u00f3 su carrera en el \u00e1mbito local,\u00a0<strong>trabajando para varias emisoras de\u00a0radio y televisi\u00f3n\u00a0de\u00a0<\/strong><a href=\"https:\/\/www.noticiasdegipuzkoa.eus\/tags\/euskadi\/\" title=\"Euskadi\" class=\"link copy\" rel=\"nofollow noopener\" target=\"_blank\"><strong>Euskadi<\/strong><\/a><strong>,<\/strong>\u00a0pero su gran oportunidad lleg\u00f3 en 2013, cuando se convirti\u00f3 en el<strong>\u00a0presentador de\u00a0&#8216;La Sexta Noche&#8217;<\/strong>, un programa de debate pol\u00edtico y actualidad. Durante su tiempo en este programa, destac\u00f3 por su\u00a0<strong>estilo directo y su habilidad para manejar debates\u00a0<\/strong>intensos y variados.\n<\/p>\n<p class=\"article-body__text \">\n        Asimismo,\u00a0<strong>I\u00f1aki L\u00f3pez<\/strong>\u00a0es valorado por su capacidad para\u00a0<strong>abordar temas complejos y\u00a0su talento para entrevistar a\u00a0figuras importantes del panorama pol\u00edtico y social.<\/strong>\u00a0\n<\/p>\n<p class=\"article-body__text \">\n        Adem\u00e1s de su trabajo en televisi\u00f3n, ha colaborado en diversos medios escritos y programas de radio. En 2021,<strong>\u00a0L\u00f3pez dio un nuevo paso en su carrera al incorporarse al programa\u00a0&#8216;M\u00e1s Vale Tarde&#8217;\u00a0en\u00a0La Sexta, donde contin\u00faa su labor de informar y analizar la actualidad junto a Cristina Pardo.<\/strong><\/p>\n","protected":false},"excerpt":{"rendered":"Joseba Argui\u00f1ano se pondr\u00e1 este viernes al frente de &#8216;Cocina Abierto&#8217;, el programa de su padre, Karlos Argui\u00f1ano.&hellip;\n","protected":false},"author":2,"featured_media":588237,"comment_status":"","ping_status":"","sticky":false,"template":"","format":"standard","meta":{"footnotes":""},"categories":[171],"tags":[49077,146,147,25,24,6616,10783,42903,7355,977,23,214],"class_list":["post-588236","post","type-post","status-publish","format-standard","has-post-thumbnail","category-tv","tag-arguinano","tag-entertainment","tag-entretenimiento","tag-es","tag-espana","tag-inaki","tag-invitado","tag-joseba","tag-lopez","tag-primer","tag-spain","tag-tv"],"share_on_mastodon":{"url":"https:\/\/pubeurope.com\/@es\/116692951229566263","error":""},"_links":{"self":[{"href":"https:\/\/www.europesays.com\/es\/wp-json\/wp\/v2\/posts\/588236","targetHints":{"allow":["GET"]}}],"collection":[{"href":"https:\/\/www.europesays.com\/es\/wp-json\/wp\/v2\/posts"}],"about":[{"href":"https:\/\/www.europesays.com\/es\/wp-json\/wp\/v2\/types\/post"}],"author":[{"embeddable":true,"href":"https:\/\/www.europesays.com\/es\/wp-json\/wp\/v2\/users\/2"}],"replies":[{"embeddable":true,"href":"https:\/\/www.europesays.com\/es\/wp-json\/wp\/v2\/comments?post=588236"}],"version-history":[{"count":0,"href":"https:\/\/www.europesays.com\/es\/wp-json\/wp\/v2\/posts\/588236\/revisions"}],"wp:featuredmedia":[{"embeddable":true,"href":"https:\/\/www.europesays.com\/es\/wp-json\/wp\/v2\/media\/588237"}],"wp:attachment":[{"href":"https:\/\/www.europesays.com\/es\/wp-json\/wp\/v2\/media?parent=588236"}],"wp:term":[{"taxonomy":"category","embeddable":true,"href":"https:\/\/www.europesays.com\/es\/wp-json\/wp\/v2\/categories?post=588236"},{"taxonomy":"post_tag","embeddable":true,"href":"https:\/\/www.europesays.com\/es\/wp-json\/wp\/v2\/tags?post=588236"}],"curies":[{"name":"wp","href":"https:\/\/api.w.org\/{rel}","templated":true}]}}