{"id":588531,"date":"2026-06-04T21:01:16","date_gmt":"2026-06-04T21:01:16","guid":{"rendered":"https:\/\/www.europesays.com\/es\/588531\/"},"modified":"2026-06-04T21:01:16","modified_gmt":"2026-06-04T21:01:16","slug":"listado-oficial-de-ciclistas-inscritos-en-el-tour-de-estonia-2026-dorsales-esciclismo","status":"publish","type":"post","link":"https:\/\/www.europesays.com\/es\/588531\/","title":{"rendered":"Listado oficial de ciclistas inscritos en el Tour de Estonia 2026 [Dorsales] &#8211; Esciclismo"},"content":{"rendered":"<ol>\n<li><a href=\"https:\/\/news.google.com\/rss\/articles\/CBMiakFVX3lxTFBJS1RpZkhEMnNyeFV3TVdiMGNsYloteUd4S3JKbzlEeGR1aDNJUGRSeGpMZFZJTXdRVDJYd1g0Wnh6RmJYN1BIN0hlSUFUMnBWd2JIY05ON0EyeWNOM2dFYjBpaDBoak80NkE?oc=5\" target=\"_blank\" rel=\"nofollow noopener\">Listado oficial de ciclistas inscritos en el Tour de Estonia 2026 [Dorsales]<\/a>&nbsp;&nbsp;Esciclismo<\/li>\n<li><a href=\"https:\/\/news.google.com\/rss\/articles\/CBMiZ0FVX3lxTE1VaG9aTUpSVHhGMWpFVy1uRUJzdUEzUHFWSXRaU2FkeS1fWnFMN3NQWjdnaG52ajJvSVRlRndjRnBXTW9WM01GMlRnOVVlZXk3R2dpRk5DTWtwVi1EWl9ianRwaERSWmc?oc=5\" target=\"_blank\" rel=\"nofollow noopener\">Pr\u00f3logo Tour Estonia: Pajur rompe el reloj de Tall\u00edn<\/a>&nbsp;&nbsp;Ciclo21<\/li>\n<li><a href=\"https:\/\/news.google.com\/rss\/articles\/CBMicEFVX3lxTE5PTW1ZclhlSHd6dVNGeEtjdzJhb0dTYi1XQnhhNWtlLU9zU1pzOFE5ckdxN0RGUkNsVzJyU2NEbGhwWF9oY2s0NzB6b0ZvYVNkek5FWGhZOGkyeHJva0h3cjlULUVMa3hxQ2NuRTJMTmU?oc=5\" target=\"_blank\" rel=\"nofollow noopener\">Tour Estonia: Recorrido y dorsales<\/a>&nbsp;&nbsp;Ciclo21<\/li>\n<li><a href=\"https:\/\/news.google.com\/rss\/articles\/CBMiakFVX3lxTE5BQjVZVWM0cUdURzd3TzhiSVo3Q3N2UmtQc096V2hDY3AtSWJaMzZtdkx2ZWI4N0Vac0FpaTI1VDZLNnFZS0s2akp3Q19kQTlhVGxHU3NwZWlNNmFsOThPYklQc2E1V0VzbUE?oc=5\" target=\"_blank\" rel=\"nofollow noopener\">El Tour de Estonia arrancar\u00e1 este jueves con un pr\u00f3logo en el vel\u00f3dromo de Pirita<\/a>&nbsp;&nbsp;Esciclismo<\/li>\n<li><a href=\"https:\/\/news.google.com\/rss\/articles\/CBMiakFVX3lxTE1PYWZjZGtQSVJ6dG03OGg3UGMzNnJnV2wtVHBTaUs4MEszTzlzY3RTWVNTZnJ2OENzSGRSSWdad0NZdGt4RV8zTXVtT3h3S0xIZldxc2dld0tvbHNBcHVXTFpVLUNYQU03LUE?oc=5\" target=\"_blank\" rel=\"nofollow noopener\">Romet Pajur vuela en el ef\u00edmero pr\u00f3logo del Tour de Estonia<\/a>&nbsp;&nbsp;Esciclismo<\/li>\n<\/ol>\n","protected":false},"excerpt":{"rendered":"Listado oficial de ciclistas inscritos en el Tour de Estonia 2026 [Dorsales]&nbsp;&nbsp;Esciclismo Pr\u00f3logo Tour Estonia: Pajur rompe el&hellip;\n","protected":false},"author":2,"featured_media":588532,"comment_status":"","ping_status":"","sticky":false,"template":"","format":"standard","meta":{"footnotes":""},"categories":[273],"tags":[6783,313,2838,312,1433,168,1376,11109,6440,25,24,7179,14552,7167,5824,5578,9201,11108,289,9251,57,23,167,316],"class_list":["post-588531","post","type-post","status-publish","format-standard","has-post-thumbnail","category-ciclismo","tag-calendario","tag-ciclismo","tag-ciclistas","tag-cycling","tag-definitivo","tag-deportes","tag-disputa","tag-dorsales","tag-equipos","tag-es","tag-espana","tag-este","tag-estonia","tag-etapas","tag-europeo","tag-inscritos","tag-junio","tag-listado","tag-oficial","tag-ronda","tag-sobre","tag-spain","tag-sports","tag-tour"],"share_on_mastodon":{"url":"https:\/\/pubeurope.com\/@es\/116693859462719315","error":""},"_links":{"self":[{"href":"https:\/\/www.europesays.com\/es\/wp-json\/wp\/v2\/posts\/588531","targetHints":{"allow":["GET"]}}],"collection":[{"href":"https:\/\/www.europesays.com\/es\/wp-json\/wp\/v2\/posts"}],"about":[{"href":"https:\/\/www.europesays.com\/es\/wp-json\/wp\/v2\/types\/post"}],"author":[{"embeddable":true,"href":"https:\/\/www.europesays.com\/es\/wp-json\/wp\/v2\/users\/2"}],"replies":[{"embeddable":true,"href":"https:\/\/www.europesays.com\/es\/wp-json\/wp\/v2\/comments?post=588531"}],"version-history":[{"count":0,"href":"https:\/\/www.europesays.com\/es\/wp-json\/wp\/v2\/posts\/588531\/revisions"}],"wp:featuredmedia":[{"embeddable":true,"href":"https:\/\/www.europesays.com\/es\/wp-json\/wp\/v2\/media\/588532"}],"wp:attachment":[{"href":"https:\/\/www.europesays.com\/es\/wp-json\/wp\/v2\/media?parent=588531"}],"wp:term":[{"taxonomy":"category","embeddable":true,"href":"https:\/\/www.europesays.com\/es\/wp-json\/wp\/v2\/categories?post=588531"},{"taxonomy":"post_tag","embeddable":true,"href":"https:\/\/www.europesays.com\/es\/wp-json\/wp\/v2\/tags?post=588531"}],"curies":[{"name":"wp","href":"https:\/\/api.w.org\/{rel}","templated":true}]}}