{"id":588543,"date":"2026-06-04T21:11:26","date_gmt":"2026-06-04T21:11:26","guid":{"rendered":"https:\/\/www.europesays.com\/es\/588543\/"},"modified":"2026-06-04T21:11:26","modified_gmt":"2026-06-04T21:11:26","slug":"ainoa-gomez-y-rocio-romano-renuevan-con-el-barca","status":"publish","type":"post","link":"https:\/\/www.europesays.com\/es\/588543\/","title":{"rendered":"Ainoa G\u00f3mez y Roc\u00edo Romano renuevan con el Bar\u00e7a"},"content":{"rendered":"<p class=\"ft-text\">El FC Barcelona sigue asegurando el futuro. Este jueves, el club ha hecho oficiales<strong> las renovaciones de Ainoa G\u00f3mez y Roc\u00edo Romano, dos de las futbolistas con m\u00e1s proyecci\u00f3n<\/strong> del filial azulgrana.<\/p>\n<p class=\"ft-text\">La primera en ampliar su contrato ha sido <a class=\"ft-link ft-link--decoration\" href=\"https:\/\/www.sport.es\/es\/noticias\/barca\/futbol-femenino\/ainoa-gomez-ve-ven-128727169\" rel=\"nofollow noopener\" target=\"_blank\">Ainoa G\u00f3mez, que seguir\u00e1 vinculada al Bar\u00e7a hasta 2029<\/a>. La centrocampista de Cerdanyola del Vall\u00e8s lleg\u00f3 al club en 2022 y esta pasada temporada dio un paso importante en su progresi\u00f3n al debutar con el primer equipo. <strong>Lo hizo el pasado mes de enero ante el Madrid CFF y, adem\u00e1s, logr\u00f3 estrenarse como goleadora en su primer partido con las de Pere Romeu.<\/strong><\/p>\n<p class=\"ft-text\"><strong>\u00abEstoy muy feliz y agradecida de continuar en el mejor equipo y club del mundo. Tengo muchas ganas de seguir trabajando con mucha ambici\u00f3n\u00bb<\/strong>, asegur\u00f3 la jugadora tras la firma. Ainoa tambi\u00e9n quiso agradecer el apoyo recibido durante su crecimiento: \u00abEstoy muy agradecida al staff del Bar\u00e7a B por todo el aprendizaje y tambi\u00e9n al del primer equipo por la oportunidad que me han dado de poder debutar. Es un privilegio poder entrenar con mis referentes\u00bb.<\/p>\n<p><img decoding=\"async\" src=\"https:\/\/www.europesays.com\/es\/wp-content\/uploads\/2026\/06\/9484c9e5-732f-4cd5-9ddb-7b3e8873e4f4_alta-libre-aspect-ratio_default_0_x600y225.jpg\" width=\"1200\" height=\"675\" alt=\"Ainoa G\u00f3mez (2029) y Roc\u00edo Romano (2028) han renovado con el Bar\u00e7a en un acto con Marc Viv\u00e9s y Jordi Ventura\" class=\"ft-helper-img-rd\" loading=\"lazy\" fetchpriority=\"auto\"\/><\/p>\n<p class=\"ft-helper-fontColor-quaternary ft-helper-fontSize-body-S ft-helper-spacer-t-xxs\">Ainoa G\u00f3mez (2029) y Roc\u00edo Romano (2028) han renovado con el Bar\u00e7a en un acto con Marc Viv\u00e9s y Jordi Ventura  \/ FCB<\/p>\n<p class=\"ft-text\">Por su parte, <a class=\"ft-link ft-link--decoration\" href=\"https:\/\/www.sport.es\/es\/noticias\/barca\/futbol-femenino\/perla-rocio-romano-futuro-porteria-128443671\" rel=\"nofollow noopener\" target=\"_blank\">Roc\u00edo Romano ha renovado su contrato hasta 2028.<\/a> La guardameta ha sido una de las porteras de referencia del Bar\u00e7a B esta temporada, disputando 16 partidos y dejando actuaciones destacadas bajo palos.<\/p>\n<p class=\"ft-text\"><strong>\u00abRenovar por el Bar\u00e7a es un orgullo, es el sue\u00f1o de cada ni\u00f1a. En la carta a los Reyes siempre ped\u00eda poder jugar en el Bar\u00e7a\u00bb<\/strong>, explic\u00f3 la portera. Romano tambi\u00e9n destac\u00f3 sus objetivos de futuro: \u00abQuiero seguir creciendo como profesional y como persona\u00bb. Sobre sus caracter\u00edsticas, a\u00f1adi\u00f3: <strong>\u00abSoy una jugadora con personalidad, con buen pie y me gusta ser una l\u00edder. Miro siempre el presente, poco a poco todo llega\u00bb.<\/strong><\/p>\n<p class=\"ft-text\">Los actos de firma de ambas renovaciones se celebraron en el palco del Estadi Johan Cruyff y contaron con la presencia de Marc Viv\u00e9s, director deportivo del f\u00fatbol femenino, y Jordi Ventura, coordinador del f\u00fatbol formativo<\/p>\n","protected":false},"excerpt":{"rendered":"El FC Barcelona sigue asegurando el futuro. Este jueves, el club ha hecho oficiales las renovaciones de Ainoa&hellip;\n","protected":false},"author":2,"featured_media":588544,"comment_status":"","ping_status":"","sticky":false,"template":"","format":"standard","meta":{"footnotes":""},"categories":[93],"tags":[98267,2296,210,168,25,24,4649,6077,1135,1418,96207,23,167],"class_list":["post-588543","post","type-post","status-publish","format-standard","has-post-thumbnail","category-deportes","tag-ainoa-gomez","tag-barca","tag-barcelona","tag-deportes","tag-es","tag-espana","tag-femenino","tag-filial","tag-renovacion","tag-renovaciones","tag-rocio-romano","tag-spain","tag-sports"],"share_on_mastodon":{"url":"https:\/\/pubeurope.com\/@es\/116693899497387175","error":""},"_links":{"self":[{"href":"https:\/\/www.europesays.com\/es\/wp-json\/wp\/v2\/posts\/588543","targetHints":{"allow":["GET"]}}],"collection":[{"href":"https:\/\/www.europesays.com\/es\/wp-json\/wp\/v2\/posts"}],"about":[{"href":"https:\/\/www.europesays.com\/es\/wp-json\/wp\/v2\/types\/post"}],"author":[{"embeddable":true,"href":"https:\/\/www.europesays.com\/es\/wp-json\/wp\/v2\/users\/2"}],"replies":[{"embeddable":true,"href":"https:\/\/www.europesays.com\/es\/wp-json\/wp\/v2\/comments?post=588543"}],"version-history":[{"count":0,"href":"https:\/\/www.europesays.com\/es\/wp-json\/wp\/v2\/posts\/588543\/revisions"}],"wp:featuredmedia":[{"embeddable":true,"href":"https:\/\/www.europesays.com\/es\/wp-json\/wp\/v2\/media\/588544"}],"wp:attachment":[{"href":"https:\/\/www.europesays.com\/es\/wp-json\/wp\/v2\/media?parent=588543"}],"wp:term":[{"taxonomy":"category","embeddable":true,"href":"https:\/\/www.europesays.com\/es\/wp-json\/wp\/v2\/categories?post=588543"},{"taxonomy":"post_tag","embeddable":true,"href":"https:\/\/www.europesays.com\/es\/wp-json\/wp\/v2\/tags?post=588543"}],"curies":[{"name":"wp","href":"https:\/\/api.w.org\/{rel}","templated":true}]}}