{"id":588703,"date":"2026-06-04T23:10:19","date_gmt":"2026-06-04T23:10:19","guid":{"rendered":"https:\/\/www.europesays.com\/es\/588703\/"},"modified":"2026-06-04T23:10:19","modified_gmt":"2026-06-04T23:10:19","slug":"nacho-abad-a-gritos-contra-pablo-fernandez-la-primera-solidaridad-es-con-espana-exige-la-dimision-del-presidente-exigela","status":"publish","type":"post","link":"https:\/\/www.europesays.com\/es\/588703\/","title":{"rendered":"Nacho Abad, a gritos contra Pablo Fern\u00e1ndez: \u00abLa primera solidaridad es con Espa\u00f1a, exige la dimisi\u00f3n del presidente, ex\u00edgela\u00bb"},"content":{"rendered":"<p class=\"article-text\">\n        <strong>Nacho Abad<\/strong> y <strong>Pablo Fern\u00e1ndez<\/strong> han protagonizado este jueves una fuerte discusi\u00f3n en el programa de Cuatro <strong>En boca de todos<\/strong> despu\u00e9s de que el portavoz de <strong>Podemos <\/strong>trasladara su apoyo a los periodistas de <strong>El Mundo<\/strong>.\n    <\/p>\n<p>    <a href=\"https:\/\/www.eldiario.es\/vertele\/noticias\/pablo-carbonell-desvela-imprudencia-wyoming-cambio-amistad-logico-acoplara_1_13276671.html\" data-mrf-recirculation=\"saber-mas\" data-dl-event=\"saber-mas\" rel=\"nofollow noopener\" target=\"_blank\"><\/p>\n<p class=\"know-more__title\">Pablo Carbonell desvela la \u00abimprudencia\u00bb de Wyoming que cambi\u00f3 para siempre su amistad: \u00abLo l\u00f3gico era que me acoplara\u00bb<\/p>\n<p>            <img decoding=\"async\" class=\"lazy\" loading=\"lazy\" data-src=\"https:\/\/static.eldiario.es\/clip\/7abe0376-4879-49ba-8754-7587561981ae_16-9-aspect-ratio_default_0.jpg\" src=\"data:image\/svg+xml,%3Csvg xmlns=\" http:=\"\" viewbox=\"0 0 880 495\" alt=\"Pablo Carbonell desvela la &quot;imprudencia&quot; de Wyoming que cambi\u00f3 para siempre su amistad: &quot;Lo l\u00f3gico era que me acoplara&quot;\"\/><\/p>\n<p>                        <\/a><\/p>\n<p class=\"article-text\">\n        Al presentador de Mediaset no le ha gustado que el pol\u00edtico, en pleno debate sobre los presuntos casos de corrupci\u00f3n que salpican al PSOE, aprovechara la presencia de <strong>Esteban Urreiztieta<\/strong> (subdirector de El Mundo) para solidarizarse con los reporteros del peri\u00f3dico que este 4 de junio han decidido no firmar sus informaciones para protestar por la congelaci\u00f3n salarial que sufren desde hace 15 a\u00f1os.\n    <\/p>\n<p class=\"article-text\">\n        Aunque primero ha aclarado que no \u201ccomparte la l\u00ednea\u201d editorial de dicho rotativo, Fern\u00e1ndez se ha <strong>\u201csolidarizado con los trabajadores de <\/strong><strong>El Mundo<\/strong><strong>, <\/strong><strong>Marca <\/strong><strong>y <\/strong><strong>Expansi\u00f3n<\/strong><strong>\u201d<\/strong> que est\u00e1n llevando a cabo esta \u201cprotesta porque llevan 15 a\u00f1os con los salarios congelados\u201d.\n    <\/p>\n<p class=\"article-text\">\n        <strong>\u201c\u00a1Pero qu\u00e9 necesidad, t\u00edo! Estamos hablando de corrupci\u00f3n y me cuelas esto. Es muy feo\u201d<\/strong>, le ha interrumpido Abad inmediatamente. \u201cTambi\u00e9n es feo no pagar a los trabajadores el salario adecuado\u201d, se defend\u00eda Fern\u00e1ndez mientras justificaba la necesidad de trasladar dicho mensaje a Urreiztieta por ser un cargo directivo que, posiblemente, \u201ctambi\u00e9n est\u00e1 sufriendo\u201d las condiciones econ\u00f3micas del peri\u00f3dico para el que trabaja.\n    <\/p>\n<p class=\"article-text\">\n        Pero al presentador de En boca de todos no le convenc\u00eda ninguno de estos argumentos. No ve\u00eda la necesidad de soltar esta \u201cleche\u201d al director de El Mundo mientras se hablaba sobre los esc\u00e1ndalos que afectan al PSOE.<strong> \u201cNo me vuelvas a hacer esto, te lo pido por favor (&#8230;) Lo que me acabas de hacer es una pu\u00f1alada por la espalda\u201d<\/strong>, insist\u00eda Nacho Abad sin ocultar su \u201cdecepci\u00f3n\u201d con Pablo Fern\u00e1ndez, por el que dec\u00eda sentir \u201cconfianza y amistad\u201d.\n    <\/p>\n<p class=\"article-text\">\n        Cuando parec\u00eda que el enfrentamiento hab\u00eda llegado a su fin, el portavoz de Podemos ha pedido al presentador que se solidarizase con los periodistas del peri\u00f3dico, algo que ha incrementado a\u00fan m\u00e1s el enfado de Abad.\n    <\/p>\n<p>    <a href=\"https:\/\/www.eldiario.es\/vertele\/noticias\/doctor-pedro-cavadas-operacion-africa-rtve-arranca-hito-humanitario-pago-deuda-honor-videos_1_13274576.html\" data-mrf-recirculation=\"saber-mas-abajo\" data-dl-event=\"saber-mas-abajo\" rel=\"nofollow noopener\" target=\"_blank\"><\/p>\n<p class=\"know-more__title\">El doctor Pedro Cavadas arranca su hito humanitario en la &#8216;Operaci\u00f3n \u00c1frica&#8217; de RTVE: \u201cAqu\u00ed pago mi deuda de honor\u201d<\/p>\n<p>            <img decoding=\"async\" class=\"lazy\" loading=\"lazy\" data-src=\"https:\/\/static.eldiario.es\/clip\/37f36e20-d2b3-4249-963b-5ba6f6d27f3e_16-9-aspect-ratio_default_0.jpg\" src=\"data:image\/svg+xml,%3Csvg xmlns=\" http:=\"\" viewbox=\"0 0 880 495\" alt=\"El doctor Pedro Cavadas arranca su hito humanitario en la 'Operaci\u00f3n \u00c1frica' de RTVE: &quot;Aqu\u00ed pago mi deuda de honor&quot;\"\/><\/p>\n<p>                        <\/a><\/p>\n<p class=\"article-text\">\n        \u201c\u00a1Solidaridad con todo el mundo, pero la primera solidaridad es con Espa\u00f1a!\u201d, le ha dicho a gritos. \u201cY por solidaridad con Espa\u00f1a, \u00a1exige la dimisi\u00f3n del presidente del Gobierno, ex\u00edgela! Exige la dimisi\u00f3n de Grande Marlaska, exige que la directora [de la Guardia Civil] y el DAO se vayan. Exige que la basura salga del Gobierno de Espa\u00f1a\u201d, continuaba pidi\u00e9ndole absolutamente indignado. \u201cExigir\u00e9 lo que crea que tenga que exigir\u201d, ha respondido Pablo Fern\u00e1ndez antes de que el presentador diera por terminado este intenso rifirrafe.\n    <\/p>\n<blockquote class=\"twitter-tweet\" data-lang=\"es\"><p><a href=\"https:\/\/twitter.com\/X\/status\/2062496512500789356?ref_src=twsrc%5Etfw\" rel=\"nofollow noopener\" target=\"_blank\"><\/p><\/blockquote>\n<p>                                        <script async src=\"https:\/\/platform.twitter.com\/widgets.js\" charset=\"utf-8\"><\/script><\/p>\n","protected":false},"excerpt":{"rendered":"Nacho Abad y Pablo Fern\u00e1ndez han protagonizado este jueves una fuerte discusi\u00f3n en el programa de Cuatro En&hellip;\n","protected":false},"author":2,"featured_media":588704,"comment_status":"","ping_status":"","sticky":false,"template":"","format":"standard","meta":{"footnotes":""},"categories":[91],"tags":[8974,9261,111564,9262,146,147,25,24,10994,11823,3300,618,23],"class_list":["post-588703","post","type-post","status-publish","format-standard","has-post-thumbnail","category-entretenimiento","tag-abad","tag-bronca","tag-el-mundo-urreiztieta","tag-en-boca-de-todos","tag-entertainment","tag-entretenimiento","tag-es","tag-espana","tag-fernandez","tag-gritos","tag-nacho","tag-pablo","tag-spain"],"share_on_mastodon":{"url":"https:\/\/pubeurope.com\/@es\/116694366789479641","error":""},"_links":{"self":[{"href":"https:\/\/www.europesays.com\/es\/wp-json\/wp\/v2\/posts\/588703","targetHints":{"allow":["GET"]}}],"collection":[{"href":"https:\/\/www.europesays.com\/es\/wp-json\/wp\/v2\/posts"}],"about":[{"href":"https:\/\/www.europesays.com\/es\/wp-json\/wp\/v2\/types\/post"}],"author":[{"embeddable":true,"href":"https:\/\/www.europesays.com\/es\/wp-json\/wp\/v2\/users\/2"}],"replies":[{"embeddable":true,"href":"https:\/\/www.europesays.com\/es\/wp-json\/wp\/v2\/comments?post=588703"}],"version-history":[{"count":0,"href":"https:\/\/www.europesays.com\/es\/wp-json\/wp\/v2\/posts\/588703\/revisions"}],"wp:featuredmedia":[{"embeddable":true,"href":"https:\/\/www.europesays.com\/es\/wp-json\/wp\/v2\/media\/588704"}],"wp:attachment":[{"href":"https:\/\/www.europesays.com\/es\/wp-json\/wp\/v2\/media?parent=588703"}],"wp:term":[{"taxonomy":"category","embeddable":true,"href":"https:\/\/www.europesays.com\/es\/wp-json\/wp\/v2\/categories?post=588703"},{"taxonomy":"post_tag","embeddable":true,"href":"https:\/\/www.europesays.com\/es\/wp-json\/wp\/v2\/tags?post=588703"}],"curies":[{"name":"wp","href":"https:\/\/api.w.org\/{rel}","templated":true}]}}