{"id":588751,"date":"2026-06-04T23:47:17","date_gmt":"2026-06-04T23:47:17","guid":{"rendered":"https:\/\/www.europesays.com\/es\/588751\/"},"modified":"2026-06-04T23:47:17","modified_gmt":"2026-06-04T23:47:17","slug":"triple-debut-txuri-urdin-con-la-absoluta-de-espana","status":"publish","type":"post","link":"https:\/\/www.europesays.com\/es\/588751\/","title":{"rendered":"Triple debut txuri-urdin con la absoluta de Espa\u00f1a"},"content":{"rendered":"<p style=\"\">Oyarzabal, reservado ayer por De la Fuente, ser\u00e1 el \u00fanico representante de la Real en la expedici\u00f3n espa\u00f1ola en el Mundial pero en el \u00faltimo  &#8230; test antes de volar a Am\u00e9rica tres txuri-urdin debutaron con la absoluta de Espa\u00f1a en Riazor. Jon Mart\u00edn fue titular, Sergio G\u00f3mez entr\u00f3 al descanso y Turrientes jug\u00f3 la \u00faltima media hora en el empate ante Irak. <\/p>\n<p class=\"v-d-p\" style=\"\">El lasartearra se convierte a sus 20 a\u00f1os reci\u00e9n cumplidos en el tercer realista m\u00e1s joven de la historia en debutar con la selecci\u00f3n espa\u00f1ola absoluta despu\u00e9s de Oyarzabal -19 a\u00f1os, un mes y ocho d\u00edas- y L\u00f3pez Ufarte -19 a\u00f1os, cinco meses y dos d\u00edas. Junto a Laporte en el eje de la zaga, demostr\u00f3 su poder\u00edo a\u00e9reo completando unos 58 minutos aseados, aunque en el gol de Irak no encima del todo a Doski antes de que su centro-chut se le escurriera a Joan Garc\u00eda.<\/p>\n<p><img decoding=\"async\" loading=\"lazy\" src=\"https:\/\/www.europesays.com\/es\/wp-content\/uploads\/2026\/06\/newspaint-1780610424755-1200x840-U201305251745vlF--680x476@Diario Vasco.jpg\" class=\"v-a-img\" width=\"680\" height=\"478\" alt=\"\" data-voc-vtm-id=\"in-text-traffic\"\/><\/p>\n<p class=\"v-d-p\" style=\"\">El centrocampista beasaindarra vio premiada ayer su resiliencia durante la \u00e9poca de Imanol y Sergio Francisco y, sobre todo, su portentoso final de temporada cuando Matarazzo le dio las llaves del centro del campo, con el debut en la selecci\u00f3n espa\u00f1ola despu\u00e9s de haber sido pieza fundamental en la sub-21 en los \u00faltimos a\u00f1os. Sergio G\u00f3mez, campe\u00f3n ol\u00edmpico y que ha ido escalando por todas las divisiones inferiores de Espa\u00f1a, tambi\u00e9n puso el colof\u00f3n final a su temporada con sus primeros minutos con la camiseta de la selecci\u00f3n absoluta.<\/p>\n<p class=\"v-d-p\" style=\"\">Los 26 convocados pondr\u00e1n rumbo ya al Mundial -el martes \u00faltimo test ante Per\u00fa, ya en M\u00e9xico- y Jon Mart\u00edn, Turrientes y Sergio G\u00f3mez inician su periodo de vacaciones hasta que el 4 de julio arranque la pretemporada de una nueva temporada exigente con la Real.<\/p>\n","protected":false},"excerpt":{"rendered":"Oyarzabal, reservado ayer por De la Fuente, ser\u00e1 el \u00fanico representante de la Real en la expedici\u00f3n espa\u00f1ola&hellip;\n","protected":false},"author":2,"featured_media":588752,"comment_status":"","ping_status":"","sticky":false,"template":"","format":"standard","meta":{"footnotes":""},"categories":[268],"tags":[9679,168,25,24,280,282,448,2650,1928,1730,39364,281,23,167,619],"class_list":["post-588751","post","type-post","status-publish","format-standard","has-post-thumbnail","category-futbol","tag-debutar","tag-deportes","tag-es","tag-espana","tag-football","tag-futbol","tag-historia","tag-jon","tag-joven","tag-martin","tag-realista","tag-soccer","tag-spain","tag-sports","tag-tercer"],"share_on_mastodon":{"url":"https:\/\/pubeurope.com\/@es\/116694512340201291","error":""},"_links":{"self":[{"href":"https:\/\/www.europesays.com\/es\/wp-json\/wp\/v2\/posts\/588751","targetHints":{"allow":["GET"]}}],"collection":[{"href":"https:\/\/www.europesays.com\/es\/wp-json\/wp\/v2\/posts"}],"about":[{"href":"https:\/\/www.europesays.com\/es\/wp-json\/wp\/v2\/types\/post"}],"author":[{"embeddable":true,"href":"https:\/\/www.europesays.com\/es\/wp-json\/wp\/v2\/users\/2"}],"replies":[{"embeddable":true,"href":"https:\/\/www.europesays.com\/es\/wp-json\/wp\/v2\/comments?post=588751"}],"version-history":[{"count":0,"href":"https:\/\/www.europesays.com\/es\/wp-json\/wp\/v2\/posts\/588751\/revisions"}],"wp:featuredmedia":[{"embeddable":true,"href":"https:\/\/www.europesays.com\/es\/wp-json\/wp\/v2\/media\/588752"}],"wp:attachment":[{"href":"https:\/\/www.europesays.com\/es\/wp-json\/wp\/v2\/media?parent=588751"}],"wp:term":[{"taxonomy":"category","embeddable":true,"href":"https:\/\/www.europesays.com\/es\/wp-json\/wp\/v2\/categories?post=588751"},{"taxonomy":"post_tag","embeddable":true,"href":"https:\/\/www.europesays.com\/es\/wp-json\/wp\/v2\/tags?post=588751"}],"curies":[{"name":"wp","href":"https:\/\/api.w.org\/{rel}","templated":true}]}}