{"id":58881,"date":"2025-08-19T22:27:34","date_gmt":"2025-08-19T22:27:34","guid":{"rendered":"https:\/\/www.europesays.com\/es\/58881\/"},"modified":"2025-08-19T22:27:34","modified_gmt":"2025-08-19T22:27:34","slug":"esta-casa-en-marbella-de-670-m2-tiene-las-paredes-de-cristal-mas-espectaculares-para-transformar-el-exterior-en-una-estancia-mas","status":"publish","type":"post","link":"https:\/\/www.europesays.com\/es\/58881\/","title":{"rendered":"\u200bEsta casa en Marbella de 670 m2 tiene las paredes de cristal m\u00e1s espectaculares para transformar el exterior en una estancia m\u00e1s"},"content":{"rendered":"<p id=\"elFior4kWE\" data-wc=\"89\">Situada en una urbanizaci\u00f3n exclusiva de Marbella y con vistas al Pe\u00f1\u00f3n de Gibraltar, esta vivienda de 670 m2 y cerca de 2.000 m2 de parcela, que incluye una piscina, <strong>renueva<\/strong> el<strong>\u00a0concepto de hogar<\/strong>, logrando una <a class=\"hm-link\" href=\"https:\/\/www.hola.com\/decoracion\/20250320821305\/10-rincones-acogedores-casa-refugio-paz-bienestar-lm\/\" data-mrf-recirculation=\"article-body-link\" rel=\"nofollow noopener\" target=\"_blank\">casa-refugio moderna<\/a>. Proyectada por el estudio de arquitectura<strong>\u00a0Nomarq<\/strong> y con <strong>interiorismo de BANNI<\/strong>, la distribuci\u00f3n de los espacios, el empleo de materiales y tejidos naturales, el uso de colores neutros y la fuerte presencia del paisaje ofrecen una nueva manera de habitar, que invita al disfrute, el descanso y la inspiraci\u00f3n.<\/p>\n<p id=\"erv2eq8IUko\" data-wc=\"43\">\u00a0\u201cEste proyecto no es solo una casa. Es un manifiesto sobre <strong>c\u00f3mo vivir mejor,<\/strong> rodeados de luz, belleza y conexi\u00f3n con lo esencial. Una fuente inagotable de ideas para redise\u00f1ar no solo el hogar, sino tambi\u00e9n el modo de habitarlo\u201d, se\u00f1alan desde BANNi.<\/p>\n<p>  <img src=\"https:\/\/www.europesays.com\/es\/wp-content\/uploads\/2025\/08\/188900b1dea6-salon-comedor-inhabit-fla32-da-web-22.jpg\"   width=\"1920\" height=\"1080\" loading=\"lazy\" decoding=\"async\" alt=\"Sal\u00f3n comedor con mesa de madera XL, columnas, techo de hormig\u00f3n, tabiques de cristal, cortinas beiges y l\u00e1mparas de techo sobre la mesa \" fetchpriority=\"auto\" class=\"image ho-image\"\/>\u00a9 BANNI<\/p>\n<p> Paredes de cristal\u00a0<\/p>\n<p id=\"eOgeBiUmEU\">Las <strong>grandes\u00a0<\/strong><a class=\"hm-link\" href=\"https:\/\/www.hola.com\/decoracion\/2017022291803\/ventanas-y-cerramientos\/\" data-mrf-recirculation=\"article-body-link\" rel=\"nofollow noopener\" target=\"_blank\">cristaleras<\/a><strong>\u00a0<\/strong>que recorren casi toda la vivienda no son solo un recurso est\u00e9tico, son una aut\u00e9ntica declaraci\u00f3n de intenciones. La casa <strong>se abre<\/strong> por completo al <strong>paisaje<\/strong>, permitiendo que la <strong>luz<\/strong> ba\u00f1e cada rinc\u00f3n sin interrupciones, logrando sensaci\u00f3n de <strong>amplitud<\/strong> y libertad. Sin olvidar, esa conexi\u00f3n con la naturaleza, que proporciona frescura y vitalidad, especialmente cuando hace buen tiempo.\u00a0<\/p>\n<p id=\"e6L4QVCaz3\">Una idea que puede trasladarse a cualquier hogar, se\u00f1alan desde BANNI, \u00abapostando por ventanales amplios, <strong>cortinas vaporosas<\/strong> y <strong>materiales<\/strong> que <strong>reflejen<\/strong> la claridad\u00bb.\u00a0<\/p>\n<p>  <img src=\"https:\/\/www.europesays.com\/es\/wp-content\/uploads\/2025\/08\/b57190651c8c-salon-inhabit-fla32-da-web-17.jpg\"   width=\"1920\" height=\"1080\" loading=\"lazy\" decoding=\"async\" alt=\"Sal\u00f3n con sof\u00e1s blancos, alfombra redonda blanca, techo de hormig\u00f3n, pared de madera, mesa de centro de madera, tabiques de cristal \" fetchpriority=\"auto\" class=\"image ho-image\"\/>\u00a9 BANNI<\/p>\n<p> Sal\u00f3n con rinc\u00f3n de lectura<\/p>\n<p id=\"edF8eIDHt9\">El interiorismo de BANNI apuesta por una paleta crom\u00e1tica neutra y atemporal donde cada elemento suma sin restar. Si fuera de la vivienda, el verde es el color dominante, dentro, los<strong>\u00a0tonos claros\u00a0<\/strong>y las<strong>\u00a0texturas naturales\u00a0<\/strong>son la clave de ese confort sereno. <a class=\"hm-link\" href=\"https:\/\/www.hola.com\/decoracion\/20241118730052\/claves-utilizar-color-blanco-interiorismo-casa\/\" data-mrf-recirculation=\"article-body-link\" rel=\"nofollow noopener\" target=\"_blank\">Blancos rotos<\/a>, <strong>maderas c\u00e1lidas<\/strong>, <strong>piedra<\/strong> vista y <strong>tejidos<\/strong> que invitan al <strong>tacto<\/strong>.\u00a0<\/p>\n<p id=\"etsZzzxrc_\">Destacan los <strong>sof\u00e1s blancos<\/strong>, la gran <strong>alfombra redonda<\/strong> o la <strong>mesa de centro<\/strong> en roble claro. A su lado, las <strong>butacas escult\u00f3ricas<\/strong> en los mismo tonos dise\u00f1an un agradable y estiloso rinc\u00f3n de lectura o relax, con dos l\u00e1mparas de pie. Ambos ambientes son una demostraci\u00f3n de \u00abc\u00f3mo el mobiliario puede ser protagonista, sin imponerse\u00bb.\u00a0<\/p>\n<p>  <img src=\"https:\/\/www.europesays.com\/es\/wp-content\/uploads\/2025\/08\/a1245a1990c8-salon-comedor-cocina-inhabit-fla32-da-web-23.jpg\"   width=\"1920\" height=\"1080\" loading=\"lazy\" decoding=\"async\" alt=\"Espacio \u00fanico que alberga sal\u00f3n, comedor y cocina, con techo de hormig\u00f3n, pared de madera, columnas y tabiques de cristal \" fetchpriority=\"auto\" class=\"image ho-image\"\/>\u00a9 BANNI<\/p>\n<p> Espacio com\u00fan abierto al exterior<\/p>\n<p id=\"e4ekHBVSnMH\">Una distribuci\u00f3n flexible y abierta, tanto al exterior como a las estancias interiores, es la clave de una <strong>casa<\/strong> dise\u00f1ada para hacer m\u00e1s sencilla y <strong>agradable<\/strong> la <strong>vida<\/strong> de sus <strong>habitantes<\/strong>, disfrutando, al mismo tiempo, del <strong>paisaje<\/strong> y la <strong>luz natural.\u00a0<\/strong><\/p>\n<p id=\"eUcBXOJCi0\"><a class=\"hm-link\" href=\"https:\/\/www.hola.com\/decoracion\/20250703841624\/ideas-arquitecta-claves-decorar-salon-comedor-lm\/\" data-mrf-recirculation=\"article-body-link\" rel=\"nofollow noopener\" target=\"_blank\">Sal\u00f3n, comedor\u00a0y cocina<\/a> comparten espacio, sin necesidad de particiones, generando una <strong>mayor<\/strong> <strong>amplitud,\u00a0<\/strong>que se refuerza con <strong>techos continuos<\/strong> y <strong>pavimentos homog\u00e9neos<\/strong>. Para recrear esa sensaci\u00f3n basta con \u00absimplificar distribuciones, eliminar elementos superfluos y jugar con la continuidad visual\u00bb, se\u00f1alan desde BANNI.\u00a0<\/p>\n<p>  <img src=\"https:\/\/www.europesays.com\/es\/wp-content\/uploads\/2025\/08\/0671203b09ec-comedor-inhabit-fla32-da-web-20.jpg\"   width=\"1920\" height=\"1080\" loading=\"lazy\" decoding=\"async\" alt=\"Comedor con mesa XL de madera, sillas tapizadas en beige, l\u00e1mparas de techo sobre la mesa, pared de armarios de madera \" fetchpriority=\"auto\" class=\"image ho-image\"\/>\u00a9 BANNI<\/p>\n<p> Alrededor de la mesa<\/p>\n<p id=\"e_VzKuObYWP\">Una <a class=\"hm-link\" href=\"https:\/\/www.hola.com\/decoracion\/20250121741139\/mesas-de-comedor-diseno-espectacular-am\/\" data-mrf-recirculation=\"article-body-link\" rel=\"nofollow noopener\" target=\"_blank\">impresionante mesa<\/a> de madera, para 12 comensales, preside el comedor. Un espacio pensado para disfrutar con familia y amigos, ya que sus dimensiones facilitan tanto la vida diaria como la celebraci\u00f3n de grandes reuniones. Como el resto de las estancias de la casa, cuenta con abundante<strong>\u00a0l<\/strong><strong>uz natural,\u00a0<\/strong>que se complementa con varias <strong>l\u00e1mparas de techo<\/strong>, a modo de escultura, distribuidas por la superficie del sobre.\u00a0<\/p>\n<p id=\"eJdKIqtws_v\">Como forma parte de la cocina, su pared m\u00e1s cercana est\u00e1 formada por armarios de madera de suelo a techo. Un dise\u00f1o que a\u00fana funcionalidad y belleza.\u00a0<\/p>\n<p>  <img src=\"https:\/\/www.europesays.com\/es\/wp-content\/uploads\/2025\/08\/5f747d9d9a97-isla-de-cocina-inhabit-fla32-da-web-25.jpg\"   width=\"1920\" height=\"1080\" loading=\"lazy\" decoding=\"async\" alt=\"Isla de cocina con zona de barra con taburetes alto, l\u00e1mparas de techo, tabiques de cristal, techo de hormig\u00f3n y cortinas beiges\" fetchpriority=\"auto\" class=\"image ho-image\"\/>\u00a9 BANNI<\/p>\n<p> Cocina con comedor<\/p>\n<p id=\"ed5SC0SqUtu\">La <a class=\"hm-link\" href=\"https:\/\/www.hola.com\/decoracion\/20230928240171\/ideas-para-crear-una-zona-de-comedor-en-la-cocina-ms\/\" data-mrf-recirculation=\"article-body-link\" rel=\"nofollow noopener\" target=\"_blank\">cocina<\/a> comparte espacio con el <strong>comedor<\/strong>, situando la<strong>\u00a0isla central\u00a0<\/strong>en <strong>l\u00ednea<\/strong> con la <strong>mesa<\/strong>, provocando el efecto de uni\u00f3n y de armon\u00eda. Ambos <strong>elementos<\/strong> comparten <strong>materiales<\/strong> y <strong>colores<\/strong>, lo que contribuye a\u00fan m\u00e1s a esa <strong>sensaci\u00f3n de conjunt<\/strong><strong>o<\/strong>. Nuevamente hay que destacar el papel de los grandes ventanales, que aqu\u00ed envuelven el interior, creando el mejor cuadro posible. \u00a0<\/p>\n<p>  <img src=\"https:\/\/www.europesays.com\/es\/wp-content\/uploads\/2025\/08\/95f250f4f7bb-cocina-con-isla-inhabit-fla32-da-web-24.jpg\"   width=\"1920\" height=\"1080\" loading=\"lazy\" decoding=\"async\" alt=\"Cocina con isla de madera, armarios de cocina hasta el techo, a modo de tabique. techo de hormig\u00f3n, focos en el techo\" fetchpriority=\"auto\" class=\"image ho-image\"\/>\u00a9 BANNI<\/p>\n<p> Isla central XL<\/p>\n<p id=\"eHC_DwxeICT\">Situada en l\u00ednea con el comedor, una gran<strong>\u00a0<\/strong><a class=\"hm-link\" href=\"https:\/\/www.hola.com\/decoracion\/20230209226074\/islas-cocina-planificacion-mc\/\" data-mrf-recirculation=\"article-body-link\" rel=\"nofollow noopener\" target=\"_blank\">isla de cocina\u00a0<\/a>XL, que alberga zona de trabajo y tambi\u00e9n de barra de desayunos con taburetes, es la protagonista del espacio con permiso del frente de armarios de madera que va de pared a pared y de suelo a techo. Esta soluci\u00f3n ofrece, por un lado, <strong>capacidad de almacenaje\u00a0<\/strong>y sensaci\u00f3n de orden, y, por otro, un plus de <strong>calidez<\/strong> y un punto de <strong>conexi\u00f3n<\/strong> con el <strong>entorno<\/strong>, gracias al empleo de la <strong>madera<\/strong>. Nuevamente los ventanales, vestidos con cortinas ligeras, son parte importante del ambiente.\u00a0<\/p>\n<p>  <img src=\"https:\/\/www.europesays.com\/es\/wp-content\/uploads\/2025\/08\/cb65262d9f60-dormitorio-nhabit-fla32-da-web-3.jpg\"   width=\"1920\" height=\"1080\" loading=\"lazy\" decoding=\"async\" alt=\"Dormitorio con salida al jard\u00edn, gran ventanal y cortinas beiges, armario de madera, ropa de cama verde oliva, techo de hormig\u00f3n \" fetchpriority=\"auto\" class=\"image ho-image\"\/>\u00a9 BANNI<\/p>\n<p> Dormitorio con salida al jard\u00edn<\/p>\n<p id=\"elc0uhROxqj\">En esta vivienda de Marbella, el di\u00e1logo entre interior y exterior es constante. \u00abUno de los elementos m\u00e1s inspiradores de este proyecto es c\u00f3mo se <strong>diluye<\/strong> la <strong>frontera<\/strong> entre <a class=\"hm-link\" href=\"https:\/\/www.hola.com\/decoracion\/20230608232869\/claves-conectar-ambientes-exterior-am\/\" data-mrf-recirculation=\"article-body-link\" rel=\"nofollow noopener\" target=\"_blank\">dentro y fuera<\/a>. Un recordatorio de que el entorno tambi\u00e9n forma parte del dise\u00f1o\u00bb, apuntan desde BANNI.<\/p>\n<p id=\"ejBGlgbZFyX\">Este dormitorio se abre a un <strong>patio ajardinado<\/strong>, de forma que al correrse los ventanales (otra vez protagonistas) son un mismo espacio. La madera de los armarios, los <strong>tejidos naturales<\/strong> de las cortinas y la ropa de cama en <strong>color<\/strong> <strong>verde\u00a0<\/strong>oliva favorecen una uni\u00f3n en armon\u00eda.\u00a0<\/p>\n<p>  <img src=\"https:\/\/www.europesays.com\/es\/wp-content\/uploads\/2025\/08\/d6fe0f1904f4-dormitorio-inhabit-fla32-da-web-9.jpg\"   width=\"1920\" height=\"1080\" loading=\"lazy\" decoding=\"async\" alt=\"Dormitorio con pared de madera, cama con cabecero tapizado, ropa de cama blanca, cortinas beiges y gran ventanal con vistas al jard\u00edn \" fetchpriority=\"auto\" class=\"image ho-image\"\/>\u00a9 BANNI<\/p>\n<p> Habitaci\u00f3n con vistas<\/p>\n<p id=\"emkVS7viig-\">Lo hemos dicho, en esta espectacular casa de la Costa del Sol, cuyo interiorismo firma BANNI, el exterior se cuela dentro, de manera que forma parte de la estancia. Tal y como ocurre en otro de los <strong>dormitorios<\/strong>, donde el gran ventanal permite el di\u00e1logo directo entre ambos.<\/p>\n<p id=\"eSWDkgCLIa\">\u00a0Ademas, los <strong>materiales naturales<\/strong>, como la madera o el tejido de las cortinas, y el uso de una <a class=\"hm-link\" href=\"https:\/\/www.hola.com\/decoracion\/20190725146450\/decorar-casa-tonos-neutros\/\" data-mrf-recirculation=\"article-body-link\" rel=\"nofollow noopener\" target=\"_blank\">paleta crom\u00e1tica neutra<\/a>, dos de las se\u00f1as de identidad de la decoraci\u00f3n, ayudan a crear una <strong>atm\u00f3sfera c\u00e1lida<\/strong> y agradable, perfecta para el <strong>descanso<\/strong>. Sin olvidar, el placer de despertarse con estas vistas. \u00a0<\/p>\n<p>  <img src=\"https:\/\/www.europesays.com\/es\/wp-content\/uploads\/2025\/08\/87fb21d4b87d-bano-inhabit-fla32-da-web-6.jpg\"   width=\"1920\" height=\"1080\" loading=\"lazy\" decoding=\"async\" alt=\"Ba\u00f1o con ducha y mampara, a modo cabina de cristal, con revestimiento blanco y grifer\u00eda negra\" fetchpriority=\"auto\" class=\"image ho-image\"\/>\u00a9 BANNi<\/p>\n<p> Ba\u00f1o con ducha\u00a0<\/p>\n<p id=\"eCSRvcda46r\">A modo de cabina, la <strong>ducha<\/strong> se independiza con una <a class=\"hm-link\" href=\"https:\/\/www.hola.com\/decoracion\/20250218814817\/mampara-ducha-ideal-bano-comodo-moderno-lm\/\" data-mrf-recirculation=\"article-body-link\" rel=\"nofollow noopener\" target=\"_blank\">mampara<\/a> con finos perfiles, a juego con los colgadores y la grifer\u00eda, que destacan sobre el revestimiento y el sanitario claros. Una <strong>soluci\u00f3n<\/strong> muy <strong>pr\u00e1ctica<\/strong> en el d\u00eda a d\u00eda, que no resta metros visuales y convierte el ba\u00f1o en un <strong>espacio de relax<\/strong>, con esp\u00edritu de spa.\u00a0<\/p>\n<p id=\"esZIYJSgHdW\">Al igual que ocurr\u00eda en la cocina, los <strong>armarios<\/strong> se <strong>camuflan<\/strong> en las paredes, favoreciendo un ambiente en orden, donde no hay nada a la vista.\u00a0<\/p>\n<p>  <img src=\"https:\/\/www.europesays.com\/es\/wp-content\/uploads\/2025\/08\/96377bc8f52b-terraza-inhabitat-fla32-web-51.jpg\"   width=\"1920\" height=\"1080\" loading=\"lazy\" decoding=\"async\" alt=\"Casa con piscina con fachada de cristal, sal\u00f3n de exterior con sof\u00e1s y alfombra, c\u00e9sped e iluminaci\u00f3n exterior\" fetchpriority=\"auto\" class=\"image ho-image\"\/>\u00a9 BANNI<\/p>\n<p> Vida al aire libre<\/p>\n<p id=\"eeyzbLVPliS\">Fuera de la casa, la <strong>piscina<\/strong> ayuda a crear una zona al aire libre llena de encanto, donde el paisaje crea el <strong>escenario perfecto<\/strong>. Junto a ella, un <a class=\"hm-link\" href=\"https:\/\/www.hola.com\/decoracion\/20250610837140\/salones-exterior-disfrutar-365-dias-lm\/\" data-mrf-recirculation=\"article-body-link\" rel=\"nofollow noopener\" target=\"_blank\">sal\u00f3n exterior<\/a>, vestido a imagen y semejanza del estar interior, proporciona un <strong>lugar de relax<\/strong> y de <strong>reuni\u00f3n<\/strong>.\u00a0<\/p>\n<p id=\"eG0xjAlytgd\">La <strong>sencillez<\/strong> visual, los <strong>colores neutro<\/strong><strong>s<\/strong>, la alfombra que delimita y los sof\u00e1s modulares vuelven a ser protagonistas. Tampoco podemos pasar por alto, la <strong>iluminaci\u00f3n<\/strong> <strong>del jard\u00edn<\/strong> y la luz de dentro de casa que vemos por las ventanas.\u00a0<\/p>\n<p>  <img src=\"https:\/\/www.europesays.com\/es\/wp-content\/uploads\/2025\/08\/f14a4d416fac-jardin-inhabitat-fla32-web-26.jpg\"   width=\"1920\" height=\"1080\" loading=\"lazy\" decoding=\"async\" alt=\"P\u00e9rgola con zona de comedor exterior, zona de relax con tumbonas y sal\u00f3n \" fetchpriority=\"auto\" class=\"image ho-image\"\/>\u00a9 BANNi<\/p>\n<p> Junto a la piscina<\/p>\n<p id=\"ePUFnKNMklv\">Rodeados de plantas y junto a la piscina, se han establecido<strong>\u00a0tres zonas<\/strong> para la vida al aire libre. As\u00ed, <a class=\"hm-link\" href=\"https:\/\/www.hola.com\/decoracion\/20250618837109\/comedor-verano-ideas-aire-libre-estilo-am\/\" data-mrf-recirculation=\"article-body-link\" rel=\"nofollow noopener\" target=\"_blank\">comedor de verano<\/a>, <strong>zona de relax\u00a0<\/strong>con tumbonas y <strong>sal\u00f3n exterior<\/strong> comparten decoraci\u00f3n, colores y ubicaci\u00f3n, protegidos del sol y otras inclemencias. Para aprovechar mejor el espacio, se ha optado por una mesa de comedor redonda, que permite mayor n\u00famero de comensales, sin restar metros.\u00a0<\/p>\n<p>  <img src=\"https:\/\/www.europesays.com\/es\/wp-content\/uploads\/2025\/08\/53502cf81a5d-garaje-nhabitat-fla32-web-37.jpg\"   width=\"1920\" height=\"1080\" loading=\"lazy\" decoding=\"async\" alt=\"Garaje con estanter\u00eda de madera que separa la zona de parking de una zona de descanso, maceta negra con planta alta, techo de hormig\u00f3n \" fetchpriority=\"auto\" class=\"image ho-image\"\/>\u00a9 BANNI<\/p>\n<p> M\u00e1s que un garaje<\/p>\n<p id=\"ecU8ouj7U9i\">No solemos incluir el <a class=\"hm-link\" href=\"https:\/\/www.hola.com\/decoracion\/20220208204189\/reforma-garaje-para-ganar-mas-espacio-casa-il\/\" data-mrf-recirculation=\"article-body-link\" rel=\"nofollow noopener\" target=\"_blank\">garaje<\/a> porque no suele ser un espacio especial, sino funcional y austero, decorativamente hablando. Sin embargo, en esta casa marbell\u00ed merece una menci\u00f3n, ya que se trata de una<strong>\u00a0estancia m\u00e1s<\/strong>, <strong>integrada<\/strong> visualmente con el resto de la <strong>vivienda<\/strong>. Esto es debido a sus materiales nobles, su iluminaci\u00f3n cuidada y su transparencia. Nos encanta ese &#8216;elemento barrera&#8217; que delimita el espacio y deja entrever una zona de descanso con chaise longue.\u00a0<\/p>\n","protected":false},"excerpt":{"rendered":"Situada en una urbanizaci\u00f3n exclusiva de Marbella y con vistas al Pe\u00f1\u00f3n de Gibraltar, esta vivienda de 670&hellip;\n","protected":false},"author":2,"featured_media":58882,"comment_status":"","ping_status":"","sticky":false,"template":"","format":"standard","meta":{"footnotes":""},"categories":[173],"tags":[229,233,231,230,8372,14046,232,253,234,146,147,25,24,23],"class_list":{"0":"post-58881","1":"post","2":"type-post","3":"status-publish","4":"format-standard","5":"has-post-thumbnail","7":"category-arte-y-diseno","8":"tag-arte","9":"tag-arte-y-diseno","10":"tag-arts","11":"tag-arts-and-design","12":"tag-decoracion","13":"tag-decoracion-de-interiores","14":"tag-design","15":"tag-discover","16":"tag-diseno","17":"tag-entertainment","18":"tag-entretenimiento","19":"tag-es","20":"tag-espana","21":"tag-spain"},"share_on_mastodon":{"url":"","error":""},"_links":{"self":[{"href":"https:\/\/www.europesays.com\/es\/wp-json\/wp\/v2\/posts\/58881","targetHints":{"allow":["GET"]}}],"collection":[{"href":"https:\/\/www.europesays.com\/es\/wp-json\/wp\/v2\/posts"}],"about":[{"href":"https:\/\/www.europesays.com\/es\/wp-json\/wp\/v2\/types\/post"}],"author":[{"embeddable":true,"href":"https:\/\/www.europesays.com\/es\/wp-json\/wp\/v2\/users\/2"}],"replies":[{"embeddable":true,"href":"https:\/\/www.europesays.com\/es\/wp-json\/wp\/v2\/comments?post=58881"}],"version-history":[{"count":0,"href":"https:\/\/www.europesays.com\/es\/wp-json\/wp\/v2\/posts\/58881\/revisions"}],"wp:featuredmedia":[{"embeddable":true,"href":"https:\/\/www.europesays.com\/es\/wp-json\/wp\/v2\/media\/58882"}],"wp:attachment":[{"href":"https:\/\/www.europesays.com\/es\/wp-json\/wp\/v2\/media?parent=58881"}],"wp:term":[{"taxonomy":"category","embeddable":true,"href":"https:\/\/www.europesays.com\/es\/wp-json\/wp\/v2\/categories?post=58881"},{"taxonomy":"post_tag","embeddable":true,"href":"https:\/\/www.europesays.com\/es\/wp-json\/wp\/v2\/tags?post=58881"}],"curies":[{"name":"wp","href":"https:\/\/api.w.org\/{rel}","templated":true}]}}